{"id":31244,"date":"2022-08-23T06:00:00","date_gmt":"2022-08-23T04:00:00","guid":{"rendered":"https:\/\/www.opinionpublica.tv\/portada\/2022\/08\/23\/matan-al-periodista-numero-15-en-mexico-en-2022-se-trata-de-fredid-roman-de-guerrero\/"},"modified":"2022-08-23T06:00:00","modified_gmt":"2022-08-23T04:00:00","slug":"matan-al-periodista-numero-15-en-mexico-en-2022-se-trata-de-fredid-roman-de-guerrero","status":"publish","type":"post","link":"https:\/\/www.opinionpublica.tv\/portada\/matan-al-periodista-numero-15-en-mexico-en-2022-se-trata-de-fredid-roman-de-guerrero\/","title":{"rendered":"Matan al periodista n\u00famero 15 en M\u00e9xico en 2022; se trata de Fredid Rom\u00e1n, de Guerrero"},"content":{"rendered":"<p><img fetchpriority=\"high\" decoding=\"async\" class=\" size-full wp-image-31243\" src=\"https:\/\/www.opinionpublica.tv\/portada\/wp-content\/uploads\/2022\/08\/05aedbd9fcf642ec3c02eab7b47c4967.jpg\" alt=\"\" class=\"caption\" title=\"El periodista Fredid Rom\u00e1n fue ejecutado en Chilpancingo, Guerrero.\" width=\"700\" height=\"454\" srcset=\"https:\/\/www.opinionpublica.tv\/portada\/wp-content\/uploads\/2022\/08\/05aedbd9fcf642ec3c02eab7b47c4967.jpg 700w, https:\/\/www.opinionpublica.tv\/portada\/wp-content\/uploads\/2022\/08\/05aedbd9fcf642ec3c02eab7b47c4967-300x195.jpg 300w\" sizes=\"(max-width: 700px) 100vw, 700px\" \/><br \/>\n<!--more--><\/p>\n<p style=\"text-align: justify;\"><em>Chilpancingo<\/em>.- Esta tarde fue asesinado en la capital de Guerrero el periodista Fredid Rom\u00e1n Rom\u00e1n, quien fue reportero y trabaj\u00f3 en medios locales.<\/p>\n<p style=\"text-align: justify;\">De acuerdo con las primeras versiones, el crimen ocurri\u00f3 alrededor de las 17:00 horas sobre la calle Valeriano Trujano, cerca del centro de Chilpancingo.<\/p>\n<p style=\"text-align: justify;\">Ser\u00eda el periodista n\u00famero 15 asesinado en M\u00e9xico en lo que va del a\u00f1o.<\/p>\n<p style=\"text-align: justify;\"><strong>Suman 15 periodistas asesinados en el 2022<\/strong><\/p>\n<p style=\"text-align: justify;\">A continuaci\u00f3n, un listado de los periodistas asesinados en lo que va de este 2022:<\/p>\n<p style=\"text-align: justify;\">&#8211; 10 de enero: Jos\u00e9 Luis Gamboa, en el Puerto de Veracruz.<\/p>\n<p style=\"text-align: justify;\">&#8211; 17 de enero. Margarito Mart\u00ednez, fotoperiodista asesinado en Tijuana, Baja California.<\/p>\n<p style=\"text-align: justify;\">&#8211; 23 de enero. Lourdes Maldonado, en Tijuana, Baja California.<\/p>\n<p style=\"text-align: justify;\">&#8211; 31 de enero. Roberto Toledo, Zit\u00e1cuaro, de Monitor Michoac\u00e1n, asesinado en Zit\u00e1cuaro, Michoac\u00e1n.<\/p>\n<p style=\"text-align: justify;\">&#8211; 10 de febrero. Heber L\u00f3pez fue atacado a balazos en Salina Cruz, ciudad portuaria de Oaxaca.<\/p>\n<p style=\"text-align: justify;\">&#8211; 24 de febrero. Jorge Camero, ultimado en Empalme, Sonora.<\/p>\n<p style=\"text-align: justify;\">&#8211; 4 de marzo. Juan Carlos Mu\u00f1iz asesinado en Fresnillo, Zacatecas.<\/p>\n<p style=\"text-align: justify;\">&#8211; 15 de marzo. Armando Linares, de Monitor Michoac\u00e1n, asesinato en Zit\u00e1cuaro, Michoac\u00e1n.<\/p>\n<p style=\"text-align: justify;\">&#8211; 5 de mayo. Luis Enrique Ram\u00edrez fue desaparecido y encontrado sin vida en Culiac\u00e1n, Sinaloa.<\/p>\n<p style=\"text-align: justify;\">&#8211; 9 de mayo. Yessenia Mollinedo y Sheila Johana Garc\u00eda Olivera, ambas del portal El Veraz, fueron asesinadas en Cosoleacaque, Veracruz.<\/p>\n<p style=\"text-align: justify;\">&#8211; 29 de junio. Antonio de la Cruz fue atacado afuera de su casa en Ciudad Victoria, Tamaulipas. Tambi\u00e9n fue asesinada su hija.<\/p>\n<p style=\"text-align: justify;\">&#8211; 2 de agosto. Ernesto M\u00e9ndez, asesinado en San Luis de La Paz, Guanajuato.<\/p>\n<p style=\"text-align: justify;\">&#8211; 16 de agosto. Juan Arj\u00f3n L\u00f3pez, director de la p\u00e1gina web \u201cA qu\u00e9 le temes\u201d, desapareci\u00f3 y fue localizado sin vida en San Luis R\u00edo Colorado, Sonora.<\/p>\n","protected":false},"excerpt":{"rendered":"","protected":false},"author":6,"featured_media":31243,"comment_status":"open","ping_status":"open","sticky":false,"template":"","format":"standard","meta":{"_acf_changed":false,"_monsterinsights_skip_tracking":false,"slim_seo":{"title":"Matan al periodista n\u00famero 15 en M\u00e9xico en 2022; se trata de Fredid Rom\u00e1n, de Guerrero - Opini\u00f3n P\u00fablica","description":"Chilpancingo .- Esta tarde fue asesinado en la capital de Guerrero el periodista Fredid Rom\u00e1n Rom\u00e1n, quien fue reportero y trabaj\u00f3 en medios locales. De acuerdo"},"footnotes":""},"categories":[3],"tags":[100],"class_list":["post-31244","post","type-post","status-publish","format-standard","has-post-thumbnail","hentry","category-principal","tag-violencia-contra-periodistas"],"acf":[],"_links":{"self":[{"href":"https:\/\/www.opinionpublica.tv\/portada\/wp-json\/wp\/v2\/posts\/31244","targetHints":{"allow":["GET"]}}],"collection":[{"href":"https:\/\/www.opinionpublica.tv\/portada\/wp-json\/wp\/v2\/posts"}],"about":[{"href":"https:\/\/www.opinionpublica.tv\/portada\/wp-json\/wp\/v2\/types\/post"}],"author":[{"embeddable":true,"href":"https:\/\/www.opinionpublica.tv\/portada\/wp-json\/wp\/v2\/users\/6"}],"replies":[{"embeddable":true,"href":"https:\/\/www.opinionpublica.tv\/portada\/wp-json\/wp\/v2\/comments?post=31244"}],"version-history":[{"count":0,"href":"https:\/\/www.opinionpublica.tv\/portada\/wp-json\/wp\/v2\/posts\/31244\/revisions"}],"wp:featuredmedia":[{"embeddable":true,"href":"https:\/\/www.opinionpublica.tv\/portada\/wp-json\/wp\/v2\/media\/31243"}],"wp:attachment":[{"href":"https:\/\/www.opinionpublica.tv\/portada\/wp-json\/wp\/v2\/media?parent=31244"}],"wp:term":[{"taxonomy":"category","embeddable":true,"href":"https:\/\/www.opinionpublica.tv\/portada\/wp-json\/wp\/v2\/categories?post=31244"},{"taxonomy":"post_tag","embeddable":true,"href":"https:\/\/www.opinionpublica.tv\/portada\/wp-json\/wp\/v2\/tags?post=31244"}],"curies":[{"name":"wp","href":"https:\/\/api.w.org\/{rel}","templated":true}]}}