{"id":30908,"date":"2022-07-23T06:00:00","date_gmt":"2022-07-23T04:00:00","guid":{"rendered":"https:\/\/www.opinionpublica.tv\/portada\/2022\/07\/23\/efemerides-23-de-julio-5\/"},"modified":"2022-07-23T06:00:00","modified_gmt":"2022-07-23T04:00:00","slug":"efemerides-23-de-julio-5","status":"publish","type":"post","link":"https:\/\/www.opinionpublica.tv\/portada\/efemerides-23-de-julio-5\/","title":{"rendered":"Efem\u00e9rides 23 de julio"},"content":{"rendered":"<img fetchpriority=\"high\" decoding=\"async\" class=\" size-full wp-image-30907\" src=\"https:\/\/www.opinionpublica.tv\/portada\/wp-content\/uploads\/2022\/07\/0f1e0e4d195bc20c5e6996a13a7566df.jpg\" alt=\"\" class=\"caption\" title=\"El \u2018Nautilus\u2019 fue el primer submarino nuclear de Estados Unidos.\" width=\"624\" height=\"351\" srcset=\"https:\/\/www.opinionpublica.tv\/portada\/wp-content\/uploads\/2022\/07\/0f1e0e4d195bc20c5e6996a13a7566df.jpg 624w, https:\/\/www.opinionpublica.tv\/portada\/wp-content\/uploads\/2022\/07\/0f1e0e4d195bc20c5e6996a13a7566df-300x169.jpg 300w\" sizes=\"(max-width: 624px) 100vw, 624px\" \/>\n<p style=\"text-align: justify;\">Un d\u00eda 23 de julio como hoy, pero de 1958.- El \u2018Nautilus\u2019, primer submarino nuclear estadounidense, sale de Pearl Harbor, en Haw\u00e1i, para realizar un viaje de 3,500 kil\u00f3metros a trav\u00e9s del Polo Norte hasta el Atl\u00e1ntico.<\/p>\n<p><!--more--><\/p>\n<p style=\"text-align: justify;\"><strong>M\u00e1s efem\u00e9rides<\/strong><\/p>\n<p style=\"text-align: justify;\">1773.- La ciudad de Guatemala queda destruida por un terremoto.<\/p>\n<p style=\"text-align: justify;\">1881.- Chile y Argentina firman un tratado para el reparto de Tierra de Fuego, contencioso que hab\u00eda enfrentado a ambos pa\u00edses durante a\u00f1os.<\/p>\n<p style=\"text-align: justify;\">1886.- Nace Salvador de Madariaga, escritor espa\u00f1ol.<\/p>\n<p style=\"text-align: justify;\">1906.- Matanzas contra jud\u00edos en Odessa (Rusia).<\/p>\n<p style=\"text-align: justify;\">1914.- Ultim\u00e1tum de Austria a Serbia por el atentado de Sarajevo, primer paso hacia la conflagraci\u00f3n europea.<\/p>\n<p style=\"text-align: justify;\">1920.- Nace Amalia Rodrigues, cantante de fados portuguesa.<\/p>\n<p style=\"text-align: justify;\">1930.- Terremotos en N\u00e1poles causan miles de muertos y heridos.<\/p>\n<p style=\"text-align: justify;\">1932.- Muere Alberto Santos Dumont, aviador brasile\u00f1o.<\/p>\n<p style=\"text-align: justify;\">1944.- Nace Mar\u00eda Joao Pires, pianista portuguesa.<\/p>\n<p style=\"text-align: justify;\">1948.- El peruano Daniel Cargio se convierte en el primer nadador en cruzar el estrecho de Gibraltar, en nueve horas y 20 minutos.<\/p>\n<p style=\"text-align: justify;\">1951.- Muere Philippe Petain, mariscal franc\u00e9s.<\/p>\n<p style=\"text-align: justify;\">1952.- Un golpe de estado contra el rey Faruk de Egipto, cuyo hijo de siete meses, Fuad, es nombrado nuevo rey. El general Ali Naguib preside el nuevo Gobierno militar.<\/p>\n<p style=\"text-align: justify;\">1962.- Nace Federico Franco G\u00f3mez, ex presidente de Paraguay.<\/p>\n<p style=\"text-align: justify;\">1966.- Muere Montgomery Clift, actor estadounidense.<\/p>\n<p style=\"text-align: justify;\">1967.- Refer\u00e9ndum en Puerto Rico, que ganan los partidarios del Estado Libre Asociado con EEUU.<\/p>\n<p style=\"text-align: justify;\">1973.- Un incendio en el edificio Avianca, el m\u00e1s alto de Bogot\u00e1, causa 40 muertos y 63 heridos graves.<\/p>\n<p style=\"text-align: justify;\">1973.- El presidente estadounidense, Richard Nixon, se niega a entregar las grabaciones que le implican en el \u00abcaso Watergate\u00bb.<\/p>\n<p style=\"text-align: justify;\">1983.- El rey de Espa\u00f1a, Juan Carlos I, firma en Venezuela la Declaraci\u00f3n de Caracas, con motivo del bicentenario del nacimiento de Sim\u00f3n Bol\u00edvar.<\/p>\n<p style=\"text-align: justify;\">1987.- Se conoce que EEUU suspende la ayuda econ\u00f3mica y militar a Panam\u00e1 para forzar la salida del general Manuel Antonio Noriega.<\/p>\n<p style=\"text-align: justify;\">1992.- Los dirigentes eslovaco y checo, Vladimir Meciar y Vaclav Klaus, acuerdan en Bratislava los t\u00e9rminos para la escisi\u00f3n de ambas rep\u00fablicas de Checoslovaquia.<\/p>\n<p style=\"text-align: justify;\">1994.- Golpe militar en Gambia, que derroca al presidente Dauda Jawara, sustituido un d\u00eda despu\u00e9s por el teniente Yaya Dieme.<\/p>\n<p style=\"text-align: justify;\">1995.- El espa\u00f1ol Miguel Indurain gana por quinta vez consecutiva el Tour de Francia.<\/p>\n<p style=\"text-align: justify;\">1999.- Muere el rey Hasan II de Marruecos de una neumon\u00eda aguda. Le sucede su hijo, Mohamed VI.<\/p>\n<p style=\"text-align: justify;\">1999.- El Consejo de Ministros aprueba un real decreto por el que se proh\u00edbe fumar en todos los vuelos comerciales con origen y destino en Espa\u00f1a, autobuses urbanos e interurbanos.<\/p>\n<p style=\"text-align: justify;\">2000.- Expulsado del Ej\u00e9rcito y puesto en libertad por orden militar el coronel Silvino Bustillos, detenido el 14 de julio tras denunciar al presidente venezolano Hugo Ch\u00e1vez por supuesta violaci\u00f3n de las leyes electorales.<\/p>\n<p style=\"text-align: justify;\">2000.- Muere Carmen Mart\u00edn Gaite, escritora espa\u00f1ola.<\/p>\n<p style=\"text-align: justify;\">2001.- El escritor mexicano Juan Garc\u00eda Ponce obtiene el IX Premio de Literatura Iberoamericana y del Caribe Juan Rulfo.<\/p>\n<p style=\"text-align: justify;\">2001.- La Asamblea Consultiva del Pueblo de Indonesia destituye al presidente Abdurrahman Wahid y nombra en su lugar a la vicepresidenta Magawati Sukarnoputri.<\/p>\n<p style=\"text-align: justify;\">2002.- El arzobispo de Gales, Rowan Williams, es elegido arzobispo de Canterbury.<\/p>\n<p style=\"text-align: justify;\">2002.- Muere Alberto Castillo, cantante argentino de tangos.<\/p>\n<p style=\"text-align: justify;\">2005.- Tras atentados con coches bomba causan 88 muertos, de ellos varios extranjeros, y m\u00e1s de 150 heridos en Sharm el Sheij (Egipto).<\/p>\n<p style=\"text-align: justify;\">2007.- Detienen en Figueira da Foz (Portugal) al atracador conocido como \u00abel Solitario\u00bb, acusado de 36 asaltos a bancos y de asesinar a tres polic\u00edas.<\/p>\n<p style=\"text-align: justify;\">2007.- Muere Muhamad Zahir Shah, \u00faltimo rey afgano.<\/p>\n<p style=\"text-align: justify;\">2008.- El Parlamento franc\u00e9s pone fin a las 35 horas de trabajo semanal diez a\u00f1os despu\u00e9s de su aprobaci\u00f3n.<\/p>\n<p style=\"text-align: justify;\">2010.- Muere Daniel Schorr, pionero del periodismo radiof\u00f3nico estadounidense.<\/p>\n<p style=\"text-align: justify;\">2011.- Muere Amy Winehouse, cantante brit\u00e1nica.<\/p>\n<p style=\"text-align: justify;\">2012.- Muere Rally Ride, primera mujer estadounidense que viaj\u00f3 al espacio.<\/p>\n<p style=\"text-align: justify;\">2013.- Muere Djalma Santos, ex futbolista brasile\u00f1o.<\/p>\n","protected":false},"excerpt":{"rendered":"<p>Un d\u00eda 23 de julio como hoy, pero de 1958.- El \u2018Nautilus\u2019, primer submarino nuclear estadounidense, sale de Pearl Harbor, en Haw\u00e1i, para realizar un viaje de 3,500 kil\u00f3metros a trav\u00e9s del Polo Norte hasta el Atl\u00e1ntico.<\/p>\n","protected":false},"author":6,"featured_media":30907,"comment_status":"open","ping_status":"open","sticky":false,"template":"","format":"standard","meta":{"_acf_changed":false,"_monsterinsights_skip_tracking":false,"slim_seo":{"title":"Efem\u00e9rides 23 de julio - Opini\u00f3n P\u00fablica","description":"Un d\u00eda 23 de julio como hoy, pero de 1958.- El \u2018Nautilus\u2019, primer submarino nuclear estadounidense, sale de Pearl Harbor, en Haw\u00e1i, para realizar un viaje de 3,"},"footnotes":""},"categories":[27],"tags":[],"class_list":["post-30908","post","type-post","status-publish","format-standard","has-post-thumbnail","hentry","category-un-dia-como-hoy"],"acf":[],"_links":{"self":[{"href":"https:\/\/www.opinionpublica.tv\/portada\/wp-json\/wp\/v2\/posts\/30908","targetHints":{"allow":["GET"]}}],"collection":[{"href":"https:\/\/www.opinionpublica.tv\/portada\/wp-json\/wp\/v2\/posts"}],"about":[{"href":"https:\/\/www.opinionpublica.tv\/portada\/wp-json\/wp\/v2\/types\/post"}],"author":[{"embeddable":true,"href":"https:\/\/www.opinionpublica.tv\/portada\/wp-json\/wp\/v2\/users\/6"}],"replies":[{"embeddable":true,"href":"https:\/\/www.opinionpublica.tv\/portada\/wp-json\/wp\/v2\/comments?post=30908"}],"version-history":[{"count":0,"href":"https:\/\/www.opinionpublica.tv\/portada\/wp-json\/wp\/v2\/posts\/30908\/revisions"}],"wp:featuredmedia":[{"embeddable":true,"href":"https:\/\/www.opinionpublica.tv\/portada\/wp-json\/wp\/v2\/media\/30907"}],"wp:attachment":[{"href":"https:\/\/www.opinionpublica.tv\/portada\/wp-json\/wp\/v2\/media?parent=30908"}],"wp:term":[{"taxonomy":"category","embeddable":true,"href":"https:\/\/www.opinionpublica.tv\/portada\/wp-json\/wp\/v2\/categories?post=30908"},{"taxonomy":"post_tag","embeddable":true,"href":"https:\/\/www.opinionpublica.tv\/portada\/wp-json\/wp\/v2\/tags?post=30908"}],"curies":[{"name":"wp","href":"https:\/\/api.w.org\/{rel}","templated":true}]}}