{"id":30784,"date":"2022-07-15T06:00:00","date_gmt":"2022-07-15T04:00:00","guid":{"rendered":"https:\/\/www.opinionpublica.tv\/portada\/2022\/07\/15\/francisco-acosta-ya-es-consejero-de-judicatura-de-chihuahua\/"},"modified":"2022-07-15T06:00:00","modified_gmt":"2022-07-15T04:00:00","slug":"francisco-acosta-ya-es-consejero-de-judicatura-de-chihuahua","status":"publish","type":"post","link":"https:\/\/www.opinionpublica.tv\/portada\/francisco-acosta-ya-es-consejero-de-judicatura-de-chihuahua\/","title":{"rendered":"Francisco Acosta ya es consejero de la Judicatura de Chihuahua"},"content":{"rendered":"<p><img fetchpriority=\"high\" decoding=\"async\" class=\" size-full wp-image-30783\" src=\"https:\/\/www.opinionpublica.tv\/portada\/wp-content\/uploads\/2022\/07\/a429c8ade12a325b106294414cad56db.jpg\" alt=\"\" class=\"caption\" title=\"Francisco Acosta representar\u00e1 al Poder Legislativo en la Judicatura de Chihuahua.\" width=\"768\" height=\"479\" srcset=\"https:\/\/www.opinionpublica.tv\/portada\/wp-content\/uploads\/2022\/07\/a429c8ade12a325b106294414cad56db.jpg 768w, https:\/\/www.opinionpublica.tv\/portada\/wp-content\/uploads\/2022\/07\/a429c8ade12a325b106294414cad56db-300x187.jpg 300w\" sizes=\"(max-width: 768px) 100vw, 768px\" \/><br \/>\n<!--more--><\/p>\n<p style=\"text-align: justify;\"><em>Chihuahua, Chih<\/em>.- La magistrada Myriam Hern\u00e1ndez Acosta, en su calidad de presidenta del Consejo de la Judicatura del Poder Judicial, convoc\u00f3 a sesi\u00f3n extraordinaria p\u00fablica al Pleno del Consejo en donde como primer punto del d\u00eda se llev\u00f3 la toma de protesta del doctor Francisco Acosta Molina, quien fuera designado como consejero representante del Poder Legislativo y que coordinar\u00e1 los trabajos de la comisi\u00f3n de vigilancia.<\/p>\n<p style=\"text-align: justify;\">Este consejo conformado por los magistrados Luis Villegas Montes, Filiberto Terrazas Padilla, por la Licda. Minerva Correa, designaci\u00f3n del Poder Ejecutivo, y ahora con la integraci\u00f3n del consejero, Dr. Francisco Acosta Molina, representante del Poder Legislativo del Estado estar\u00e1n en funciones hasta 2027.<\/p>\n<p style=\"text-align: justify;\">Por \u00faltimo, durante la sesi\u00f3n convocada se decret\u00f3 la clausura del primer periodo de sesiones del consejo comprendido del primer d\u00eda h\u00e1bil de enero hasta la primer quincena del mes de julio.<\/p>\n<p style=\"text-align: justify;\">As\u00ed mismo, se acord\u00f3 la autorizaci\u00f3n a la Comisi\u00f3n de Administraci\u00f3n y a la Comisi\u00f3n de Disciplina para el tr\u00e1mite de asuntos de Competencia del Consejo y de notoria urgencia durante el periodo vacacional.<\/p>\n","protected":false},"excerpt":{"rendered":"","protected":false},"author":6,"featured_media":30783,"comment_status":"open","ping_status":"open","sticky":false,"template":"","format":"standard","meta":{"_acf_changed":false,"_monsterinsights_skip_tracking":false,"slim_seo":{"title":"Francisco Acosta ya es consejero de la Judicatura de Chihuahua - Opini\u00f3n P\u00fablica","description":"Chihuahua, Chih .- La magistrada Myriam Hern\u00e1ndez Acosta, en su calidad de presidenta del Consejo de la Judicatura del Poder Judicial, convoc\u00f3 a sesi\u00f3n extraord"},"footnotes":""},"categories":[4],"tags":[690],"class_list":["post-30784","post","type-post","status-publish","format-standard","has-post-thumbnail","hentry","category-pulsopolitico","tag-consejo-de-la-judicatura-chihuahua"],"acf":[],"_links":{"self":[{"href":"https:\/\/www.opinionpublica.tv\/portada\/wp-json\/wp\/v2\/posts\/30784","targetHints":{"allow":["GET"]}}],"collection":[{"href":"https:\/\/www.opinionpublica.tv\/portada\/wp-json\/wp\/v2\/posts"}],"about":[{"href":"https:\/\/www.opinionpublica.tv\/portada\/wp-json\/wp\/v2\/types\/post"}],"author":[{"embeddable":true,"href":"https:\/\/www.opinionpublica.tv\/portada\/wp-json\/wp\/v2\/users\/6"}],"replies":[{"embeddable":true,"href":"https:\/\/www.opinionpublica.tv\/portada\/wp-json\/wp\/v2\/comments?post=30784"}],"version-history":[{"count":0,"href":"https:\/\/www.opinionpublica.tv\/portada\/wp-json\/wp\/v2\/posts\/30784\/revisions"}],"wp:featuredmedia":[{"embeddable":true,"href":"https:\/\/www.opinionpublica.tv\/portada\/wp-json\/wp\/v2\/media\/30783"}],"wp:attachment":[{"href":"https:\/\/www.opinionpublica.tv\/portada\/wp-json\/wp\/v2\/media?parent=30784"}],"wp:term":[{"taxonomy":"category","embeddable":true,"href":"https:\/\/www.opinionpublica.tv\/portada\/wp-json\/wp\/v2\/categories?post=30784"},{"taxonomy":"post_tag","embeddable":true,"href":"https:\/\/www.opinionpublica.tv\/portada\/wp-json\/wp\/v2\/tags?post=30784"}],"curies":[{"name":"wp","href":"https:\/\/api.w.org\/{rel}","templated":true}]}}