{"id":30778,"date":"2022-07-15T06:00:00","date_gmt":"2022-07-15T04:00:00","guid":{"rendered":"https:\/\/www.opinionpublica.tv\/portada\/2022\/07\/15\/alza-de-tasas-no-frena-la-solicitud-de-creditos-en-mexico\/"},"modified":"2022-07-15T06:00:00","modified_gmt":"2022-07-15T04:00:00","slug":"alza-de-tasas-no-frena-la-solicitud-de-creditos-en-mexico","status":"publish","type":"post","link":"https:\/\/www.opinionpublica.tv\/portada\/alza-de-tasas-no-frena-la-solicitud-de-creditos-en-mexico\/","title":{"rendered":"Alza de tasas de inter\u00e9s no frena la solicitud de cr\u00e9ditos"},"content":{"rendered":"<p><img fetchpriority=\"high\" decoding=\"async\" class=\" size-full wp-image-30777\" src=\"https:\/\/www.opinionpublica.tv\/portada\/wp-content\/uploads\/2022\/07\/dd4c38562a6542df04989c730d61d5fb.jpg\" alt=\"\" class=\"caption\" title=\"La cartera de cr\u00e9dito registr\u00f3 una variaci\u00f3n nominal anual de 9.2% durante mayo 2022.\" width=\"720\" height=\"540\" srcset=\"https:\/\/www.opinionpublica.tv\/portada\/wp-content\/uploads\/2022\/07\/dd4c38562a6542df04989c730d61d5fb.jpg 720w, https:\/\/www.opinionpublica.tv\/portada\/wp-content\/uploads\/2022\/07\/dd4c38562a6542df04989c730d61d5fb-300x225.jpg 300w\" sizes=\"(max-width: 720px) 100vw, 720px\" \/><br \/>\n<!--more--><\/p>\n<p style=\"text-align: justify;\"><em>Ciudad de M\u00e9xico<\/em>.- El incremento de la tasa de inter\u00e9s del Banco de M\u00e9xico (Banxico) y su impacto en la de productos financieros no ha frenado la demanda de cr\u00e9dito, asegur\u00f3 Eduardo Osuna, vicepresidente de la Asociaci\u00f3n de Bancos de M\u00e9xico (ABM).<\/p>\n<p style=\"text-align: justify;\">Lo que hoy estamos viendo en t\u00e9rminos del crecimiento del cr\u00e9dito es una buena demanda, principalmente de cr\u00e9dito nuevo, lo que tiene que ver con un periodo in\u00e9dito de la pandemia, donde hubo mucha demanda contenida de las empresas y de las familias\u201d, apunt\u00f3 en conferencia de prensa.<\/p>\n<p style=\"text-align: justify;\">De acuerdo con estad\u00edsticas de la organizaci\u00f3n, la cartera de cr\u00e9dito de la banca registr\u00f3 una variaci\u00f3n nominal anual de 9.2 por ciento durante mayo pasado con lo que lleg\u00f3 a 5 billones 826 mil millones de pesos.<\/p>\n<p style=\"text-align: justify;\">Adem\u00e1s, Rodrigo Brand, presidente ejecutivo del organismo, aclar\u00f3 que el avance del referencial no impacta directamente a las tasas de inter\u00e9s de los productos financieros. Aqu\u00ed te compartimos los pros y contras del alza en la tasa de inter\u00e9s.<\/p>\n<p style=\"text-align: justify;\">Debe quedar claro que el impacto no es uno a uno, porque tambi\u00e9n hay mucha competencia, lo que nos hace mantenernos competitivos\u201d.<\/p>\n<p style=\"text-align: justify;\">Las estad\u00edsticas de la organizaci\u00f3n indican que entre mayo de 2021 y el mismo mes de 2022, el banco central increment\u00f3 la tasa de fondeo tres puntos porcentuales; sin embargo, las tasas de los pr\u00e9stamos nuevos que se otorgan han aumentado en promedio uno por ciento.<\/p>\n<p style=\"text-align: justify;\">El cr\u00e9dito a empresas, por ejemplo, de mayo de 2021 a mayo de 2022 ha aumentado 1.64 puntos porcentuales, dado que su tasa de inter\u00e9s se ubica en 8.27 por ciento desde 6.63 por ciento; el cr\u00e9dito de n\u00f3mina, por su parte, aument\u00f3 1.48 puntos porcentuales al alcanzar una tasa de inter\u00e9s promedio de 27.45 por ciento desde 25.98 por ciento, siendo los productos financieros, los que m\u00e1s han resentido el ajuste.<\/p>\n<p style=\"text-align: justify;\">Las tarjetas de cr\u00e9dito tienen una tasa de inter\u00e9s promedio de 34.31 por ciento, un alza de 0.69 puntos porcentuales. El cr\u00e9dito automotriz, en cambio, se ubic\u00f3 en promedio en 12.49 por ciento, un incremento de 0.36 puntos porcentuales.<\/p>\n<p style=\"text-align: justify;\"><strong>Otros cr\u00e9ditos<\/strong><\/p>\n<p style=\"text-align: justify;\">La tasa de inter\u00e9s de los cr\u00e9ditos personales ha escalado 0.91 puntos porcentuales al ubicarse en 44.98 por ciento, mientras que la de vivienda se ha incrementado 0.16 puntos porcentuales al contar con una tasa de inter\u00e9s de 9.19 por ciento.<\/p>\n<p style=\"text-align: justify;\">Al d\u00eda de hoy pese al aumento en la tasa de referencia, las hipotecas se mantienen en tasas de un s\u00f3lo d\u00edgito, y a pesar del entorno en el que las tasas de inter\u00e9s suben no vemos impactos negativos, ni en la calidad de la cartera ni en la morosidad\u201d, se\u00f1al\u00f3 Brand.<\/p>\n<p style=\"text-align: justify;\">Osuna agreg\u00f3 que la banca no se preocupa por el hecho que la inflaci\u00f3n provoque que las personas dejen de pagar sus pr\u00e9stamos, dado que en t\u00e9rminos de impago \u201cel sistema financiero est\u00e1 viviendo uno de los momentos de m\u00e1s baja morosidad despu\u00e9s de una pandemia y el ciclo monetario\u201d.<\/p>\n<p style=\"text-align: justify;\">Consider\u00f3 que la mayor preocupaci\u00f3n es con la posible ca\u00edda del empleo si hay una desaceleraci\u00f3n, pero, si no, los niveles de morosidad estar\u00e1n estables, previ\u00f3.<\/p>\n<p style=\"text-align: justify;\"><strong>Atraer m\u00e1s inversiones<\/strong><\/p>\n<p style=\"text-align: justify;\">Daniel Becker, presidente de la ABM, quien se encuentra dentro de la comitiva que acompa\u00f1a al presidente Andr\u00e9s Manuel L\u00f3pez Obrador en su visita a Estados Unidos, destac\u00f3 que en las reuniones para atraer inversiones se ha demandado mayor certeza jur\u00eddica y reglas claras, adem\u00e1s de elementos de garant\u00eda para que la banca pueda otorgar l\u00edneas de cr\u00e9dito.<\/p>\n<p style=\"text-align: justify;\">\u201cLo que m\u00e1s se ha pedido es que las cosas se hagan r\u00e1pido, en tiempo y forma porque el momento es hoy y hay que aprovecharlo\u201d, se\u00f1al\u00f3. (Exc\u00e9lsior)<\/p>\n<p style=\"text-align: justify;\">\u00a0<\/p>\n","protected":false},"excerpt":{"rendered":"","protected":false},"author":6,"featured_media":30777,"comment_status":"open","ping_status":"open","sticky":false,"template":"","format":"standard","meta":{"_acf_changed":false,"_monsterinsights_skip_tracking":false,"slim_seo":{"title":"Alza de tasas de inter\u00e9s no frena la solicitud de cr\u00e9ditos - Opini\u00f3n P\u00fablica","description":"Ciudad de M\u00e9xico .- El incremento de la tasa de inter\u00e9s del Banco de M\u00e9xico (Banxico) y su impacto en la de productos financieros no ha frenado la demanda de cr"},"footnotes":""},"categories":[11],"tags":[726,727],"class_list":["post-30778","post","type-post","status-publish","format-standard","has-post-thumbnail","hentry","category-tendencias","tag-creditos-bancarios","tag-tasas-de-interes"],"acf":[],"_links":{"self":[{"href":"https:\/\/www.opinionpublica.tv\/portada\/wp-json\/wp\/v2\/posts\/30778","targetHints":{"allow":["GET"]}}],"collection":[{"href":"https:\/\/www.opinionpublica.tv\/portada\/wp-json\/wp\/v2\/posts"}],"about":[{"href":"https:\/\/www.opinionpublica.tv\/portada\/wp-json\/wp\/v2\/types\/post"}],"author":[{"embeddable":true,"href":"https:\/\/www.opinionpublica.tv\/portada\/wp-json\/wp\/v2\/users\/6"}],"replies":[{"embeddable":true,"href":"https:\/\/www.opinionpublica.tv\/portada\/wp-json\/wp\/v2\/comments?post=30778"}],"version-history":[{"count":0,"href":"https:\/\/www.opinionpublica.tv\/portada\/wp-json\/wp\/v2\/posts\/30778\/revisions"}],"wp:featuredmedia":[{"embeddable":true,"href":"https:\/\/www.opinionpublica.tv\/portada\/wp-json\/wp\/v2\/media\/30777"}],"wp:attachment":[{"href":"https:\/\/www.opinionpublica.tv\/portada\/wp-json\/wp\/v2\/media?parent=30778"}],"wp:term":[{"taxonomy":"category","embeddable":true,"href":"https:\/\/www.opinionpublica.tv\/portada\/wp-json\/wp\/v2\/categories?post=30778"},{"taxonomy":"post_tag","embeddable":true,"href":"https:\/\/www.opinionpublica.tv\/portada\/wp-json\/wp\/v2\/tags?post=30778"}],"curies":[{"name":"wp","href":"https:\/\/api.w.org\/{rel}","templated":true}]}}