{"id":30768,"date":"2022-07-15T06:00:00","date_gmt":"2022-07-15T04:00:00","guid":{"rendered":"https:\/\/www.opinionpublica.tv\/portada\/2022\/07\/15\/las-precampanas-de-morena-hacia-2024\/"},"modified":"2022-07-15T06:00:00","modified_gmt":"2022-07-15T04:00:00","slug":"las-precampanas-de-morena-hacia-2024","status":"publish","type":"post","link":"https:\/\/www.opinionpublica.tv\/portada\/las-precampanas-de-morena-hacia-2024\/","title":{"rendered":"Las precampa\u00f1as de Morena hacia 2024"},"content":{"rendered":"<img decoding=\"async\" class=\" size-full wp-image-30767\" src=\"https:\/\/www.opinionpublica.tv\/portada\/wp-content\/uploads\/2022\/07\/71106db6d89874d69904af12fb4e4b14.jpg\" alt=\"\" class=\"caption\" title=\"Luis Carlos Ugalde, ex presidente del IFE.\" width=\"270\" height=\"152\" \/>\n<p style=\"text-align: justify;\">Me parece algo bueno para la competencia pol\u00edtica y la lucha democr\u00e1tica que quienes aspiran a la presidencia de la Rep\u00fablica lo digan en p\u00fablico y argumenten sus razones. Aunque Marcelo Ebrard, Claudia Sheinbaum y Ad\u00e1n Augusto L\u00f3pez s\u00f3lo repiten las mismas cantaletas de su jefe y buscan agradarlo, alguna idea o expresi\u00f3n brotar\u00e1 ocasionalmente para conocer a la persona: sus atributos, sus defectos y su inteligencia emocional.<\/p>\n<p><!--more--><\/p>\n<p style=\"text-align: justify;\">Tambi\u00e9n me parece muy positivo que Ricardo Monreal (o cualquier otro integrante de la coalici\u00f3n gobernante) desaf\u00ede al presidente y exprese su deseo de ser candidato. As\u00ed ocurri\u00f3 en 1986 y de ese movimiento surgi\u00f3 el Partido de la Revoluci\u00f3n Democr\u00e1tica.<\/p>\n<p style=\"text-align: justify;\">Sin embargo, ese proselitismo pol\u00edtico implica riesgos pol\u00edticos y legales. Primero, que se configuren actos anticipados de precampa\u00f1a que rompan la equidad de la contienda de 2024. Se han presentado diez quejas ante el Instituto Nacional Electoral. El senador Osorio Chong (PRI) se\u00f1al\u00f3 que las denuncias deber\u00e1n proceder en la inhabilitaci\u00f3n de los tres funcionarios mencionados.<\/p>\n<p style=\"text-align: justify;\">El segundo riesgo de las precampa\u00f1as anticipadas es que las \u2018corcholatas\u2019 (as\u00ed se asumen y as\u00ed lo repiten sin pudor alguno) usen recursos p\u00fablicos con fines de proselitismo, algo prohibido por el art\u00edculo 134 constitucional. No solo es el tema del dinero (por ejemplo, los sueldos de asesores, la gasolina de los autom\u00f3viles y los boletos de avi\u00f3n), sino el recurso m\u00e1s preciado de un funcionario de alto nivel: su tiempo.<\/p>\n<p style=\"text-align: justify;\">Los funcionarios de alta jerarqu\u00eda lo son 24 horas al d\u00eda, siete d\u00edas a la semana. Sus responsabilidades no permiten cambiar de cachucha los fines de semana. El secretario de Gobernaci\u00f3n, por ejemplo, es responsable de la gobernabilidad del pa\u00eds todo el tiempo. No puede suspender esa funci\u00f3n los viernes a partir de las 17 horas. Lo mismo aplica para la jefa de Gobierno de la Ciudad de M\u00e9xico. Los asuntos de movilidad y de inseguridad de la capital del pa\u00eds no se detienen. Requieren su atenci\u00f3n 24\/7.<\/p>\n<p style=\"text-align: justify;\">Este mismo problema se gest\u00f3 en el pasado. Enrique Pe\u00f1a Nieto, por ejemplo, us\u00f3 recursos pol\u00edticos y presupuestarios de la gubernatura del Estado de M\u00e9xico entre 2005 y 2011 para fondear desde ah\u00ed su carrera hacia la Presidencia de la Rep\u00fablica y de paso fondear campa\u00f1as de otros candidatos a gobernador para comprar aliados pol\u00edticos que en su momento lo ayudaron a ganar la elecci\u00f3n en 2012. Un asunto de inter\u00e9s personal y partidista se pag\u00f3 con recursos p\u00fablicos.<\/p>\n<p style=\"text-align: justify;\">Finalmente, est\u00e1 el problema de la neutralidad pol\u00edtica de los servidores p\u00fablicos. El mismo art\u00edculo 134 exige neutralidad frente a la competencia entre partidos y \u00e9sta no solo ocurre durante procesos electorales, sino en todo momento. \u00bfC\u00f3mo podemos esperar que el gobierno federal sea neutral en 2024 si dos funcionarios del gabinete \u2013con la anuencia del presidente de la Rep\u00fablica\u2013 est\u00e1n en plan de campa\u00f1a para ser abanderados de Morena?<\/p>\n<p style=\"text-align: justify;\">Si se quieren contener las precampa\u00f1as y todos los problemas que entra\u00f1an, el Tribunal Electoral debe flexibilizar sus criterios para actualizar los actos anticipados de campa\u00f1a. Por ejemplo, el an\u00e1lisis del contexto debe ser integral y no solo considerar las palabras expresadas sino el prop\u00f3sito pol\u00edtico de los eventos o de la propaganda; asimismo, analizar el impacto pol\u00edtico real de los actos de proselitismo sobre las campa\u00f1as de 2024, aunque su celebraci\u00f3n a\u00fan no haya iniciado.<\/p>\n<p style=\"text-align: justify;\">La ley electoral establece obligaciones de transparencia a los candidatos una vez que inicia oficialmente la fase de precampa\u00f1as y el INE tiene facultades de fiscalizaci\u00f3n. Pero en este momento hay un limbo: bien valdr\u00eda la pena que cada aspirante diera cuenta de qui\u00e9n paga y cu\u00e1nto cuestan sus actividades de proselitismo durante los fines de semana.<\/p>\n<p style=\"text-align: justify;\">Asimismo, los medios de comunicaci\u00f3n pueden ejercer su labor de investigaci\u00f3n para detectar el posible uso de recursos p\u00fablicos por parte de los funcionarios mencionados. Y las personas pueden ejercer su derecho de acceso a la informaci\u00f3n para pedir cuentas pormenorizadas de cada gasto ejercido durante los eventos de promoci\u00f3n.<\/p>\n<p style=\"text-align: justify;\">En lo personal creo que el pa\u00eds se beneficiar\u00eda de que los aspirantes tuvieran las agallas y la convicci\u00f3n de ser presidente o presidenta de M\u00e9xico, m\u00e1s all\u00e1 del confort de ser \u2018corcholata\u2019 de L\u00f3pez Obrador. Para ello deber\u00edan renunciar a su cargo (o pedir licencia) para hacer pol\u00edtica de forma libre y plena y ganar el \u00e1nimo de la gente.<\/p>\n<p style=\"text-align: justify;\">Sin embargo, aun as\u00ed, la legislaci\u00f3n mexicana es muy restrictiva. Impide hablar con transparencia del tema so pena de ser sancionado. Por eso los aspirantes deben simular bajo eventos de partido, conferencias y actos a puerta cerrada.<\/p>\n<p style=\"text-align: justify;\">La ley electoral debe cambiarse para estimular que haya una competencia abierta, pero sin usar recursos p\u00fablicos. Pero mientras se cambia, la ley debe cumplirse.<\/p>\n","protected":false},"excerpt":{"rendered":"<p>Me parece algo bueno para la competencia pol\u00edtica y la lucha democr\u00e1tica que quienes aspiran a la presidencia de la Rep\u00fablica lo digan en p\u00fablico y argumenten sus razones. Aunque Marcelo Ebrard, Claudia Sheinbaum y Ad\u00e1n Augusto L\u00f3pez s\u00f3lo repiten las mismas cantaletas de su jefe y buscan agradarlo, alguna idea o expresi\u00f3n brotar\u00e1 ocasionalmente [&hellip;]<\/p>\n","protected":false},"author":6,"featured_media":30767,"comment_status":"open","ping_status":"open","sticky":false,"template":"","format":"standard","meta":{"_acf_changed":false,"_monsterinsights_skip_tracking":false,"slim_seo":{"title":"Las precampa\u00f1as de Morena hacia 2024 - Opini\u00f3n P\u00fablica","description":"Me parece algo bueno para la competencia pol\u00edtica y la lucha democr\u00e1tica que quienes aspiran a la presidencia de la Rep\u00fablica lo digan en p\u00fablico y argumenten s"},"footnotes":""},"categories":[23],"tags":[],"class_list":["post-30768","post","type-post","status-publish","format-standard","has-post-thumbnail","hentry","category-democracia-eficaz"],"acf":[],"_links":{"self":[{"href":"https:\/\/www.opinionpublica.tv\/portada\/wp-json\/wp\/v2\/posts\/30768","targetHints":{"allow":["GET"]}}],"collection":[{"href":"https:\/\/www.opinionpublica.tv\/portada\/wp-json\/wp\/v2\/posts"}],"about":[{"href":"https:\/\/www.opinionpublica.tv\/portada\/wp-json\/wp\/v2\/types\/post"}],"author":[{"embeddable":true,"href":"https:\/\/www.opinionpublica.tv\/portada\/wp-json\/wp\/v2\/users\/6"}],"replies":[{"embeddable":true,"href":"https:\/\/www.opinionpublica.tv\/portada\/wp-json\/wp\/v2\/comments?post=30768"}],"version-history":[{"count":0,"href":"https:\/\/www.opinionpublica.tv\/portada\/wp-json\/wp\/v2\/posts\/30768\/revisions"}],"wp:featuredmedia":[{"embeddable":true,"href":"https:\/\/www.opinionpublica.tv\/portada\/wp-json\/wp\/v2\/media\/30767"}],"wp:attachment":[{"href":"https:\/\/www.opinionpublica.tv\/portada\/wp-json\/wp\/v2\/media?parent=30768"}],"wp:term":[{"taxonomy":"category","embeddable":true,"href":"https:\/\/www.opinionpublica.tv\/portada\/wp-json\/wp\/v2\/categories?post=30768"},{"taxonomy":"post_tag","embeddable":true,"href":"https:\/\/www.opinionpublica.tv\/portada\/wp-json\/wp\/v2\/tags?post=30768"}],"curies":[{"name":"wp","href":"https:\/\/api.w.org\/{rel}","templated":true}]}}