{"id":30561,"date":"2022-07-02T06:00:00","date_gmt":"2022-07-02T04:00:00","guid":{"rendered":"https:\/\/www.opinionpublica.tv\/portada\/2022\/07\/02\/por-lo-menos-dos-izquierdas\/"},"modified":"2022-07-02T06:00:00","modified_gmt":"2022-07-02T04:00:00","slug":"por-lo-menos-dos-izquierdas","status":"publish","type":"post","link":"https:\/\/www.opinionpublica.tv\/portada\/por-lo-menos-dos-izquierdas\/","title":{"rendered":"Por lo menos dos izquierdas"},"content":{"rendered":"<img fetchpriority=\"high\" decoding=\"async\" class=\" size-full wp-image-30560\" src=\"https:\/\/www.opinionpublica.tv\/portada\/wp-content\/uploads\/2022\/07\/04854ffe7106dea291f5541f83835ad8.jpg\" alt=\"\" class=\"caption\" title=\"Jos\u00e9 Woldenberg, acad\u00e9mico y primer presidente del IFE.\" width=\"270\" height=\"235\" \/>\n<p style=\"text-align: justify;\">Una de las estelas que al parecer dejar\u00e1 el gobierno actual es la identificaci\u00f3n de la izquierda con el lopezobradorismo. Mal asunto porque no existe una sola izquierda, pero adem\u00e1s no est\u00e1 en el c\u00f3digo gen\u00e9tico de \u00e9sta al desprecio a la ley, al conocimiento, la cultura y las artes; la jibarizaci\u00f3n caprichosa de las instituciones estatales; la inacci\u00f3n gubernamental ante el crimen organizado o las consecuencias econ\u00f3micas y sociales que trajo la pandemia; la descalificaci\u00f3n inercial de quienes tienen ideas diferentes, la ampliaci\u00f3n de las tareas de las fuerzas armadas, la corrupci\u00f3n expansiva, las mentiras reiteradas como pol\u00edtica de comunicaci\u00f3n, la incompetencia, la improvisaci\u00f3n, el gobierno de un solo hombre.<\/p>\n<p><!--more--><\/p>\n<p style=\"text-align: justify;\">Todos son rasgos de la actual administraci\u00f3n, pero no necesariamente de la izquierda.<\/p>\n<p style=\"text-align: justify;\">Por lo menos hay dos izquierdas y si uno mira con cuidado hay muchas m\u00e1s. Es un universo complejo. No es lo mismo la izquierda de Stalin, Mao, Pol Pot, Fidel Castro, que la de Attlee, Willy Brandt, Olof Palme, Felipe Gonz\u00e1lez o Ricardo Lagos.<\/p>\n<p style=\"text-align: justify;\">La primera a nombre de la igualdad suprimi\u00f3 todas las libertades y por medio de la represi\u00f3n construy\u00f3 estados policiacos; mientras la segunda alcanz\u00f3 o intent\u00f3 forjar un piso de equidad social en ambientes donde las libertades florecieron.<\/p>\n<p style=\"text-align: justify;\">A pesar de ello, la fascinaci\u00f3n por los primeros no deja de existir porque fueron revolucionarios, mientras los segundos \u201csolo\u201d resultaron reformistas. Los primeros pretendieron y lograron estar solos en el escenario y edificaron reg\u00edmenes desp\u00f3ticos. Los segundos, con otros, construyeron sociedades pr\u00f3speras, m\u00e1s equitativas y libres.<\/p>\n<p style=\"text-align: justify;\">Creo que el encanto por el autoritarismo de cierta izquierda proviene de la rancia idea de que existe un sujeto (pueblo, clase obrera, partido\u2026) que porta todas las virtudes y que quienes se le enfrentan no pueden sino perseguir objetivos innobles. As\u00ed, si uno se considera poseedor de la verdad y dice encarnar los aut\u00e9nticos anhelos de ese sujeto virtuoso todo le est\u00e1 permitido.<\/p>\n<p style=\"text-align: justify;\">La ley es un estorbo, los poderes constitucionales deben estar alineados a la voluntad suprema, los \u201cotros\u201d son en el mejor de los casos molestos y en el peor enemigos, existe un solo ideario correcto y por ello la diversidad merece ser homogenizada. Es una izquierda autoritaria (en el extremo, totalitaria) incapaz de apreciar la riqueza de la diversidad que modela la sociedad.<\/p>\n<p style=\"text-align: justify;\">Suele existir una franja de c\u00ednicos que no creen ni en eso ni en nada, solo en el poder, y por ello se suman a las filas del vencedor y comparten sus dictados. Otros, sin embargo, se creen esa cantaleta enajenante. Se sienten superiores moralmente, creen que encarnan realmente los sentimientos y necesidades de la mayor\u00eda, que son lo m\u00e1s puro y limpio que ha dado la sociedad y sus adversarios son el demonio.<\/p>\n<p style=\"text-align: justify;\">Existe, sin embargo, otra izquierda, la que tiene un compromiso con la equidad social, m\u00e1xime en sociedades tan desiguales como la nuestra. Esa izquierda sabe de la centralidad del Estado si se quiere edificar un basamento de satisfactores materiales y culturales para todos, combate privilegios, respeta las normas, pugna por elevar el nivel de la educaci\u00f3n y busca la universalidad del sistema de salud, pero asume que no est\u00e1 sola en el escenario, que debe convivir con otras corrientes de pensamiento y valora como conquistas civilizatorias la f\u00f3rmula de gobierno democr\u00e1tica y al ejercicio de las libertades.<\/p>\n<p style=\"text-align: justify;\">Repito: izquierda y lopezobradorismo no son lo mismo.<\/p>\n","protected":false},"excerpt":{"rendered":"<p>Una de las estelas que al parecer dejar\u00e1 el gobierno actual es la identificaci\u00f3n de la izquierda con el lopezobradorismo. Mal asunto porque no existe una sola izquierda, pero adem\u00e1s no est\u00e1 en el c\u00f3digo gen\u00e9tico de \u00e9sta al desprecio a la ley, al conocimiento, la cultura y las artes; la jibarizaci\u00f3n caprichosa de las [&hellip;]<\/p>\n","protected":false},"author":6,"featured_media":30560,"comment_status":"open","ping_status":"open","sticky":false,"template":"","format":"standard","meta":{"_acf_changed":false,"_monsterinsights_skip_tracking":false,"slim_seo":{"title":"Por lo menos dos izquierdas - Opini\u00f3n P\u00fablica","description":"Una de las estelas que al parecer dejar\u00e1 el gobierno actual es la identificaci\u00f3n de la izquierda con el lopezobradorismo. Mal asunto porque no existe una sola i"},"footnotes":""},"categories":[26],"tags":[],"class_list":["post-30561","post","type-post","status-publish","format-standard","has-post-thumbnail","hentry","category-de-chile-dulce-y-manteca-columna-invitada"],"acf":[],"_links":{"self":[{"href":"https:\/\/www.opinionpublica.tv\/portada\/wp-json\/wp\/v2\/posts\/30561","targetHints":{"allow":["GET"]}}],"collection":[{"href":"https:\/\/www.opinionpublica.tv\/portada\/wp-json\/wp\/v2\/posts"}],"about":[{"href":"https:\/\/www.opinionpublica.tv\/portada\/wp-json\/wp\/v2\/types\/post"}],"author":[{"embeddable":true,"href":"https:\/\/www.opinionpublica.tv\/portada\/wp-json\/wp\/v2\/users\/6"}],"replies":[{"embeddable":true,"href":"https:\/\/www.opinionpublica.tv\/portada\/wp-json\/wp\/v2\/comments?post=30561"}],"version-history":[{"count":0,"href":"https:\/\/www.opinionpublica.tv\/portada\/wp-json\/wp\/v2\/posts\/30561\/revisions"}],"wp:featuredmedia":[{"embeddable":true,"href":"https:\/\/www.opinionpublica.tv\/portada\/wp-json\/wp\/v2\/media\/30560"}],"wp:attachment":[{"href":"https:\/\/www.opinionpublica.tv\/portada\/wp-json\/wp\/v2\/media?parent=30561"}],"wp:term":[{"taxonomy":"category","embeddable":true,"href":"https:\/\/www.opinionpublica.tv\/portada\/wp-json\/wp\/v2\/categories?post=30561"},{"taxonomy":"post_tag","embeddable":true,"href":"https:\/\/www.opinionpublica.tv\/portada\/wp-json\/wp\/v2\/tags?post=30561"}],"curies":[{"name":"wp","href":"https:\/\/api.w.org\/{rel}","templated":true}]}}