{"id":30559,"date":"2022-07-02T06:00:00","date_gmt":"2022-07-02T04:00:00","guid":{"rendered":"https:\/\/www.opinionpublica.tv\/portada\/2022\/07\/02\/advierte-layda-sansores-que-tiene-mas-audios-contra-alito-moreno\/"},"modified":"2022-07-02T06:00:00","modified_gmt":"2022-07-02T04:00:00","slug":"advierte-layda-sansores-que-tiene-mas-audios-contra-alito-moreno","status":"publish","type":"post","link":"https:\/\/www.opinionpublica.tv\/portada\/advierte-layda-sansores-que-tiene-mas-audios-contra-alito-moreno\/","title":{"rendered":"Advierte Layda Sansores que tiene m\u00e1s audios contra \u2018Alito\u2019"},"content":{"rendered":"<p><img fetchpriority=\"high\" decoding=\"async\" class=\" size-full wp-image-30558\" src=\"https:\/\/www.opinionpublica.tv\/portada\/wp-content\/uploads\/2022\/07\/252aed2471cdad1bbe403db112b66547.jpg\" alt=\"\" class=\"caption\" title=\"Alejandro Moreno C\u00e1rdenas, presidente nacional del PRI, acusado nuevamente de corrupci\u00f3n.\" width=\"800\" height=\"533\" srcset=\"https:\/\/www.opinionpublica.tv\/portada\/wp-content\/uploads\/2022\/07\/252aed2471cdad1bbe403db112b66547.jpg 800w, https:\/\/www.opinionpublica.tv\/portada\/wp-content\/uploads\/2022\/07\/252aed2471cdad1bbe403db112b66547-300x200.jpg 300w, https:\/\/www.opinionpublica.tv\/portada\/wp-content\/uploads\/2022\/07\/252aed2471cdad1bbe403db112b66547-768x512.jpg 768w\" sizes=\"(max-width: 800px) 100vw, 800px\" \/><br \/>\n<!--more--><\/p>\n<p style=\"text-align: justify;\"><em>Campeche<\/em>.- La gobernadora de Campeche, Layda Sansores, asegur\u00f3 que tiene m\u00e1s audios que prueban las malas pr\u00e1cticas de Alejandro Moreno C\u00e1rdenas, actual dirigente nacional del PRI.<\/p>\n<p style=\"text-align: justify;\">A su llegada a Tabasco para atestiguar la inauguraci\u00f3n de la refiner\u00eda de Dos Bocas en Para\u00edso, destac\u00f3 que ir\u00e1 revelando las grabaciones \u201cconforme lo permitan los amparos\u201d.<\/p>\n<p style=\"text-align: justify;\">Afirm\u00f3 que \u201ctoda la gente pide\u201d que se act\u00fae ya penalmente contra Moreno C\u00e1rdenas, por lo que adem\u00e1s de denunciarlo ante el INE, se han abierto procesos en la Fiscal\u00eda General de la Rep\u00fablica y la Fiscal\u00eda estatal.<\/p>\n<p style=\"text-align: justify;\">Apenas el 28 de junio la mandataria hizo p\u00fablico otro audio donde se escucha al priista repartiendo cantidades millonarias en efectivo, para entregar a sus candidatos durante el pasado proceso electoral.<\/p>\n<p style=\"text-align: justify;\">En cuanto a la refiner\u00eda, dijo que se trata de una obra \u201cimpresionante\u201d y es l\u00f3gico que tenga que pasar por un per\u00edodo de pruebas, como anunci\u00f3 el presidente Andr\u00e9s Manuel L\u00f3pez Obrador.<\/p>\n<p style=\"text-align: justify;\">Agreg\u00f3 que aunque est\u00e1 en Tabasco, sus beneficios de extender\u00e1n para todo el pa\u00eds, especialmente el sureste mexicano.<\/p>\n","protected":false},"excerpt":{"rendered":"","protected":false},"author":6,"featured_media":30558,"comment_status":"open","ping_status":"open","sticky":false,"template":"","format":"standard","meta":{"_acf_changed":false,"_monsterinsights_skip_tracking":false,"slim_seo":{"title":"Advierte Layda Sansores que tiene m\u00e1s audios contra \u2018Alito\u2019 - Opini\u00f3n P\u00fablica","description":"Campeche .- La gobernadora de Campeche, Layda Sansores, asegur\u00f3 que tiene m\u00e1s audios que prueban las malas pr\u00e1cticas de Alejandro Moreno C\u00e1rdenas, actual dirige"},"footnotes":""},"categories":[4],"tags":[400,683,87],"class_list":["post-30559","post","type-post","status-publish","format-standard","has-post-thumbnail","hentry","category-pulsopolitico","tag-corrupcion","tag-layda-sensores","tag-pri"],"acf":[],"_links":{"self":[{"href":"https:\/\/www.opinionpublica.tv\/portada\/wp-json\/wp\/v2\/posts\/30559","targetHints":{"allow":["GET"]}}],"collection":[{"href":"https:\/\/www.opinionpublica.tv\/portada\/wp-json\/wp\/v2\/posts"}],"about":[{"href":"https:\/\/www.opinionpublica.tv\/portada\/wp-json\/wp\/v2\/types\/post"}],"author":[{"embeddable":true,"href":"https:\/\/www.opinionpublica.tv\/portada\/wp-json\/wp\/v2\/users\/6"}],"replies":[{"embeddable":true,"href":"https:\/\/www.opinionpublica.tv\/portada\/wp-json\/wp\/v2\/comments?post=30559"}],"version-history":[{"count":0,"href":"https:\/\/www.opinionpublica.tv\/portada\/wp-json\/wp\/v2\/posts\/30559\/revisions"}],"wp:featuredmedia":[{"embeddable":true,"href":"https:\/\/www.opinionpublica.tv\/portada\/wp-json\/wp\/v2\/media\/30558"}],"wp:attachment":[{"href":"https:\/\/www.opinionpublica.tv\/portada\/wp-json\/wp\/v2\/media?parent=30559"}],"wp:term":[{"taxonomy":"category","embeddable":true,"href":"https:\/\/www.opinionpublica.tv\/portada\/wp-json\/wp\/v2\/categories?post=30559"},{"taxonomy":"post_tag","embeddable":true,"href":"https:\/\/www.opinionpublica.tv\/portada\/wp-json\/wp\/v2\/tags?post=30559"}],"curies":[{"name":"wp","href":"https:\/\/api.w.org\/{rel}","templated":true}]}}