{"id":30549,"date":"2022-07-02T06:00:00","date_gmt":"2022-07-02T04:00:00","guid":{"rendered":"https:\/\/www.opinionpublica.tv\/portada\/2022\/07\/02\/efemerides-2-de-julio-4\/"},"modified":"2022-07-02T06:00:00","modified_gmt":"2022-07-02T04:00:00","slug":"efemerides-2-de-julio-4","status":"publish","type":"post","link":"https:\/\/www.opinionpublica.tv\/portada\/efemerides-2-de-julio-4\/","title":{"rendered":"Efem\u00e9rides 2 de julio"},"content":{"rendered":"<img fetchpriority=\"high\" decoding=\"async\" class=\" size-full wp-image-30548\" src=\"https:\/\/www.opinionpublica.tv\/portada\/wp-content\/uploads\/2022\/07\/b5719eb732a6a3ec4a57d7aa5c6df5a5.jpg\" alt=\"\" class=\"caption\" title=\"La ex candidata presidencial colombiana Ingrid Betancourt estuvo secuestrada seis a\u00f1os.\" width=\"700\" height=\"394\" srcset=\"https:\/\/www.opinionpublica.tv\/portada\/wp-content\/uploads\/2022\/07\/b5719eb732a6a3ec4a57d7aa5c6df5a5.jpg 700w, https:\/\/www.opinionpublica.tv\/portada\/wp-content\/uploads\/2022\/07\/b5719eb732a6a3ec4a57d7aa5c6df5a5-300x169.jpg 300w\" sizes=\"(max-width: 700px) 100vw, 700px\" \/>\n<p style=\"text-align: justify;\">Un d\u00eda 2 de julio como hoy, pero de 2008, la ex candidata presidencial colombiana Ingrid Betancourt, secuestrada por la guerrilla de las FARC desde el 23 de febrero de 2002, es rescatada por el Ej\u00e9rcito de Colombia en una operaci\u00f3n en la que tambi\u00e9n son liberados otros 14 rehenes.<\/p>\n<p><!--more--><\/p>\n<p style=\"text-align: justify;\"><strong>M\u00e1s efem\u00e9rides<\/strong><\/p>\n<p style=\"text-align: justify;\">1502.- Un hurac\u00e1n destruye la ciudad de Santo Domingo, la primera que los espa\u00f1oles levantaron en Am\u00e9rica.<\/p>\n<p style=\"text-align: justify;\">1566.- Muere Nostradamus, astr\u00f3logo franc\u00e9s.<\/p>\n<p style=\"text-align: justify;\">1776.- El Congreso Continental norteamericano ratifica su decisi\u00f3n de separarse de Inglaterra.<\/p>\n<p style=\"text-align: justify;\">1778.- Muere Jean-Jacques Rousseau, escritor y fil\u00f3sofo suizo.<\/p>\n<p style=\"text-align: justify;\">1798.- Expedici\u00f3n militar francesa a Egipto. Napole\u00f3n Bonaparte toma Alejandr\u00eda por asalto.<\/p>\n<p style=\"text-align: justify;\">1852.- Portugal decreta la abolici\u00f3n de la pena de muerte por motivos pol\u00edticos.<\/p>\n<p style=\"text-align: justify;\">1856.- Botadura de \u00abEl Ypura\u00bb, primer barco de vapor paraguayo con casco met\u00e1lico.<\/p>\n<p style=\"text-align: justify;\">1877.- Nace Herman Hesse, escritor alem\u00e1n, Premio Nobel 1946.<\/p>\n<p style=\"text-align: justify;\">1886.- Fundaci\u00f3n de la Academia Chilena de la Lengua.<\/p>\n<p style=\"text-align: justify;\">1900.- Primeras pruebas del dirigible \u00abZeppelin\u00bb.<\/p>\n<p style=\"text-align: justify;\">1903.- Cuba arrienda a EE.UU. la bah\u00eda de Guant\u00e1namo para que construya en ella una base naval.<\/p>\n<p style=\"text-align: justify;\">1903.- Nace Olav V, Rey de Noruega.<\/p>\n<p style=\"text-align: justify;\">1915.- Muere Porfirio D\u00edaz, ex presidente de M\u00e9xico.<\/p>\n<p style=\"text-align: justify;\">1922.- Nace Pierre Cardin, modista franc\u00e9s.<\/p>\n<p style=\"text-align: justify;\">1923.- Nace Wislawa Szymborska, poetisa polaca, Premio Nobel de Literatura 1996.<\/p>\n<p style=\"text-align: justify;\">1927.- La brit\u00e1nica Sheila Macdonald se convierte en la primera mujer que escala el monte Kilimanjaro.<\/p>\n<p style=\"text-align: justify;\">1928.- Un decreto concede el voto sin restricciones a las mujeres en Reino Unido.<\/p>\n<p style=\"text-align: justify;\">1929.- Nace Imelda Romualdez, conocida como Imelda Marcos, viuda de Ferdinand Marcos, expresidente de Filipinas.<\/p>\n<p style=\"text-align: justify;\">1930.- Nace Carlos Sa\u00fal Menem, presidente de Argentina.<\/p>\n<p style=\"text-align: justify;\">1932.- Muere Manuel II, \u00faltimo Rey de Portugal.<\/p>\n<p style=\"text-align: justify;\">1934.- L\u00e1zaro C\u00e1rdenas gana las elecciones presidencias de M\u00e9xico.<\/p>\n<p style=\"text-align: justify;\">1942.- Nace Vicente Fox, presidente de M\u00e9xico.<\/p>\n<p style=\"text-align: justify;\">1944.- II Guerra mundial. Alemania lanza sobre Inglaterra los primeros misiles empleados en la historia, los V-1.<\/p>\n<p style=\"text-align: justify;\">1944.- El Ej\u00e9rcito de Guatemala provoca la dimisi\u00f3n del general Jorge Ubico Casta\u00f1eda, presidente del pa\u00eds desde 1931.<\/p>\n<p style=\"text-align: justify;\">1959.- Boda del Pr\u00edncipe Alberto de Lieja con Paola Ruffo di Calabria, que se convertir\u00edan en Reyes de los belgas tras la muerte de Balduino.<\/p>\n<p style=\"text-align: justify;\">1961.- Se suicida en Ketchum (EE.UU.) el novelista estadounidense Ernest Hemingway, Premio Nobel de Literatura en 1954.<\/p>\n<p style=\"text-align: justify;\">1964.- Se producen violentos disturbios en EE.UU. entre la poblaci\u00f3n negra de Nueva York, Nueva Jersey, Chicago y Filadelfia. El presidente Johnson firma la Ley de Derechos Civiles.<\/p>\n<p style=\"text-align: justify;\">1966.- Francia realiza su primer experimento at\u00f3mico en el atol\u00f3n de Mururoa.<\/p>\n<p style=\"text-align: justify;\">1976.- La Asamblea Nacional vietnamita declara reunificadas la Rep\u00fablica Democr\u00e1tica de Vietnam y la Rep\u00fablica de Vietnam del Sur bajo el nombre de Rep\u00fablica Socialista de Vietnam, con capital en Hanoi.<\/p>\n<p style=\"text-align: justify;\">1977.- Muere Vladimir Nabokov, escritor ruso-estadounidense.<\/p>\n<p style=\"text-align: justify;\">1985.- El jefe de la diplomacia sovi\u00e9tica, Andrei Gromiko, es nombrado presidente del Soviet Supremo de la URSS.<\/p>\n<p style=\"text-align: justify;\">1986.- Huelga general en Chile contra el Gobierno de Augusto Pinochet.<\/p>\n<p style=\"text-align: justify;\">1987.- El escritor mexicano Octavio Paz recibe de la Reina Sof\u00eda de Espa\u00f1a en Santander el Premio de la Universidad Men\u00e9ndez Pelayo.<\/p>\n<p style=\"text-align: justify;\">1989.- Muere Andrei Gromiko, exministro de Asuntos Exteriores y expresidente del Soviet Supremo de la URSS.<\/p>\n<p style=\"text-align: justify;\">1990.- M\u00e1s de 1.400 personas mueren por asfixia y aplastamiento en un t\u00fanel cerca de La Meca (Arabia Saud\u00ed) cuando se dirig\u00edan a celebrar la Fiesta del Sacrificio.<\/p>\n<p style=\"text-align: justify;\">1992.- Estados Unidos comunica a la OTAN la retirada de sus armas nucleares t\u00e1cticas en Europa.<\/p>\n<p style=\"text-align: justify;\">1992.- El presidente peruano Alberto Fujimori anuncia la captura del dirigente senderista Luis Alberto Arana Franco.<\/p>\n<p style=\"text-align: justify;\">1992.- Muere Jos\u00e9 Monge Cruz, \u00abCamar\u00f3n de la Isla\u00bb, cantaor espa\u00f1ol.<\/p>\n<p style=\"text-align: justify;\">1997.- Muere James Stewart, actor estadounidense.<\/p>\n<p style=\"text-align: justify;\">1999.- Muere Mario Puzo, escritor estadounidense.<\/p>\n<p style=\"text-align: justify;\">2000.- Vicente Fox, del Partido de Acci\u00f3n Nacional (PAN), gana las elecciones presidenciales en M\u00e9xico, lo que pone fin a 71 a\u00f1os de gobierno del Partido Revolucionario Institucional (PRI).<\/p>\n<p style=\"text-align: justify;\">2001.- Implantado con \u00e9xito en Estados Unidos el primer coraz\u00f3n artificial totalmente aut\u00f3nomo, aunque el receptor falleci\u00f3 151 d\u00edas despu\u00e9s por un problema m\u00e9dico no relacionado con su nuevo coraz\u00f3n.<\/p>\n<p style=\"text-align: justify;\">2004.- Guatemala sale de la \u00ablista negra\u00bb del Grupo de Acci\u00f3n Financiera (GAFI) de pa\u00edses que no cooperan en la lucha contra el lavado de dinero.<\/p>\n<p style=\"text-align: justify;\">2006.- El conservador Felipe Calder\u00f3n gana las elecciones presidenciales de M\u00e9xico.<\/p>\n<p style=\"text-align: justify;\">2006.- El Movimiento Al Socialismo, del presidente Evo Morales, gana las elecciones a la Asamblea Constituyente en Bolivia.<\/p>\n<p style=\"text-align: justify;\">2006.- Fallece el ex alcalde de Managua y candidato a la Presidencia de Nicaragua, Herty Lewites.<\/p>\n<p style=\"text-align: justify;\">2007.- Ocho turistas espa\u00f1oles y dos ciudadanos yemen\u00edes mueren en un atentado suicida con coche-bomba en Yemen, atribuido a Al Qaeda.<\/p>\n<p style=\"text-align: justify;\">2011.- Muere Itamar Franco, ex presidente de Brasil.<\/p>\n","protected":false},"excerpt":{"rendered":"<p>Un d\u00eda 2 de julio como hoy, pero de 2008, la ex candidata presidencial colombiana Ingrid Betancourt, secuestrada por la guerrilla de las FARC desde el 23 de febrero de 2002, es rescatada por el Ej\u00e9rcito de Colombia en una operaci\u00f3n en la que tambi\u00e9n son liberados otros 14 rehenes.<\/p>\n","protected":false},"author":6,"featured_media":30548,"comment_status":"open","ping_status":"open","sticky":false,"template":"","format":"standard","meta":{"_acf_changed":false,"_monsterinsights_skip_tracking":false,"slim_seo":{"title":"Efem\u00e9rides 2 de julio - Opini\u00f3n P\u00fablica","description":"Un d\u00eda 2 de julio como hoy, pero de 2008, la ex candidata presidencial colombiana Ingrid Betancourt, secuestrada por la guerrilla de las FARC desde el 23 de feb"},"footnotes":""},"categories":[27],"tags":[],"class_list":["post-30549","post","type-post","status-publish","format-standard","has-post-thumbnail","hentry","category-un-dia-como-hoy"],"acf":[],"_links":{"self":[{"href":"https:\/\/www.opinionpublica.tv\/portada\/wp-json\/wp\/v2\/posts\/30549","targetHints":{"allow":["GET"]}}],"collection":[{"href":"https:\/\/www.opinionpublica.tv\/portada\/wp-json\/wp\/v2\/posts"}],"about":[{"href":"https:\/\/www.opinionpublica.tv\/portada\/wp-json\/wp\/v2\/types\/post"}],"author":[{"embeddable":true,"href":"https:\/\/www.opinionpublica.tv\/portada\/wp-json\/wp\/v2\/users\/6"}],"replies":[{"embeddable":true,"href":"https:\/\/www.opinionpublica.tv\/portada\/wp-json\/wp\/v2\/comments?post=30549"}],"version-history":[{"count":0,"href":"https:\/\/www.opinionpublica.tv\/portada\/wp-json\/wp\/v2\/posts\/30549\/revisions"}],"wp:featuredmedia":[{"embeddable":true,"href":"https:\/\/www.opinionpublica.tv\/portada\/wp-json\/wp\/v2\/media\/30548"}],"wp:attachment":[{"href":"https:\/\/www.opinionpublica.tv\/portada\/wp-json\/wp\/v2\/media?parent=30549"}],"wp:term":[{"taxonomy":"category","embeddable":true,"href":"https:\/\/www.opinionpublica.tv\/portada\/wp-json\/wp\/v2\/categories?post=30549"},{"taxonomy":"post_tag","embeddable":true,"href":"https:\/\/www.opinionpublica.tv\/portada\/wp-json\/wp\/v2\/tags?post=30549"}],"curies":[{"name":"wp","href":"https:\/\/api.w.org\/{rel}","templated":true}]}}