{"id":30489,"date":"2022-06-28T06:00:00","date_gmt":"2022-06-28T04:00:00","guid":{"rendered":"https:\/\/www.opinionpublica.tv\/portada\/2022\/06\/28\/efemerides-28-de-junio-4\/"},"modified":"2022-06-28T06:00:00","modified_gmt":"2022-06-28T04:00:00","slug":"efemerides-28-de-junio-4","status":"publish","type":"post","link":"https:\/\/www.opinionpublica.tv\/portada\/efemerides-28-de-junio-4\/","title":{"rendered":"Efem\u00e9rides 28 de junio"},"content":{"rendered":"<img fetchpriority=\"high\" decoding=\"async\" class=\" size-full wp-image-30488\" src=\"https:\/\/www.opinionpublica.tv\/portada\/wp-content\/uploads\/2022\/06\/8f2694e4810faa00e5e9250900724f62.jpg\" alt=\"\" class=\"caption\" title=\"El asesinato del archiduque Francisco Fernando y su esposa desencaden\u00f3 la Primera Guerra Mundial.\" width=\"1200\" height=\"675\" srcset=\"https:\/\/www.opinionpublica.tv\/portada\/wp-content\/uploads\/2022\/06\/8f2694e4810faa00e5e9250900724f62.jpg 1200w, https:\/\/www.opinionpublica.tv\/portada\/wp-content\/uploads\/2022\/06\/8f2694e4810faa00e5e9250900724f62-300x169.jpg 300w, https:\/\/www.opinionpublica.tv\/portada\/wp-content\/uploads\/2022\/06\/8f2694e4810faa00e5e9250900724f62-1024x576.jpg 1024w, https:\/\/www.opinionpublica.tv\/portada\/wp-content\/uploads\/2022\/06\/8f2694e4810faa00e5e9250900724f62-768x432.jpg 768w\" sizes=\"(max-width: 1200px) 100vw, 1200px\" \/>\n<p style=\"text-align: justify;\">Un d\u00eda 28 de junio como hoy, pero de 1914, son asesinados en Sarajevo el heredero del trono austro-h\u00fangaro, el archiduque Francisco Fernando, y su esposa, atentado que desencaden\u00f3 la Primera Guerra Mundial.<\/p>\n<p><!--more--><\/p>\n<p style=\"text-align: justify;\"><strong>M\u00e1s efem\u00e9rides<\/strong><\/p>\n<p style=\"text-align: justify;\">1519.- La Dieta de Fr\u00e1ncfort elige a Carlos I de Espa\u00f1a emperador de Alemania.<\/p>\n<p style=\"text-align: justify;\">1712.- Nace Jean Jacques Rousseau, escritor y fil\u00f3sofo suizo.<\/p>\n<p style=\"text-align: justify;\">1844.- Fusilamientos en Matanzas (Cuba), tras una sublevaci\u00f3n de esclavos negros.<\/p>\n<p style=\"text-align: justify;\">1853.- La escuadra enviada por el presidente Justo Jos\u00e9 de Urquiza para bloquear Buenos Aires se subleva contra \u00e9l y se pasa a los rebeldes.<\/p>\n<p style=\"text-align: justify;\">1867.- Nace Luigi Pirandello, dramaturgo Nobel italiano.<\/p>\n<p style=\"text-align: justify;\">1880.- Guerra de Cuba. Con la rendici\u00f3n del caudillo cubano L\u00edmbano S\u00e1nchez termina la llamada \u00abguerra chica\u00bb.<\/p>\n<p style=\"text-align: justify;\">1886.- Inauguraci\u00f3n del ferrocarril Canadian Pacific, entre Montreal y Port Moof (en la costa del Pac\u00edfico).<\/p>\n<p style=\"text-align: justify;\">1902.- El Congreso de Estados Unidos aprueba la ley Spooner, que autoriza al presidente a comprar por 40 millones de d\u00f3lares la concesi\u00f3n del canal de Panam\u00e1, por quiebra de la antigua compa\u00f1\u00eda del Canal Interoce\u00e1nico.<\/p>\n<p style=\"text-align: justify;\">1918.- El Gobierno sovi\u00e9tico nacionaliza la industria.<\/p>\n<p style=\"text-align: justify;\">1919.- Firma del Tratado de paz de Versalles entre las potencias aliadas y Alemania, con el que se da por terminada la I Guerra Mundial (1914-1918).<\/p>\n<p style=\"text-align: justify;\">1921.- Yugoslavia se constituye en Estado \u00fanico centralista.<\/p>\n<p style=\"text-align: justify;\">1926.- Nace Mel Brooks, actor, productor y cineasta estadounidense.<\/p>\n<p style=\"text-align: justify;\">1929.- El Instituto Alem\u00e1n de F\u00edsica concede la \u00abMedalla Max Planck\u00bb al propio Planck y a Albert Einstein, entre otros.<\/p>\n<p style=\"text-align: justify;\">1930.- Movimiento revolucionario en Bolivia.<\/p>\n<p style=\"text-align: justify;\">1939.- La compa\u00f1\u00eda Pan American Airways inicia el primer vuelo regular de viajeros sobre el Atl\u00e1ntico, entre Long Island (Nueva York) y Marsella (Francia).<\/p>\n<p style=\"text-align: justify;\">1940.- Nace Muhammand Yunus, bangladesh\u00ed, creador del \u00abbanco de los pobres\u00bb y Nobel de la Paz.<\/p>\n<p style=\"text-align: justify;\">1950.- China Popular confisca las grandes propiedades territoriales y requisa las de la Iglesia.<\/p>\n<p style=\"text-align: justify;\">1954.- Chou Enlai y Nehru proclaman \u00abLos cinco principios de coexistencias pac\u00edfica\u00bb.<\/p>\n<p style=\"text-align: justify;\">1968.- Violentas manifestaciones en las principales ciudades de Argentina con motivo del golpe de Estado del general Ongan\u00eda.<\/p>\n<p style=\"text-align: justify;\">1969.- Los choques entre la polic\u00eda y la clientela gay del bar Stonewall Inn de Nueva York impulsan el nacimiento internacional del movimiento por los derechos de los homosexuales.<\/p>\n<p style=\"text-align: justify;\">1974.- 300 muertos en corrimientos de tierras en una carretera colombiana.<\/p>\n<p style=\"text-align: justify;\">1976.- Las islas Seychelles, nuevo pa\u00eds independiente tras 162 a\u00f1os de dominaci\u00f3n brit\u00e1nica.<\/p>\n<p style=\"text-align: justify;\">1976.- El general Ramalho Eanes, elegido presidente de Portugal por amplia mayor\u00eda.<\/p>\n<p style=\"text-align: justify;\">1985.- El presidente argentino Ra\u00fal Alfons\u00edn, Premio Pr\u00edncipe de Asturias de Cooperaci\u00f3n Iberoamericana.<\/p>\n<p style=\"text-align: justify;\">1992.- Chile: La coalici\u00f3n de centro-izquierda gobernante gana las primeras elecciones municipales del pa\u00eds tras la dictadura militar.<\/p>\n<p style=\"text-align: justify;\">1993.- Guatemala reconoce la independencia de Belice, excolonia brit\u00e1nica que reivindicaba desde hace m\u00e1s de 150 a\u00f1os.<\/p>\n<p style=\"text-align: justify;\">1994.- El banquero mexicano Alfredo Harp, liberado tras 106 d\u00edas de secuestro y el pago de un rescate de unos 30 millones de d\u00f3lares.<\/p>\n<p style=\"text-align: justify;\">1999.- I cumbre de mandatarios de la UE, Am\u00e9rica Latina y el Caribe, que aprueba la Declaraci\u00f3n de R\u00edo y un Plan de Acci\u00f3n de asociaci\u00f3n estrat\u00e9gica.<\/p>\n<p style=\"text-align: justify;\">2000.- El ni\u00f1o balsero Eli\u00e1n Gonz\u00e1lez regresa a Cuba con su padre, tras permanecer siete meses en Estados Unidos y entablar una batalla legal, familiar y pol\u00edtica por su custodia.<\/p>\n<p style=\"text-align: justify;\">2001.- El ex presidente yugoslavo Slobodan Milosevic, entregado al Tribunal de la Haya.<\/p>\n<p style=\"text-align: justify;\">2003.- M\u00e9xico extradita a Espa\u00f1a al ex militar argentino Ricardo Cavallo, acusado de delitos de genocidio y terrorismo durante la dictadura en Argentina (1976-1983).<\/p>\n<p style=\"text-align: justify;\">2004.- El ex asesor presidencial peruano Vladimiro Montesinos, condenado a 15 a\u00f1os de c\u00e1rcel por soborno, conspiraci\u00f3n y corrupci\u00f3n.<\/p>\n<p style=\"text-align: justify;\">2004.- Irak: La Autoridad Provisional de la Coalici\u00f3n traspasa el poder al nuevo Gobierno, cuyo primer ministro es el chi\u00ed Iyad Alaui.<\/p>\n<p style=\"text-align: justify;\">2005.- Los pa\u00edses participantes en el proyecto ITER acuerdan que el primer reactor de fusi\u00f3n termonuclear experimental se construya en Cadarache (Francia).<\/p>\n<p style=\"text-align: justify;\">2009.- El Parlamento de Honduras destituye al presidente del pa\u00eds, Manuel Zelaya, detenido por el Ej\u00e9rcito y deportado a Costa Rica.<\/p>\n<p style=\"text-align: justify;\">2011.- La francesa Christine Lagarde, elegida directora gerente del FMI.<\/p>\n<p style=\"text-align: justify;\">2012.- El Tribunal Supremo estadounidense declara constitucional la reforma sanitaria.<\/p>\n","protected":false},"excerpt":{"rendered":"<p>Un d\u00eda 28 de junio como hoy, pero de 1914, son asesinados en Sarajevo el heredero del trono austro-h\u00fangaro, el archiduque Francisco Fernando, y su esposa, atentado que desencaden\u00f3 la Primera Guerra Mundial.<\/p>\n","protected":false},"author":6,"featured_media":30488,"comment_status":"open","ping_status":"open","sticky":false,"template":"","format":"standard","meta":{"_acf_changed":false,"_monsterinsights_skip_tracking":false,"slim_seo":{"title":"Efem\u00e9rides 28 de junio - Opini\u00f3n P\u00fablica","description":"Un d\u00eda 28 de junio como hoy, pero de 1914, son asesinados en Sarajevo el heredero del trono austro-h\u00fangaro, el archiduque Francisco Fernando, y su esposa, atent"},"footnotes":""},"categories":[27],"tags":[],"class_list":["post-30489","post","type-post","status-publish","format-standard","has-post-thumbnail","hentry","category-un-dia-como-hoy"],"acf":[],"_links":{"self":[{"href":"https:\/\/www.opinionpublica.tv\/portada\/wp-json\/wp\/v2\/posts\/30489","targetHints":{"allow":["GET"]}}],"collection":[{"href":"https:\/\/www.opinionpublica.tv\/portada\/wp-json\/wp\/v2\/posts"}],"about":[{"href":"https:\/\/www.opinionpublica.tv\/portada\/wp-json\/wp\/v2\/types\/post"}],"author":[{"embeddable":true,"href":"https:\/\/www.opinionpublica.tv\/portada\/wp-json\/wp\/v2\/users\/6"}],"replies":[{"embeddable":true,"href":"https:\/\/www.opinionpublica.tv\/portada\/wp-json\/wp\/v2\/comments?post=30489"}],"version-history":[{"count":0,"href":"https:\/\/www.opinionpublica.tv\/portada\/wp-json\/wp\/v2\/posts\/30489\/revisions"}],"wp:featuredmedia":[{"embeddable":true,"href":"https:\/\/www.opinionpublica.tv\/portada\/wp-json\/wp\/v2\/media\/30488"}],"wp:attachment":[{"href":"https:\/\/www.opinionpublica.tv\/portada\/wp-json\/wp\/v2\/media?parent=30489"}],"wp:term":[{"taxonomy":"category","embeddable":true,"href":"https:\/\/www.opinionpublica.tv\/portada\/wp-json\/wp\/v2\/categories?post=30489"},{"taxonomy":"post_tag","embeddable":true,"href":"https:\/\/www.opinionpublica.tv\/portada\/wp-json\/wp\/v2\/tags?post=30489"}],"curies":[{"name":"wp","href":"https:\/\/api.w.org\/{rel}","templated":true}]}}