{"id":30477,"date":"2022-06-28T06:00:00","date_gmt":"2022-06-28T04:00:00","guid":{"rendered":"https:\/\/www.opinionpublica.tv\/portada\/2022\/06\/28\/desacato\/"},"modified":"2022-06-28T06:00:00","modified_gmt":"2022-06-28T04:00:00","slug":"desacato","status":"publish","type":"post","link":"https:\/\/www.opinionpublica.tv\/portada\/desacato\/","title":{"rendered":"Desacato"},"content":{"rendered":"<img fetchpriority=\"high\" decoding=\"async\" class=\" size-full wp-image-30476\" src=\"https:\/\/www.opinionpublica.tv\/portada\/wp-content\/uploads\/2022\/06\/a021494205930b36053e9e4d8c404a86.jpg\" alt=\"\" class=\"caption\" title=\"Jos\u00e9 Woldenberg, acad\u00e9mico y primer presidente del IFE.\" width=\"270\" height=\"235\" \/>\n<p style=\"text-align: justify;\">\u00bfQu\u00e9 debe hacer una persona, agrupaci\u00f3n, empresa, partido pol\u00edtico si considera que sus derechos han sido lastimados? \u00bfPuede hacerse \u201cjusticia\u201d por propia mano? En ocasiones, de que puede, puede, pero se supone que no debe. Suele no ser justicia sino venganza. La respuesta debe ser: por supuesto que no, por lo menos si se aspira a una convivencia medianamente civilizada.<\/p>\n<p><!--more--><\/p>\n<p style=\"text-align: justify;\">Un ni\u00f1o informado de sexto de primaria responder\u00eda que para eso existen los tribunales. Quien piense que han sido vulnerados sus derechos tiene la posibilidad de interponer una denuncia para resolver de manera adecuada el litigio. Esas simplezas vienen al caso, porque ahora resulta que las decisiones de los tribunales son, al parecer, optativas para algunos miembros de la coalici\u00f3n gobernante.<\/p>\n<p style=\"text-align: justify;\">\u00bfY si los mandatos de los tribunales no son acatados por quienes detentan el poder hacia d\u00f3nde nos dirigimos?<\/p>\n<p style=\"text-align: justify;\">Morena y aliados en el Congreso decidieron excluir a los legisladores de Movimiento Ciudadano de la Comisi\u00f3n Permanente en diciembre pasado. Los diputados de MC acudieron al Tribunal Electoral para proteger sus derechos y revertir esa exclusi\u00f3n. El Tribunal les dio la raz\u00f3n dado que todos los grupos parlamentarios deben tener presencia en la Comisi\u00f3n Permanente y orden\u00f3 que en la siguiente ocasi\u00f3n deb\u00edan ser integrados.<\/p>\n<p style=\"text-align: justify;\">Pues bien, lleg\u00f3 la siguiente ocasi\u00f3n y a pesar de esa sentencia, en la nueva integraci\u00f3n de la CP volvieron a ser segregados. De nuevo MC volvi\u00f3 a apelar al Tribunal, ahora incluso por incumplimiento de sentencia. Y por supuesto el Tribunal resolvi\u00f3 \u2014no pod\u00eda ser de otra manera\u2014 que sus sentencias son obligatorias y deben cumplirse de manera forzosa.<\/p>\n<p style=\"text-align: justify;\">La Junta de Coordinaci\u00f3n Pol\u00edtica est\u00e1 obligada a consumarlas, no son opcionales, no depende de sus humores. No hay m\u00e1s. No obstante, la sentencia se ha desacatado y el propio Tribunal ha se\u00f1alado que, de no atenderse, los ciudadanos involucrados pueden quedar inhabilitados para ocupar un cargo p\u00fablico de elecci\u00f3n.<\/p>\n<p style=\"text-align: justify;\">Dada nuestra triste tradici\u00f3n en la materia, es decir, la laxa relaci\u00f3n que millones de personas mantienen con la ley, se tiende a minusvaluar esas transgresiones, a verlas como asuntos menores, insustanciales, casi como si fueran travesuras o vivezas de unos ni\u00f1os. Pero no es as\u00ed. Ni son ni\u00f1os, ni son particulares, sino legisladores obligados a cumplir, como m\u00ednimo, las sentencias emanadas del Poder Judicial.<\/p>\n<p style=\"text-align: justify;\">Est\u00e1n obligados porque en este caso las resoluciones del TEPJF son inatacables, salvo que crean que ellos viven por encima de los ordenamientos legales. Se trata del Congreso, en el que suponemos est\u00e1 presente la representaci\u00f3n plural de la naci\u00f3n y cristaliza el pacto federal, y si son capaces de comportarse como cuatreros, como si las normas que los obligan no existieran, se contin\u00faa abriendo la puerta a los excesos y antojos de quienes detentan el poder.<\/p>\n<p style=\"text-align: justify;\">Lo sabemos o deber\u00edamos saberlo: el poder sin ley se convierte en ileg\u00edtimo, solo ajust\u00e1ndose a la ley se legitima. Y todos los \u00f3rganos del Estado, se supone, est\u00e1n obligados a obedecerla. No es una cuesti\u00f3n a discusi\u00f3n y si el desacato contin\u00faa deber\u00e1n proceder las sanciones.<\/p>\n<p style=\"text-align: justify;\">Se ha escrito mucho y deber\u00eda ser un tema asimilado: la ley del m\u00e1s fuerte o la dictadura de la mayor\u00eda acaban por cancelar los derechos de las minor\u00edas. La ley de la selva es la negaci\u00f3n de una vida regulada y el reino del capricho. El asunto es m\u00e1s grave de lo que algunos piensan. Prefigura un despotismo sin frenos.<\/p>\n","protected":false},"excerpt":{"rendered":"<p>\u00bfQu\u00e9 debe hacer una persona, agrupaci\u00f3n, empresa, partido pol\u00edtico si considera que sus derechos han sido lastimados? \u00bfPuede hacerse \u201cjusticia\u201d por propia mano? En ocasiones, de que puede, puede, pero se supone que no debe. Suele no ser justicia sino venganza. La respuesta debe ser: por supuesto que no, por lo menos si se aspira [&hellip;]<\/p>\n","protected":false},"author":6,"featured_media":30476,"comment_status":"open","ping_status":"open","sticky":false,"template":"","format":"standard","meta":{"_acf_changed":false,"_monsterinsights_skip_tracking":false,"slim_seo":{"title":"Desacato - Opini\u00f3n P\u00fablica","description":"\u00bfQu\u00e9 debe hacer una persona, agrupaci\u00f3n, empresa, partido pol\u00edtico si considera que sus derechos han sido lastimados? \u00bfPuede hacerse \u201cjusticia\u201d por propia mano?"},"footnotes":""},"categories":[26],"tags":[],"class_list":["post-30477","post","type-post","status-publish","format-standard","has-post-thumbnail","hentry","category-de-chile-dulce-y-manteca-columna-invitada"],"acf":[],"_links":{"self":[{"href":"https:\/\/www.opinionpublica.tv\/portada\/wp-json\/wp\/v2\/posts\/30477","targetHints":{"allow":["GET"]}}],"collection":[{"href":"https:\/\/www.opinionpublica.tv\/portada\/wp-json\/wp\/v2\/posts"}],"about":[{"href":"https:\/\/www.opinionpublica.tv\/portada\/wp-json\/wp\/v2\/types\/post"}],"author":[{"embeddable":true,"href":"https:\/\/www.opinionpublica.tv\/portada\/wp-json\/wp\/v2\/users\/6"}],"replies":[{"embeddable":true,"href":"https:\/\/www.opinionpublica.tv\/portada\/wp-json\/wp\/v2\/comments?post=30477"}],"version-history":[{"count":0,"href":"https:\/\/www.opinionpublica.tv\/portada\/wp-json\/wp\/v2\/posts\/30477\/revisions"}],"wp:featuredmedia":[{"embeddable":true,"href":"https:\/\/www.opinionpublica.tv\/portada\/wp-json\/wp\/v2\/media\/30476"}],"wp:attachment":[{"href":"https:\/\/www.opinionpublica.tv\/portada\/wp-json\/wp\/v2\/media?parent=30477"}],"wp:term":[{"taxonomy":"category","embeddable":true,"href":"https:\/\/www.opinionpublica.tv\/portada\/wp-json\/wp\/v2\/categories?post=30477"},{"taxonomy":"post_tag","embeddable":true,"href":"https:\/\/www.opinionpublica.tv\/portada\/wp-json\/wp\/v2\/tags?post=30477"}],"curies":[{"name":"wp","href":"https:\/\/api.w.org\/{rel}","templated":true}]}}