{"id":30221,"date":"2022-06-11T06:00:00","date_gmt":"2022-06-11T04:00:00","guid":{"rendered":"https:\/\/www.opinionpublica.tv\/portada\/2022\/06\/11\/dan-miedo\/"},"modified":"2022-06-11T06:00:00","modified_gmt":"2022-06-11T04:00:00","slug":"dan-miedo","status":"publish","type":"post","link":"https:\/\/www.opinionpublica.tv\/portada\/dan-miedo\/","title":{"rendered":"Dan miedo"},"content":{"rendered":"<img fetchpriority=\"high\" decoding=\"async\" class=\" size-full wp-image-30220\" src=\"https:\/\/www.opinionpublica.tv\/portada\/wp-content\/uploads\/2022\/06\/994302540b19afc59bc1cdee777abbb2.jpg\" alt=\"\" class=\"caption\" title=\"Jos\u00e9 Woldenberg, acad\u00e9mico y primer presidente del IFE.\" width=\"270\" height=\"235\" \/>\n<p style=\"text-align: justify;\">Amenazaron y lo cumplieron. Y el asunto no puede verse de manera impasible. Es demasiado grave, extremo, ominoso. \u00bfSe dar\u00e1n cuenta de lo que hacen? \u00bfO ensoberbecidos y ciegos creen realmente que encarnan al pueblo y a la Patria?<\/p>\n<p><!--more--><\/p>\n<p style=\"text-align: justify;\">El martes pasado, Mario Delgado, l\u00edder de Morena present\u00f3 una denuncia ante la Fiscal\u00eda General de la Rep\u00fablica por traici\u00f3n a la patria contra los 223 diputados federales que votaron en contra de la reforma constitucional en materia el\u00e9ctrica. Acompa\u00f1\u00f3 la denuncia -seg\u00fan \u00e9l- de 1.7 millones de firmas y se acusa a los legisladores de traici\u00f3n a la patria por \u201cactos contra la independencia, soberan\u00eda e integridad de la Naci\u00f3n Mexicana con la finalidad de someterla a persona, grupo o gobierno extranjero\u201d como se encuentra tipificado en el art\u00edculo 123 del C\u00f3digo Penal Federal.<\/p>\n<p style=\"text-align: justify;\">Ahora las diferencias de opiniones, los votos de los diputados, que adem\u00e1s gozan de la garant\u00eda de inviolabilidad para expresar sus puntos de vista, son, seg\u00fan los morenistas, sujetos de litigios penales, que pueden llevar a la c\u00e1rcel a quienes no compartan sus iniciativas.<\/p>\n<p style=\"text-align: justify;\">Eso solo se hab\u00eda visto en dictaduras, en reg\u00edmenes pol\u00edticos que no garantizan la libertad de expresi\u00f3n, que no reconocen como leg\u00edtimo el pluralismo pol\u00edtico. No s\u00e9 si se dan cuenta que se est\u00e1n deslizando por una pendiente no solo peligrosa sino degenerativa. Los militantes y dirigentes de Morena hoy son mayor\u00eda en muchos espacios legislativos y gobiernan al pa\u00eds y a un buen n\u00famero de estados.<\/p>\n<p style=\"text-align: justify;\">Arribaron a esos cargos por v\u00edas democr\u00e1ticas, pero da la impresi\u00f3n que quisieran clausurarlas una vez que ellos est\u00e1n en el poder, porque solo su voz \u2014seg\u00fan ellos\u2014 representa al pueblo.<\/p>\n<p style=\"text-align: justify;\">Nada m\u00e1s falta que la Fiscal\u00eda llame a declarar a los presuntos culpables para que se cierre el c\u00edrculo de la opresi\u00f3n y la ignominia. Est\u00e1n jugando con fuego y el pa\u00eds no lo merece. Ciudadanos y legisladores, seg\u00fan nuestra Constituci\u00f3n vigente, tenemos garantizados nuestros derechos y el ejercicio de las libertades que a muchas generaciones cost\u00f3 hacer realidad. \u00bfQu\u00e9 pretenden? \u00bfConstruir una Inquisici\u00f3n? \u00bfPerseguir a quienes no comparten sus opiniones? \u00bfLlenar las c\u00e1rceles de opositores? \u00bfDe verdad, est\u00e1n locos o enloquecidos?<\/p>\n<p style=\"text-align: justify;\">Han traspasado un l\u00edmite que a todos nos deber\u00eda preocupar. Convertir las diferencias pol\u00edticas en asuntos penales, hacer de los legisladores opositores posible \u201ccarne de presidio\u201d. Ya lo hicieron, y los casos no est\u00e1n cerrados, contra 31 honorables cient\u00edficos, contra consejeros del INE y no sabemos contra quien m\u00e1s. Se han convertido en persecutores, no importa lo que piensen de s\u00ed mismos.<\/p>\n<p style=\"text-align: justify;\">No saben vivir en una sociedad modelada por una diversidad de ideolog\u00edas, sensibilidades, intereses, y quisieran convertirla en un ej\u00e9rcito o en una iglesia. Verdugos de las libertades quisieran adem\u00e1s que se les aplaudiera y se presentan a la Fiscal\u00eda con firmas como si para perseguir delitos se requiriera de alg\u00fan apoyo masivo. Desde los setentas, antes de la reforma pol\u00edtica, no se alimentaba el acoso, para generar miedo, de los disidentes como ahora.<\/p>\n<p style=\"text-align: justify;\">La demagogia deber\u00eda tener l\u00edmites, pero, por desgracia, no los tiene. Han llegado muy lejos. No conocemos el desenlace, pero cualquiera que sea, todos aquellos que firmaron o acompa\u00f1an la denuncia de Morena, tienen ya un lugar destacado en el museo de la infamia. No son pol\u00edticos democr\u00e1ticos, son autoritarios, carentes de \u00e9tica y proclives al despotismo. Triste y preocupante.<\/p>\n<p style=\"text-align: justify;\">\u00a0<\/p>\n","protected":false},"excerpt":{"rendered":"<p>Amenazaron y lo cumplieron. Y el asunto no puede verse de manera impasible. Es demasiado grave, extremo, ominoso. \u00bfSe dar\u00e1n cuenta de lo que hacen? \u00bfO ensoberbecidos y ciegos creen realmente que encarnan al pueblo y a la Patria?<\/p>\n","protected":false},"author":6,"featured_media":30220,"comment_status":"open","ping_status":"open","sticky":false,"template":"","format":"standard","meta":{"_acf_changed":false,"_monsterinsights_skip_tracking":false,"slim_seo":{"title":"Dan miedo - Opini\u00f3n P\u00fablica","description":"Amenazaron y lo cumplieron. Y el asunto no puede verse de manera impasible. Es demasiado grave, extremo, ominoso. \u00bfSe dar\u00e1n cuenta de lo que hacen? \u00bfO ensoberbe"},"footnotes":""},"categories":[26],"tags":[],"class_list":["post-30221","post","type-post","status-publish","format-standard","has-post-thumbnail","hentry","category-de-chile-dulce-y-manteca-columna-invitada"],"acf":[],"_links":{"self":[{"href":"https:\/\/www.opinionpublica.tv\/portada\/wp-json\/wp\/v2\/posts\/30221","targetHints":{"allow":["GET"]}}],"collection":[{"href":"https:\/\/www.opinionpublica.tv\/portada\/wp-json\/wp\/v2\/posts"}],"about":[{"href":"https:\/\/www.opinionpublica.tv\/portada\/wp-json\/wp\/v2\/types\/post"}],"author":[{"embeddable":true,"href":"https:\/\/www.opinionpublica.tv\/portada\/wp-json\/wp\/v2\/users\/6"}],"replies":[{"embeddable":true,"href":"https:\/\/www.opinionpublica.tv\/portada\/wp-json\/wp\/v2\/comments?post=30221"}],"version-history":[{"count":0,"href":"https:\/\/www.opinionpublica.tv\/portada\/wp-json\/wp\/v2\/posts\/30221\/revisions"}],"wp:featuredmedia":[{"embeddable":true,"href":"https:\/\/www.opinionpublica.tv\/portada\/wp-json\/wp\/v2\/media\/30220"}],"wp:attachment":[{"href":"https:\/\/www.opinionpublica.tv\/portada\/wp-json\/wp\/v2\/media?parent=30221"}],"wp:term":[{"taxonomy":"category","embeddable":true,"href":"https:\/\/www.opinionpublica.tv\/portada\/wp-json\/wp\/v2\/categories?post=30221"},{"taxonomy":"post_tag","embeddable":true,"href":"https:\/\/www.opinionpublica.tv\/portada\/wp-json\/wp\/v2\/tags?post=30221"}],"curies":[{"name":"wp","href":"https:\/\/api.w.org\/{rel}","templated":true}]}}