{"id":30197,"date":"2022-06-11T06:00:00","date_gmt":"2022-06-11T04:00:00","guid":{"rendered":"https:\/\/www.opinionpublica.tv\/portada\/2022\/06\/11\/efemerides-11-de-junio-3\/"},"modified":"2022-06-11T06:00:00","modified_gmt":"2022-06-11T04:00:00","slug":"efemerides-11-de-junio-3","status":"publish","type":"post","link":"https:\/\/www.opinionpublica.tv\/portada\/efemerides-11-de-junio-3\/","title":{"rendered":"Efem\u00e9rides 11 de junio"},"content":{"rendered":"<img fetchpriority=\"high\" decoding=\"async\" class=\" size-full wp-image-30196\" src=\"https:\/\/www.opinionpublica.tv\/portada\/wp-content\/uploads\/2022\/06\/cd700b34af8f744ffc30b141bf8aec5e.jpg\" alt=\"\" class=\"caption\" title=\"Jacques-Yves Cousteau, investigador oceanogr\u00e1fico y ecologista franc\u00e9s.\" width=\"700\" height=\"394\" srcset=\"https:\/\/www.opinionpublica.tv\/portada\/wp-content\/uploads\/2022\/06\/cd700b34af8f744ffc30b141bf8aec5e.jpg 700w, https:\/\/www.opinionpublica.tv\/portada\/wp-content\/uploads\/2022\/06\/cd700b34af8f744ffc30b141bf8aec5e-300x169.jpg 300w\" sizes=\"(max-width: 700px) 100vw, 700px\" \/>\n<p style=\"text-align: justify;\">Un d\u00eda 11 de junio como hoy, pero de 1910, nace Jacques-Yves Cousteau, investigador oceanogr\u00e1fico, comandante de la Marina francesa y ecologista franc\u00e9s.<\/p>\n<p><!--more--><\/p>\n<p style=\"text-align: justify;\"><strong>M\u00e1s efem\u00e9rides<\/strong><\/p>\n<p style=\"text-align: justify;\">1496.- Crist\u00f3bal Col\u00f3n llega a C\u00e1diz, de regreso de su segundo viaje a Am\u00e9rica.<\/p>\n<p style=\"text-align: justify;\">1580.- Juan de Garay, con algunos oficiales y 60 voluntarios, funda la ciudad de Trinidad, hoy Buenos Aires, lo que en realidad es la segunda fundaci\u00f3n de la capital argentina, ya que en 1535 la hab\u00eda fundado Pedro de Mendoza, y despu\u00e9s fue destruida por los indios.<\/p>\n<p style=\"text-align: justify;\">1762.- En su ataque a Cuba, la expedici\u00f3n inglesa toma La Caba\u00f1a, uno de los fuertes m\u00e1s importantes de La Habana.<\/p>\n<p style=\"text-align: justify;\">1787.- Nace Manuel Borrego, destacada figura en la lucha de la independencia de la Am\u00e9rica hispana.<\/p>\n<p style=\"text-align: justify;\">1823.- Las Cortes espa\u00f1olas declaran en C\u00e1diz a Fernando VII incapaz para reinar y se constituye una regencia integrada por tres personas.<\/p>\n<p style=\"text-align: justify;\">1838.- Nace Mariano Fortuny, pintor espa\u00f1ol.<\/p>\n<p style=\"text-align: justify;\">1879.- Nace Rudolf Pulitzer, periodista y editor estadounidense, creador, junto con su hermano Joseph, de los premios Pulitzer.<\/p>\n<p style=\"text-align: justify;\">1903.- El rey Alejandro I de Serbia y su esposa mueren en un atentado.<\/p>\n<p style=\"text-align: justify;\">1915.- Los ingleses conquistan la colonia alemana de Camer\u00fan.<\/p>\n<p style=\"text-align: justify;\">1927.- Recibido apote\u00f3sicamente en Nueva York el aviador Lindbergh, h\u00e9roe del primer vuelo sin escalas Nueva York-Par\u00eds.<\/p>\n<p style=\"text-align: justify;\">1928.- Nace Fabiola de Mora y Arag\u00f3n, espa\u00f1ola, reina de B\u00e9lgica.<\/p>\n<p style=\"text-align: justify;\">1928.- Nace Salvador Garmendia, escritor venezolano.<\/p>\n<p style=\"text-align: justify;\">1933.- los aviadores espa\u00f1oles Mariano Barber\u00e1n y Joaqu\u00edn Collar, con el avi\u00f3n \u00abCuatro Vientos\u00bb, llegan a Camag\u00fcey (Cuba) desde Sevilla, trayecto en el que invirtieron 39 horas y 55 minutos, plusmarca mundial de vuelo sin escala sobre el mar.<\/p>\n<p style=\"text-align: justify;\">1933.- Nace Gene Wilder (Jerome Silbermann), actor y director de cine estadounidense.<\/p>\n<p style=\"text-align: justify;\">1940.- Segunda Guerra Mundial: Gran Breta\u00f1a, Canad\u00e1, Australia y Nueva Zelanda declaran la guerra a Italia.<\/p>\n<p style=\"text-align: justify;\">1943.- La aviaci\u00f3n aliada ataca D\u00fcsseldorf (Alemania).<\/p>\n<p style=\"text-align: justify;\">1943.- Nace Robert Malval, pol\u00edtico haitiano.<\/p>\n<p style=\"text-align: justify;\">1946.- La Rep\u00fablica Democr\u00e1tica Alemana (RDA) elige a su primer presidente, Guillermo Pieck.<\/p>\n<p style=\"text-align: justify;\">1948.- Inauguraci\u00f3n de la l\u00ednea a\u00e9rea Buenos Aires-Madrid.<\/p>\n<p style=\"text-align: justify;\">1949.- El presidente estadounidense, Harry Truman, se pronuncia por el rearme en Europa y contra toda reducci\u00f3n de los cr\u00e9ditos del Plan Marshall.<\/p>\n<p style=\"text-align: justify;\">1963.- En Saig\u00f3n, un bonzo de la secta budista se inmola en protesta contra la pol\u00edtica religiosa del Gobierno de Ngo Dihn Diem.<\/p>\n<p style=\"text-align: justify;\">1979.- Muere John Wayne, actor estadounidense de cine.<\/p>\n<p style=\"text-align: justify;\">1981.- Muere Francisco Aguilera, hispanista y escritor chileno.<\/p>\n<p style=\"text-align: justify;\">1981.- Un terremoto en Ir\u00e1n de 6.8 grados causa miles de muertos y heridos.<\/p>\n<p style=\"text-align: justify;\">1984.- Muere Enrico Berlinguer, l\u00edder del Partido Comunista italiano.<\/p>\n<p style=\"text-align: justify;\">1987.- Victoria electoral del partido conservador en el Reino Unido: Margaret Thatcher inicia su tercer mandato.<\/p>\n<p style=\"text-align: justify;\">1992.- Muere Rafael Orozco, cantante colombiano.<\/p>\n<p style=\"text-align: justify;\">2000.- El ex general golpista paraguayo Lino Oviedo es detenido en Brasil, quince meses despu\u00e9s de fugarse de su pa\u00eds.<\/p>\n<p style=\"text-align: justify;\">2001.- Ejecutado el terrorista Timothy McVeigh por la voladura del edificio Alfred Murrah, en Oaklahoma City, que caus\u00f3 168 muertos en 1995.<\/p>\n<p style=\"text-align: justify;\">2001.- El poeta chileno Nicanor Parra obtiene el X Premio Reina Sof\u00eda de Poes\u00eda Iberoamericana.<\/p>\n<p style=\"text-align: justify;\">2003.- El Senado chileno aprueba que las Fuerzas Armadas dejen de ser los \u00fanicos garantes de la institucionalidad, pasando a desempe\u00f1ar esa funci\u00f3n todos los \u00f3rganos del Estado.<\/p>\n<p style=\"text-align: justify;\">2005.- Muere Vasco Gonsalves, general y ex primer ministro portugu\u00e9s tras la Revoluci\u00f3n de los Claveles.<\/p>\n<p style=\"text-align: justify;\">2007.- Muere Edda de los R\u00edos, actriz y escritora paraguaya.<\/p>\n<p style=\"text-align: justify;\">2009.- La OMS eleva la alerta por la gripe A al nivel de pandemia.<\/p>\n<p style=\"text-align: justify;\">2009.- La OTAN aprueba la retirada gradual de las fuerzas en Kosovo.<\/p>\n<p style=\"text-align: justify;\">\u00a0<\/p>\n","protected":false},"excerpt":{"rendered":"<p>Un d\u00eda 11 de junio como hoy, pero de 1910, nace Jacques-Yves Cousteau, investigador oceanogr\u00e1fico, comandante de la Marina francesa y ecologista franc\u00e9s.<\/p>\n","protected":false},"author":6,"featured_media":30196,"comment_status":"open","ping_status":"open","sticky":false,"template":"","format":"standard","meta":{"_acf_changed":false,"_monsterinsights_skip_tracking":false,"slim_seo":{"title":"Efem\u00e9rides 11 de junio - Opini\u00f3n P\u00fablica","description":"Un d\u00eda 11 de junio como hoy, pero de 1910, nace Jacques-Yves Cousteau, investigador oceanogr\u00e1fico, comandante de la Marina francesa y ecologista franc\u00e9s. M\u00e1s ef"},"footnotes":""},"categories":[27],"tags":[],"class_list":["post-30197","post","type-post","status-publish","format-standard","has-post-thumbnail","hentry","category-un-dia-como-hoy"],"acf":[],"_links":{"self":[{"href":"https:\/\/www.opinionpublica.tv\/portada\/wp-json\/wp\/v2\/posts\/30197","targetHints":{"allow":["GET"]}}],"collection":[{"href":"https:\/\/www.opinionpublica.tv\/portada\/wp-json\/wp\/v2\/posts"}],"about":[{"href":"https:\/\/www.opinionpublica.tv\/portada\/wp-json\/wp\/v2\/types\/post"}],"author":[{"embeddable":true,"href":"https:\/\/www.opinionpublica.tv\/portada\/wp-json\/wp\/v2\/users\/6"}],"replies":[{"embeddable":true,"href":"https:\/\/www.opinionpublica.tv\/portada\/wp-json\/wp\/v2\/comments?post=30197"}],"version-history":[{"count":0,"href":"https:\/\/www.opinionpublica.tv\/portada\/wp-json\/wp\/v2\/posts\/30197\/revisions"}],"wp:featuredmedia":[{"embeddable":true,"href":"https:\/\/www.opinionpublica.tv\/portada\/wp-json\/wp\/v2\/media\/30196"}],"wp:attachment":[{"href":"https:\/\/www.opinionpublica.tv\/portada\/wp-json\/wp\/v2\/media?parent=30197"}],"wp:term":[{"taxonomy":"category","embeddable":true,"href":"https:\/\/www.opinionpublica.tv\/portada\/wp-json\/wp\/v2\/categories?post=30197"},{"taxonomy":"post_tag","embeddable":true,"href":"https:\/\/www.opinionpublica.tv\/portada\/wp-json\/wp\/v2\/tags?post=30197"}],"curies":[{"name":"wp","href":"https:\/\/api.w.org\/{rel}","templated":true}]}}