{"id":30185,"date":"2022-06-07T06:00:00","date_gmt":"2022-06-07T04:00:00","guid":{"rendered":"https:\/\/www.opinionpublica.tv\/portada\/2022\/06\/07\/libertad-de-expresion\/"},"modified":"2022-06-07T06:00:00","modified_gmt":"2022-06-07T04:00:00","slug":"libertad-de-expresion","status":"publish","type":"post","link":"https:\/\/www.opinionpublica.tv\/portada\/libertad-de-expresion\/","title":{"rendered":"Libertad de expresi\u00f3n"},"content":{"rendered":"<img fetchpriority=\"high\" decoding=\"async\" class=\" size-full wp-image-30184\" src=\"https:\/\/www.opinionpublica.tv\/portada\/wp-content\/uploads\/2022\/06\/8b225daf2fb6981058bbf2fa23f55e0b.jpg\" alt=\"\" class=\"caption\" title=\"Eduardo Borunda Escobedo.\" width=\"215\" height=\"241\" \/>\n<p style=\"text-align: justify;\">Que las voces de la libertad de expresi\u00f3n nunca se callen\u2026 que la libertad de expresi\u00f3n sea m\u00e1s que un discurso pol\u00edtico de los gobiernos autoritarios o defensores de la democracia\u2026 Se ha comentado que sin libertad de expresi\u00f3n no existe la democracia y he de sostener entonces que la democracia exige el pleno reconocimiento a la libertad de expresi\u00f3n como una de las libertades de los seres humanos.<\/p>\n<p><!--more--><\/p>\n<p style=\"text-align: justify;\">En M\u00e9xico, desgraciadamente las estad\u00edsticas nos indican que cada 15 d\u00edas muere un periodista relacionado con el ejercicio de su libertad para escribir, para informar, para denunciar sin que hasta el momento se pueda sostener que en M\u00e9xico el ejercicio period\u00edstico est\u00e9 exento de la amenaza y de la muerte convirtiendo esta noble profesi\u00f3n en una de las m\u00e1s dif\u00edciles pero sobre todo una de las m\u00e1s peligrosas en el mundo.<\/p>\n<p style=\"text-align: justify;\">La conmemoraci\u00f3n del d\u00eda de la libertad de expresi\u00f3n se ha convertido en un ritual pol\u00edtico donde los gobiernos aprovechan para enviar mensajes a la ciudadan\u00eda que cada d\u00eda est\u00e1 m\u00e1s informada y consciente de los riesgos de padecer una dictadura o un gobierno que no respeta los principios y los valores del ejercicio de una de las libertades de los seres humanos y no me refiero exclusivamente a M\u00e9xico como pa\u00eds sino a nivel internacional los ataques en contra del periodismo no solamente son verbales sino tambi\u00e9n son en contra de su vida.<\/p>\n<p style=\"text-align: justify;\">Rub\u00e9n Villalpando, periodista independiente, radicado en Ciudad Ju\u00e1rez Chihuahua quien denunci\u00f3 los casos de hostigamiento en contra de la periodista del peri\u00f3dico Norte Miroslava Breach. Ella muri\u00f3 en Chihuahua en manos del crimen organizado y a\u00fan no hay justicia para ella y sus deudos.<\/p>\n<p style=\"text-align: justify;\">Rub\u00e9n Villalpando estuvo en primera fila este 7 de junio del a\u00f1o 2022 frente al presidente Andr\u00e9s Manuel L\u00f3pez Obrador una distinci\u00f3n noble para un periodista que ha luchado por los intereses de los periodistas en la localidad, del propio estado y es un reconocimiento a su trayectoria que implica muchas veces la confrontaci\u00f3n de ideas ante grupos que no reconocen en la libertad de expresi\u00f3n un derecho ciudadano y para quienes consideran tambi\u00e9n que un periodista debe de ser o una tapadera del Gobierno o un profesionista qu\u00e9 se dedica \u00fanica y exclusivamente a se\u00f1alar los errores sin una cr\u00edtica constructiva porque el periodismo se ejerce sin presi\u00f3n y debe ejercerse desde la \u00e9tica que muchos han olvidado en lo general. Rub\u00e9n Villalpando representa entonces a la vieja Guardia del periodismo juarense, con la vocaci\u00f3n y el compromiso de se\u00f1alar los errores y los aciertos.<\/p>\n<p style=\"text-align: justify;\">Las estructuras del poder pol\u00edtico en M\u00e9xico tienen en el Cuarto Poder un reconocimiento t\u00e1cito en frases lapidarias de los grupos de presi\u00f3n que han reconocido entonces que los medios te hacen o te destruyen. Los periodistas tienen la convicci\u00f3n de informar con veracidad, la deontolog\u00eda period\u00edstica debe recuperarse desde la exigencia ciudadana porque no cualquiera que se diga periodista lo es y el dem\u00e9rito que han conseguido estos pseudo periodistas son propiciados precisamente por quienes desde el chantaje medi\u00e1tico buscan el beneficio personal m\u00e1s que el colectivo que es el de informar con la verdad.<\/p>\n<p style=\"text-align: justify;\">Las pr\u00f3ximas generaciones de periodistas que surjan de las universidades, de las escuelas de periodismo y de los talleres de las propias empresas que se dedican como misi\u00f3n a informar a la sociedad deben fomentar estos principios que establece el c\u00f3digo de las empresas.<\/p>\n<p style=\"text-align: justify;\">C\u00f3digos que deben de respetar, que deben sumar y c\u00f3digos que deben de ser construidos de la mano entre sociedad y empresas. la visi\u00f3n de las empresas que se dedican al periodismo deben de ser publicados y tenerlos a la vista e incluso deben se\u00f1alar sus preferencias pol\u00edticas para que sus lectores, radioescuchas y televidentes sepan la orientaci\u00f3n partidista, ideol\u00f3gica o simpatizante en una contienda electoral y evitar que la nota period\u00edstica se conviertan en una editorial con la intenci\u00f3n de influir en un electorado que puede ser enga\u00f1ado.<\/p>\n<p style=\"text-align: justify;\">En conclusi\u00f3n, el periodismo debe evolucionar y definirse desde sus salas de redacci\u00f3n para cumplir con los compromisos de la sociedad actual.<\/p>\n","protected":false},"excerpt":{"rendered":"<p>Que las voces de la libertad de expresi\u00f3n nunca se callen\u2026 que la libertad de expresi\u00f3n sea m\u00e1s que un discurso pol\u00edtico de los gobiernos autoritarios o defensores de la democracia\u2026 Se ha comentado que sin libertad de expresi\u00f3n no existe la democracia y he de sostener entonces que la democracia exige el pleno reconocimiento [&hellip;]<\/p>\n","protected":false},"author":6,"featured_media":30184,"comment_status":"open","ping_status":"open","sticky":false,"template":"","format":"standard","meta":{"_acf_changed":false,"_monsterinsights_skip_tracking":false,"slim_seo":{"title":"Libertad de expresi\u00f3n - Opini\u00f3n P\u00fablica","description":"Que las voces de la libertad de expresi\u00f3n nunca se callen\u2026 que la libertad de expresi\u00f3n sea m\u00e1s que un discurso pol\u00edtico de los gobiernos autoritarios o defenso"},"footnotes":""},"categories":[31],"tags":[],"class_list":["post-30185","post","type-post","status-publish","format-standard","has-post-thumbnail","hentry","category-galimatias"],"acf":[],"_links":{"self":[{"href":"https:\/\/www.opinionpublica.tv\/portada\/wp-json\/wp\/v2\/posts\/30185","targetHints":{"allow":["GET"]}}],"collection":[{"href":"https:\/\/www.opinionpublica.tv\/portada\/wp-json\/wp\/v2\/posts"}],"about":[{"href":"https:\/\/www.opinionpublica.tv\/portada\/wp-json\/wp\/v2\/types\/post"}],"author":[{"embeddable":true,"href":"https:\/\/www.opinionpublica.tv\/portada\/wp-json\/wp\/v2\/users\/6"}],"replies":[{"embeddable":true,"href":"https:\/\/www.opinionpublica.tv\/portada\/wp-json\/wp\/v2\/comments?post=30185"}],"version-history":[{"count":0,"href":"https:\/\/www.opinionpublica.tv\/portada\/wp-json\/wp\/v2\/posts\/30185\/revisions"}],"wp:featuredmedia":[{"embeddable":true,"href":"https:\/\/www.opinionpublica.tv\/portada\/wp-json\/wp\/v2\/media\/30184"}],"wp:attachment":[{"href":"https:\/\/www.opinionpublica.tv\/portada\/wp-json\/wp\/v2\/media?parent=30185"}],"wp:term":[{"taxonomy":"category","embeddable":true,"href":"https:\/\/www.opinionpublica.tv\/portada\/wp-json\/wp\/v2\/categories?post=30185"},{"taxonomy":"post_tag","embeddable":true,"href":"https:\/\/www.opinionpublica.tv\/portada\/wp-json\/wp\/v2\/tags?post=30185"}],"curies":[{"name":"wp","href":"https:\/\/api.w.org\/{rel}","templated":true}]}}