{"id":30177,"date":"2022-06-07T06:00:00","date_gmt":"2022-06-07T04:00:00","guid":{"rendered":"https:\/\/www.opinionpublica.tv\/portada\/2022\/06\/07\/cepal-estima-que-habra-hasta-2-5-millones-mas-de-pobres-en-mexico-durante-2022\/"},"modified":"2022-06-07T06:00:00","modified_gmt":"2022-06-07T04:00:00","slug":"cepal-estima-que-habra-hasta-2-5-millones-mas-de-pobres-en-mexico-durante-2022","status":"publish","type":"post","link":"https:\/\/www.opinionpublica.tv\/portada\/cepal-estima-que-habra-hasta-2-5-millones-mas-de-pobres-en-mexico-durante-2022\/","title":{"rendered":"Cepal estima que habr\u00e1 hasta 2.5 millones m\u00e1s de pobres en M\u00e9xico durante 2022"},"content":{"rendered":"<p><img fetchpriority=\"high\" decoding=\"async\" class=\" size-full wp-image-30176\" src=\"https:\/\/www.opinionpublica.tv\/portada\/wp-content\/uploads\/2022\/06\/72cd500692654fce6fdda4cae935e1d7.jpg\" alt=\"\" class=\"caption\" title=\"La pobreza en M\u00e9xico ha aumentado durante el gobierno del presidente L\u00f3pez Obrador.\" width=\"299\" height=\"169\" \/><br \/>\n<!--more--><\/p>\n<p style=\"text-align: justify;\"><em>Ciudad de M\u00e9xico<\/em>.- Latinoam\u00e9rica enfrenta una desaceleraci\u00f3n econ\u00f3mica que llevar\u00e1 a un crecimiento en la regi\u00f3n de 1.8%, y aumento de la pobreza de 7.8 millones de personas en 2022; para M\u00e9xico el crecimiento ser\u00e1 de 1.7% y el incremento de pobres de hasta 2.5 millones de personas, dijo la Comisi\u00f3n Econ\u00f3mica para Am\u00e9rica Latina y el Caribe (Cepal).<\/p>\n<p style=\"text-align: justify;\">El secretario ejecutivo interino de la Comisi\u00f3n, Mario Cimoli, dijo que esto es resultado de una secuencia de crisis a la que se sum\u00f3 la problem\u00e1tica por la pandemia, el conflicto Rusia-Ucrania, la inflaci\u00f3n, las tensiones entre Estados Unidos y China, entre muchos otros problemas.<\/p>\n<p style=\"text-align: justify;\">Durante la presentaci\u00f3n del estudio Repercusiones en Am\u00e9rica Latina y el Caribe de la guerra en Ucrania \u00bfc\u00f3mo enfrentar esta nueva crisis? Cimoli explic\u00f3 que ante los impactos en el aumento de los niveles de pobreza de 7.8 millones de personas en la regi\u00f3n \u201chace falta una pol\u00edtica econ\u00f3mica que permita que esto no se nos vaya de las manos\u201d.<\/p>\n<p style=\"text-align: justify;\">Hay que recordar que se esperan restricciones en el acceso a los alimentos, \u201cporque la inflaci\u00f3n en alimentos aument\u00f3 la inseguridad alimentaria\u201d y los que m\u00e1s sufrir\u00e1n son los hogares pobres.<\/p>\n<p style=\"text-align: justify;\">El problema es que la inflaci\u00f3n sigue al alza y entre abril de 2021 y el mismo mes de 2022 el incremento fue de 8.1%.<\/p>\n<p style=\"text-align: justify;\"><strong>Reducen expectativas de crecimiento<\/strong><\/p>\n<p style=\"text-align: justify;\">Por ello, la Cepal ajust\u00f3 las expectativas de crecimiento para este 2022. Para la regi\u00f3n, de 2.1% que consider\u00f3 a principios del 2022 la estimaci\u00f3n se redujo a 1.8%. Para M\u00e9xico de una expectativa de 2.9% disminuy\u00f3 a 1.7%.<\/p>\n<p style=\"text-align: justify;\">En el estudio se dijo que \u201cdespu\u00e9s de la expansi\u00f3n econ\u00f3mica observada en 2021, la Cepal anticipaba una desaceleraci\u00f3n del crecimiento de la econom\u00eda de la regi\u00f3n, que pasar\u00eda de un 6.3% en 2021 a no m\u00e1s de un 2.1% en 2022&#8230;Sin embargo, dadas las repercusiones de la guerra, la tendencia anticipada se ha acentuado, lo que ha llevado a una revisi\u00f3n a la baja de las estimaciones\u201d.<\/p>\n<p style=\"text-align: justify;\">Los crecimientos m\u00e1s altos se observar\u00e1n en Panam\u00e1 con 6.3%, Rep\u00fablica Dominicana con 5.3%, Venezuela 5%, Colombia 4.8%, Guatemala 4.2%, as\u00ed como el 10.1% de los pa\u00edses del Caribe, entre otros, mientras que con menor crecimiento est\u00e1n Chile 1.5%, Brasil 0.4% y Hait\u00ed 0.6%.<\/p>\n<p style=\"text-align: justify;\">El director de la Divisi\u00f3n de Desarrollo Econ\u00f3mico de la Cepal, Daniel Titelman, dijo que \u201cen t\u00e9rminos generales observamos para la regi\u00f3n que despu\u00e9s del fuerte crecimiento de 2021 hay una desaceleraci\u00f3n muy fuerte. Para el pr\u00f3ximo a\u00f1o es un sesgo a la baja, la regi\u00f3n va a entrar en una fase de bajo crecimiento que ya tra\u00eda antes de la pandemia\u201d.<\/p>\n<p style=\"text-align: justify;\">La trayectoria de crecimiento espera un menor crecimiento y en la din\u00e1mica inflacionaria se esperar\u00e1n tasas menores que en este a\u00f1o.<\/p>\n<p style=\"text-align: justify;\"><strong>Aumentar\u00e1 pobreza en 2022 <\/strong><\/p>\n<p style=\"text-align: justify;\">Como resultado de la inflaci\u00f3n y de la desaceleraci\u00f3n econ\u00f3mica para 2022 se espera un crecimiento de la pobreza, que revertir\u00e1 los avances del 2021, de acuerdo con la Cepal.<\/p>\n<p style=\"text-align: justify;\">\u201cLa Cepal prev\u00e9 que la pobreza extrema y la pobreza se elevar\u00e1n por sobre los niveles estimados para 2021. La incidencia de la pobreza regional alcanzar\u00eda 33%.<\/p>\n<p style=\"text-align: justify;\">Por su parte la pobreza extrema alcanzar\u00eda 14.5%&#8230; El aumento de 1 punto porcentual de la pobreza extrema implicar\u00eda que 7.8 millones de personas se sumar\u00edan a los 86.4 millones cuya seguridad alimentaria ya est\u00e1 en riesgo\u201d.<\/p>\n<p style=\"text-align: justify;\">El director de Divisi\u00f3n de Estad\u00edstica de la Cepal, Rolando Ocampo, dijo que \u201cestamos esperando incrementos de la pobreza de manera significativa en Colombia, M\u00e9xico, Paraguay, Brasil, sin embargo, en pa\u00edses como Bolivia y Panam\u00e1 estamos previendo que inclusive disminuya la pobreza\u201d.<\/p>\n<p style=\"text-align: justify;\">Explic\u00f3 que para M\u00e9xico las estimaciones \u201cnos llevar\u00edan a incrementos de pobreza de 1 mill\u00f3n 600 mil personas que pasar\u00edan a pobreza, con el escenario extremo de 2.5 millones de personas que estar\u00edan en pobreza\u201d.<\/p>\n<p style=\"text-align: justify;\">El funcionario de la Cepal agreg\u00f3 que \u201cen t\u00e9rminos de M\u00e9xico las proyecciones lanzan incremento de 1.3 puntos porcentuales, si el escenario se mantiene como viene en este proceso, si hay un incremento con la estimaci\u00f3n de subir 2% m\u00e1s el escenario como ven\u00eda hasta marzo la inflaci\u00f3n, estar\u00edamos hablando de 2.3 puntos porcentuales en t\u00e9rminos de pobreza\u201d.<\/p>\n","protected":false},"excerpt":{"rendered":"","protected":false},"author":6,"featured_media":30176,"comment_status":"open","ping_status":"open","sticky":false,"template":"","format":"standard","meta":{"_acf_changed":false,"_monsterinsights_skip_tracking":false,"slim_seo":{"title":"Cepal estima que habr\u00e1 hasta 2.5 millones m\u00e1s de pobres en M\u00e9xico durante 2022 - Opini\u00f3n P\u00fablica","description":"Ciudad de M\u00e9xico .- Latinoam\u00e9rica enfrenta una desaceleraci\u00f3n econ\u00f3mica que llevar\u00e1 a un crecimiento en la regi\u00f3n de 1.8%, y aumento de la pobreza de 7.8 millon"},"footnotes":""},"categories":[3],"tags":[592,460],"class_list":["post-30177","post","type-post","status-publish","format-standard","has-post-thumbnail","hentry","category-principal","tag-cepal","tag-pobreza-en-mexico"],"acf":[],"_links":{"self":[{"href":"https:\/\/www.opinionpublica.tv\/portada\/wp-json\/wp\/v2\/posts\/30177","targetHints":{"allow":["GET"]}}],"collection":[{"href":"https:\/\/www.opinionpublica.tv\/portada\/wp-json\/wp\/v2\/posts"}],"about":[{"href":"https:\/\/www.opinionpublica.tv\/portada\/wp-json\/wp\/v2\/types\/post"}],"author":[{"embeddable":true,"href":"https:\/\/www.opinionpublica.tv\/portada\/wp-json\/wp\/v2\/users\/6"}],"replies":[{"embeddable":true,"href":"https:\/\/www.opinionpublica.tv\/portada\/wp-json\/wp\/v2\/comments?post=30177"}],"version-history":[{"count":0,"href":"https:\/\/www.opinionpublica.tv\/portada\/wp-json\/wp\/v2\/posts\/30177\/revisions"}],"wp:featuredmedia":[{"embeddable":true,"href":"https:\/\/www.opinionpublica.tv\/portada\/wp-json\/wp\/v2\/media\/30176"}],"wp:attachment":[{"href":"https:\/\/www.opinionpublica.tv\/portada\/wp-json\/wp\/v2\/media?parent=30177"}],"wp:term":[{"taxonomy":"category","embeddable":true,"href":"https:\/\/www.opinionpublica.tv\/portada\/wp-json\/wp\/v2\/categories?post=30177"},{"taxonomy":"post_tag","embeddable":true,"href":"https:\/\/www.opinionpublica.tv\/portada\/wp-json\/wp\/v2\/tags?post=30177"}],"curies":[{"name":"wp","href":"https:\/\/api.w.org\/{rel}","templated":true}]}}