{"id":30173,"date":"2022-06-07T06:00:00","date_gmt":"2022-06-07T04:00:00","guid":{"rendered":"https:\/\/www.opinionpublica.tv\/portada\/2022\/06\/07\/todos-somos-johnny-deep-6a-carta-a-javier-corral\/"},"modified":"2022-06-07T06:00:00","modified_gmt":"2022-06-07T04:00:00","slug":"todos-somos-johnny-deep-6a-carta-a-javier-corral","status":"publish","type":"post","link":"https:\/\/www.opinionpublica.tv\/portada\/todos-somos-johnny-deep-6a-carta-a-javier-corral\/","title":{"rendered":"Todos somos Johnny Deep, 6a carta a Javier Corral"},"content":{"rendered":"<img fetchpriority=\"high\" decoding=\"async\" class=\" size-full wp-image-30172\" src=\"https:\/\/www.opinionpublica.tv\/portada\/wp-content\/uploads\/2022\/06\/72e9f060bb320cade3be128b2a78edaa.jpg\" alt=\"\" class=\"caption\" title=\"Luis Villegas Montes.\" width=\"255\" height=\"198\" \/>\n<p>De entrada, te apeo el \u201custed\u201d de toda la vida, no lo mereces. Tu actuar reciente desmerece cualquier tratamiento que signifique la menor cortes\u00eda. Eres un hocic\u00f3n, un fel\u00f3n, un perverso y un cobarde y el trato con los de tu cala\u00f1a debe ser consecuente con tu condici\u00f3n de traidor nato.<\/p>\n<p><!--more--><\/p>\n<p>Javier:<\/p>\n<p style=\"text-align: justify;\">Hace unos d\u00edas, diste una entrevista en el programa \u201cAs\u00ed las Cosas\u201d, con Javier Risco, en la W Radio, visible en el sitio de Internet https:\/\/play.wradio.com.mx\/audio\/111RD380000000124888\/?fbclid=IwAR1s3udzqjIXVo9bnqySL4LKtVecZoxVQzQY-SPy_f08znMehMc5SFjxSZs, donde entre otras cosas afirmas, categ\u00f3rico (audible a partir del minuto 18\u201d del audio), que obr\u00e9 \u201ccomo testigo de descargo del ex gobernador\u201d; y que en alg\u00fan punto afirm\u00e9 que: se \u201ctrataba de una persecuci\u00f3n pol\u00edtica\u201d y que: \u201cno hab\u00eda condiciones en el Estado de Chihuahua para juzgar a C\u00e9sar Duarte porque se trataba de un asunto estrictamente pol\u00edtico, de persecuci\u00f3n pol\u00edtica\u201d.<\/p>\n<p style=\"text-align: justify;\">Mientes, perro.<\/p>\n<p style=\"text-align: justify;\">En un alarde de esos tan propios de ti, con tu voz impostada y la parafernalia verbal que caracteriza tus diarreicos discursos, confundes, tergiversas y manipulas datos e informaci\u00f3n. Detallar los dislates y estupideces en que incurres me llevar\u00eda demasiado tiempo, centr\u00e9monos en lo que nos debe interesar: tus acusaciones en mi contra.<\/p>\n<p style=\"text-align: justify;\">Deber\u00edas saber, licenciado en leyes como se supone que eres, que existe una expresi\u00f3n latina (onus probandi) que en t\u00e9rminos generales alude a lo que en derecho se denomina \u201ccarga de la prueba\u201d o, lo que es lo mismo, qui\u00e9n debe probar qu\u00e9 en una controversia judicial.<\/p>\n<p style=\"text-align: justify;\">De esta noci\u00f3n derivan varios principios; uno de los cuales es el de \u201caffirmanti incumbit probatio\u201d, que significa que: a quien asevera cualquier cosa, incumbe la carga de probarla. En s\u00edntesis, este aforismo implica que la obligaci\u00f3n de demostrar una afirmaci\u00f3n recae en quien la realiza. Es evidente que el abogaducho mediocre que eres ya olvid\u00f3 este principio o, en tu accidentado y lamentable paso por la escuela de leyes, ni siquiera lo estudi\u00f3.<\/p>\n<p style=\"text-align: justify;\">En la especie, te exijo y te emplazo, de manera p\u00fablica, a que pruebes tu dicho. Es m\u00e1s, te reto a un debate p\u00fablico, cuando quieras y donde quieras, para que demuestres las infamias que propalas. Vamos a ver si puedes, sin asesores y sin tarjetitas (y sabes de lo que hablo), articular un discurso conciso que prescinda de florituras verbales y se atenga a los hechos y a las pruebas.<\/p>\n<p style=\"text-align: justify;\">Vas a sudar, g\u00fcev\u00f3n.<\/p>\n<p style=\"text-align: justify;\">T\u00fa y yo sabemos que t\u00fa solo sirves para armar discursos con ideas prestadas. En cambio, yo he construido (y desmontado) casos, a partir de probar hechos; as\u00ed fue como, entre otras cosas, te hice diputado federal en 2009 y llegaste al Senado de la Rep\u00fablica en 2012; digo, por si no te acuerdas.<\/p>\n<p style=\"text-align: justify;\">Claro que al debate no vas a acceder. Te vas a \u201crajar\u201d porque no puedes probar tus infundios; y no puedes, animalito, simplemente porque no es cierto lo que se\u00f1alas. Y eso te mete en un brete.<\/p>\n<p style=\"text-align: justify;\">Vas a tener que responder de tus dichos.<\/p>\n<p style=\"text-align: justify;\">Hablar a lo baboso como acostumbras, Javier, tiene consecuencias legales. Voy a sentarme a estudiar nuestro caso y, te lo prometo, no voy a descansar hasta obtener una sentencia favorable que te obligue a una disculpa p\u00fablica y, eventualmente y si procede, a un resarcimiento econ\u00f3mico.<\/p>\n<p style=\"text-align: justify;\">No hablar\u00e9 de da\u00f1o moral, en lo absoluto, los dichos de un imb\u00e9cil producen en mi \u00e1nimo lo que \u2014dicen\u2014 el viento le hizo a Ju\u00e1rez. Se trata de otra cosa, de darte una lecci\u00f3n de vida; de no dejar sin castigo el abuso y el exceso de tu perturbada ret\u00f3rica. En todo caso, atacar\u00e9 la vileza y la ligereza de tu proceder.<\/p>\n<p style=\"text-align: justify;\">T\u00fa que hablas de la necesidad ineludible de combatir la impunidad entender\u00e1s el porqu\u00e9. No puedes ir por la vida acusando a diestra y siniestra, sin pruebas, a las personas.<\/p>\n<p style=\"text-align: justify;\">Como deber\u00edas saber, si en verdad hubieras estudiado derecho y fueras ese monumento a la integridad que pretendes ser, la fracci\u00f3n I, del apartado B, del art\u00edculo 20, de la Constituci\u00f3n federal, determina que toda persona imputada tiene derecho \u201ca que se presuma su inocencia mientras no se declare su responsabilidad mediante sentencia emitida por el juez de la causa\u201d.<\/p>\n<p style=\"text-align: justify;\">Al respecto, Carbonell apunta: \u201cComo se sabe, uno de los principios b\u00e1sicos del derecho penal moderno y del derecho constitucional, en la medida en que tiene por objetivo preservar la libertad, es la presunci\u00f3n de inocencia\u201d.[1] Es decir, incluso en el supuesto de que existan indicios de que una persona actu\u00f3 de manera ilegal, es necesario agotar el respectivo procedimiento que culmine en una sentencia firme que confirme, o no, tal aserto.<\/p>\n<p style=\"text-align: justify;\">Voy a decirlo de manera breve: por primera vez en tu vida vas a estar preocupado y ocupado, mentecato; nos vamos a entretener. De nueva cuenta, te lo prometo.<\/p>\n<p style=\"text-align: justify;\">La referencia a Johnny Deep (hete aqu\u00ed una necesaria embadurnada de cultura pop, inculto monumental como eres) resulta oportuna porque, como todo mundo sabe, a Amber Heard le fue como en feria por bocazas, porque pens\u00f3 que mentir y calumniar no tendr\u00eda secuela alguna. Ya ves. M\u00edrate en ese espejo.<\/p>\n<p style=\"text-align: justify;\">Nos vemos en los tribunales; a ver si como roncas\u2026 duermes.<\/p>\n<p style=\"text-align: justify;\">Cont\u00e1cteme a trav\u00e9s de mi correo electr\u00f3nico o s\u00edgame en los medios que gentilmente me publican, en Facebook o tambi\u00e9n en mi blog: https:\/\/unareflexionpersonal.wordpress.com\/<\/p>\n<p style=\"text-align: justify;\">Luis Villegas Montes.<\/p>\n<p style=\"text-align: justify;\">luvimo6608@gmail.com, luvimo6614@hotmail.com<\/p>\n","protected":false},"excerpt":{"rendered":"<p>De entrada, te apeo el \u201custed\u201d de toda la vida, no lo mereces. Tu actuar reciente desmerece cualquier tratamiento que signifique la menor cortes\u00eda. Eres un hocic\u00f3n, un fel\u00f3n, un perverso y un cobarde y el trato con los de tu cala\u00f1a debe ser consecuente con tu condici\u00f3n de traidor nato.<\/p>\n","protected":false},"author":6,"featured_media":30172,"comment_status":"open","ping_status":"open","sticky":false,"template":"","format":"standard","meta":{"_acf_changed":false,"_monsterinsights_skip_tracking":false,"slim_seo":{"title":"Todos somos Johnny Deep, 6a carta a Javier Corral - Opini\u00f3n P\u00fablica","description":"De entrada, te apeo el \u201custed\u201d de toda la vida, no lo mereces. Tu actuar reciente desmerece cualquier tratamiento que signifique la menor cortes\u00eda. Eres un hoci"},"footnotes":""},"categories":[19],"tags":[],"class_list":["post-30173","post","type-post","status-publish","format-standard","has-post-thumbnail","hentry","category-principal-columnas"],"acf":[],"_links":{"self":[{"href":"https:\/\/www.opinionpublica.tv\/portada\/wp-json\/wp\/v2\/posts\/30173","targetHints":{"allow":["GET"]}}],"collection":[{"href":"https:\/\/www.opinionpublica.tv\/portada\/wp-json\/wp\/v2\/posts"}],"about":[{"href":"https:\/\/www.opinionpublica.tv\/portada\/wp-json\/wp\/v2\/types\/post"}],"author":[{"embeddable":true,"href":"https:\/\/www.opinionpublica.tv\/portada\/wp-json\/wp\/v2\/users\/6"}],"replies":[{"embeddable":true,"href":"https:\/\/www.opinionpublica.tv\/portada\/wp-json\/wp\/v2\/comments?post=30173"}],"version-history":[{"count":0,"href":"https:\/\/www.opinionpublica.tv\/portada\/wp-json\/wp\/v2\/posts\/30173\/revisions"}],"wp:featuredmedia":[{"embeddable":true,"href":"https:\/\/www.opinionpublica.tv\/portada\/wp-json\/wp\/v2\/media\/30172"}],"wp:attachment":[{"href":"https:\/\/www.opinionpublica.tv\/portada\/wp-json\/wp\/v2\/media?parent=30173"}],"wp:term":[{"taxonomy":"category","embeddable":true,"href":"https:\/\/www.opinionpublica.tv\/portada\/wp-json\/wp\/v2\/categories?post=30173"},{"taxonomy":"post_tag","embeddable":true,"href":"https:\/\/www.opinionpublica.tv\/portada\/wp-json\/wp\/v2\/tags?post=30173"}],"curies":[{"name":"wp","href":"https:\/\/api.w.org\/{rel}","templated":true}]}}