{"id":30143,"date":"2022-06-07T06:00:00","date_gmt":"2022-06-07T04:00:00","guid":{"rendered":"https:\/\/www.opinionpublica.tv\/portada\/2022\/06\/07\/efemerides-7-de-junio-5\/"},"modified":"2022-06-07T06:00:00","modified_gmt":"2022-06-07T04:00:00","slug":"efemerides-7-de-junio-5","status":"publish","type":"post","link":"https:\/\/www.opinionpublica.tv\/portada\/efemerides-7-de-junio-5\/","title":{"rendered":"Efem\u00e9rides 7 de junio"},"content":{"rendered":"<img fetchpriority=\"high\" decoding=\"async\" class=\" size-full wp-image-30142\" src=\"https:\/\/www.opinionpublica.tv\/portada\/wp-content\/uploads\/2022\/06\/7f99bc1814f8aaf578f8c75ec453a2f9.jpg\" alt=\"\" class=\"caption\" title=\"El Canal de Panam\u00e1 comunica el Oc\u00e9ano Pac\u00edfico y el Oc\u00e9ano Atl\u00e1ntico.\" width=\"328\" height=\"154\" srcset=\"https:\/\/www.opinionpublica.tv\/portada\/wp-content\/uploads\/2022\/06\/7f99bc1814f8aaf578f8c75ec453a2f9.jpg 328w, https:\/\/www.opinionpublica.tv\/portada\/wp-content\/uploads\/2022\/06\/7f99bc1814f8aaf578f8c75ec453a2f9-300x141.jpg 300w\" sizes=\"(max-width: 328px) 100vw, 328px\" \/>\n<p style=\"text-align: justify;\">Un d\u00eda 7 de junio como hoy, pero de 1914, se inaugura el Canal de Panam\u00e1 con el paso del trasatl\u00e1ntico estadounidense \u00abAliance\u00bb, de 40\u00a0mil toneladas, desde el Atl\u00e1ntico al Pac\u00edfico.<\/p>\n<p><!--more--><\/p>\n<p style=\"text-align: justify;\"><strong>M\u00e1s efem\u00e9rides<\/strong><\/p>\n<p style=\"text-align: justify;\">1494.- Los reinos de Castilla y Portugal firman el Tratado de Tordesillas por el que se reparten las zonas de navegaci\u00f3n y conquista del oc\u00e9ano Atl\u00e1ntico y del Nuevo Mundo.<\/p>\n<p style=\"text-align: justify;\">1517.- El navegante Juan de Grijalba descubre en M\u00e9xico el r\u00edo al que dio el nombre de Tabasco, que era el del cacique de aquel lugar.<\/p>\n<p style=\"text-align: justify;\">1629.- La ciudad haitiana de Port Royal sufre tres sacudidas s\u00edsmicas que la destruyen totalmente.<\/p>\n<p style=\"text-align: justify;\">1671.- Un incendio en el Monasterio de El Escorial arrasa con m\u00e1s de 5,000 c\u00f3dices de su Biblioteca.<\/p>\n<p style=\"text-align: justify;\">1755.- Un terremoto en el norte de Persia causa m\u00e1s de 40,000 v\u00edctimas.<\/p>\n<p style=\"text-align: justify;\">1762.- Los ingleses inician el desembarco en Cuba, utilizando para ello Cogimar y Guanabacoa.<\/p>\n<p style=\"text-align: justify;\">1810.- Comienza a publicarse la \u00abGaceta de Buenos Ayres\u00bb, primer \u00f3rgano de prensa de las ideas patri\u00f3ticas y liberales de los nativos, fundada por Mariano Moreno, uno de los principales caudillos de la independencia.<\/p>\n<p style=\"text-align: justify;\">1863.- Las tropas francesas, que llegaron a M\u00e9xico en apoyo de Maximiliano I, toman la capital.<\/p>\n<p style=\"text-align: justify;\">1880.- Guerra del Pac\u00edfico. Los chilenos toman por asalto la plaza de Arica, \u00faltimo reducto de los peruanos.<\/p>\n<p style=\"text-align: justify;\">1905.- El Parlamento del hasta entonces Reino Unido de Suecia y Noruega vota la separaci\u00f3n de ambos pa\u00edses.<\/p>\n<p style=\"text-align: justify;\">1909.- Nace Jessica Tandy, actriz brit\u00e1nica nacionalizada estadounidense.<\/p>\n<p style=\"text-align: justify;\">1911.- El volc\u00e1n Colima en M\u00e9xico erupciona y causa 1.450 muertos.<\/p>\n<p style=\"text-align: justify;\">1917.- La capital de la Rep\u00fablica de El Salvador queda destruida en su mayor parte por un terremoto.<\/p>\n<p style=\"text-align: justify;\">1920.- Nace George Marchais, dirigente comunista franc\u00e9s.<\/p>\n<p style=\"text-align: justify;\">1940.- Nace Tom Jones (Thomas Jones Woodward), cantante gal\u00e9s.<\/p>\n<p style=\"text-align: justify;\">1944.- Segunda Guerra Mundial. El rey Leopoldo III de B\u00e9lgica es hecho prisionero por los alemanes.<\/p>\n<p style=\"text-align: justify;\">1944.- Nace Miguel R\u00edos, cantante espa\u00f1ol.<\/p>\n<p style=\"text-align: justify;\">1951.- Ejecutados los \u00faltimos criminales de guerra nazis condenados por el Tribunal de Nuremberg.<\/p>\n<p style=\"text-align: justify;\">1957.- Nace Juan Luis Guerra, m\u00fasico y cantante dominicano.<\/p>\n<p style=\"text-align: justify;\">1958.- Nace \u00abPrince\u00bb Rogers Nelson, cantante y compositor estadounidense.<\/p>\n<p style=\"text-align: justify;\">1980.- Muere Henry Miller, escritor estadounidense.<\/p>\n<p style=\"text-align: justify;\">1981.- Aviones israel\u00edes destruyen el reactor nuclear adquirido por Irak a Francia por considerarlo un peligro para la paz.<\/p>\n<p style=\"text-align: justify;\">1981.- Nace Anna Kournikova, tenista rusa.<\/p>\n<p style=\"text-align: justify;\">1987.- Muere Humberto Constantini, escritor argentino.<\/p>\n<p style=\"text-align: justify;\">1990.- Los siete pa\u00edses miembros del Pacto de Varsovia acuerdan en Mosc\u00fa su disoluci\u00f3n de hecho, al aceptar la transformaci\u00f3n de su car\u00e1cter, funciones y actividades.<\/p>\n<p style=\"text-align: justify;\">1994.- Mueren 589 personas y otras 13,400 resultan damnificadas en el terremoto de 6 grados en la escala de Richter registrado en Cauca y Huila (Colombia).<\/p>\n<p style=\"text-align: justify;\">2001.- Muere V\u00edctor Paz Estenssoro, expresidente de Bolivia.<\/p>\n<p style=\"text-align: justify;\">2003.- Ham\u00e1s y otros cuatro grupos radicales palestinos rechazan el plan de paz de Aqaba y deciden continuar con la Intifada.<\/p>\n<p style=\"text-align: justify;\">2004.- La Polic\u00eda italiana detiene en Mil\u00e1n a Rabei Osman El Sayed Ahmed, alias \u00abMohamed el Egipcio\u00bb, uno de los presuntos cerebros de los atentados del 11-M en Madrid.<\/p>\n<p style=\"text-align: justify;\">2004.- Miguel \u00c1ngel Rodr\u00edguez, expresidente de Costa Rica, es elegido secretario general de la OEA.<\/p>\n<p style=\"text-align: justify;\">2010.- Tras 26 a\u00f1os del escape de gas t\u00f3xico en Bhopal, que caus\u00f3 la muerte de 25.000 personas en 1984, un tribunal indio condena a s\u00f3lo dos a\u00f1os de c\u00e1rcel y al pago de algo m\u00e1s de dos mil d\u00f3lares a los 8 directivos responsables del escape.<\/p>\n<p style=\"text-align: justify;\">2011.- Muere Jorge Sempr\u00fan, escritor y pol\u00edtico espa\u00f1ol.<\/p>\n<p style=\"text-align: justify;\">2013.- Los diarios \u00abThe Washington Post\u00bb y \u00abThe Guardian\u00bb revelan dos programas de espionaje telef\u00f3nico y en Internet.<\/p>\n<p style=\"text-align: justify;\">2013.- Artemio, hist\u00f3rico l\u00edder de Sendero Luminoso, es condenado a cadena perpetua.<\/p>\n<p style=\"text-align: justify;\">2013.- El presidente de Per\u00fa, Ollanta Humala, deniega el indulto al encarcelado ex mandatario Alberto Fujimori.<\/p>\n","protected":false},"excerpt":{"rendered":"<p>Un d\u00eda 7 de junio como hoy, pero de 1914, se inaugura el Canal de Panam\u00e1 con el paso del trasatl\u00e1ntico estadounidense \u00abAliance\u00bb, de 40\u00a0mil toneladas, desde el Atl\u00e1ntico al Pac\u00edfico.<\/p>\n","protected":false},"author":6,"featured_media":30142,"comment_status":"open","ping_status":"open","sticky":false,"template":"","format":"standard","meta":{"_acf_changed":false,"_monsterinsights_skip_tracking":false,"slim_seo":{"title":"Efem\u00e9rides 7 de junio - Opini\u00f3n P\u00fablica","description":"Un d\u00eda 7 de junio como hoy, pero de 1914, se inaugura el Canal de Panam\u00e1 con el paso del trasatl\u00e1ntico estadounidense \"Aliance\", de 40\u00a0mil toneladas, desde el A"},"footnotes":""},"categories":[27],"tags":[],"class_list":["post-30143","post","type-post","status-publish","format-standard","has-post-thumbnail","hentry","category-un-dia-como-hoy"],"acf":[],"_links":{"self":[{"href":"https:\/\/www.opinionpublica.tv\/portada\/wp-json\/wp\/v2\/posts\/30143","targetHints":{"allow":["GET"]}}],"collection":[{"href":"https:\/\/www.opinionpublica.tv\/portada\/wp-json\/wp\/v2\/posts"}],"about":[{"href":"https:\/\/www.opinionpublica.tv\/portada\/wp-json\/wp\/v2\/types\/post"}],"author":[{"embeddable":true,"href":"https:\/\/www.opinionpublica.tv\/portada\/wp-json\/wp\/v2\/users\/6"}],"replies":[{"embeddable":true,"href":"https:\/\/www.opinionpublica.tv\/portada\/wp-json\/wp\/v2\/comments?post=30143"}],"version-history":[{"count":0,"href":"https:\/\/www.opinionpublica.tv\/portada\/wp-json\/wp\/v2\/posts\/30143\/revisions"}],"wp:featuredmedia":[{"embeddable":true,"href":"https:\/\/www.opinionpublica.tv\/portada\/wp-json\/wp\/v2\/media\/30142"}],"wp:attachment":[{"href":"https:\/\/www.opinionpublica.tv\/portada\/wp-json\/wp\/v2\/media?parent=30143"}],"wp:term":[{"taxonomy":"category","embeddable":true,"href":"https:\/\/www.opinionpublica.tv\/portada\/wp-json\/wp\/v2\/categories?post=30143"},{"taxonomy":"post_tag","embeddable":true,"href":"https:\/\/www.opinionpublica.tv\/portada\/wp-json\/wp\/v2\/tags?post=30143"}],"curies":[{"name":"wp","href":"https:\/\/api.w.org\/{rel}","templated":true}]}}