{"id":30054,"date":"2022-05-30T06:00:00","date_gmt":"2022-05-30T04:00:00","guid":{"rendered":"https:\/\/www.opinionpublica.tv\/portada\/2022\/05\/30\/video-evangelio-de-hoy-lunes-de-mayo-de-2022\/"},"modified":"2022-05-30T06:00:00","modified_gmt":"2022-05-30T04:00:00","slug":"video-evangelio-de-hoy-lunes-de-mayo-de-2022","status":"publish","type":"post","link":"https:\/\/www.opinionpublica.tv\/portada\/video-evangelio-de-hoy-lunes-de-mayo-de-2022\/","title":{"rendered":"Video: Evangelio de hoy, lunes de mayo de 2022"},"content":{"rendered":"<p><img fetchpriority=\"high\" decoding=\"async\" class=\" size-full wp-image-30053\" src=\"https:\/\/www.opinionpublica.tv\/portada\/wp-content\/uploads\/2022\/05\/df66ebd11016c29433316c4832c44277.jpg\" alt=\"\" width=\"537\" height=\"307\" srcset=\"https:\/\/www.opinionpublica.tv\/portada\/wp-content\/uploads\/2022\/05\/df66ebd11016c29433316c4832c44277.jpg 537w, https:\/\/www.opinionpublica.tv\/portada\/wp-content\/uploads\/2022\/05\/df66ebd11016c29433316c4832c44277-300x172.jpg 300w\" sizes=\"(max-width: 537px) 100vw, 537px\" \/><br \/>\n<!--more--><\/p>\n<p style=\"text-align: justify;\">Evangelio de hoy, lunes 30 de mayo de 2022<\/p>\n<p style=\"text-align: justify;\">Los disc\u00edpulos le dijeron: \u00abAhora s\u00ed que hablas con claridad, sin usar par\u00e1bolas. Jn 16, 29-33.<\/p>\n<p style=\"text-align: justify;\"><strong>Reflexiones para este d\u00eda<\/strong>:<\/p>\n<p style=\"text-align: justify;\">1. Jes\u00fas no dice, yo vencer\u00e9 al mundo, sino \u00a1yo ya lo he vencido! Y me invita a compartir los frutos de su victoria.<\/p>\n<p style=\"text-align: justify;\">2. Hablo a Jes\u00fas sobre mis miedos, los que sean, y le pido que me d\u00e9 la fe en su poder, para vencerlos a todos.<\/p>\n<p style=\"text-align: justify;\">3. \u00c9l les dice que no se desanimen y que se queden al lado de \u00c9l.<\/p>\n<div class=\"k2_video\"><iframe title=\"Evangelio de Hoy Lunes 30 de Mayo de 2022 | REFLEXI\u00d3N | Red Catolica\" width=\"800\" height=\"450\" src=\"https:\/\/www.youtube.com\/embed\/pOEOieLKkFc?feature=oembed\" frameborder=\"0\" allow=\"accelerometer; autoplay; clipboard-write; encrypted-media; gyroscope; picture-in-picture; web-share\" referrerpolicy=\"strict-origin-when-cross-origin\" allowfullscreen><\/iframe>\n<\/div>\n","protected":false},"excerpt":{"rendered":"","protected":false},"author":6,"featured_media":30053,"comment_status":"open","ping_status":"open","sticky":false,"template":"","format":"standard","meta":{"_acf_changed":false,"_monsterinsights_skip_tracking":false,"slim_seo":{"title":"Video: Evangelio de hoy, lunes de mayo de 2022 - Opini\u00f3n P\u00fablica","description":"Evangelio de hoy, lunes 30 de mayo de 2022 Los disc\u00edpulos le dijeron: \"Ahora s\u00ed que hablas con claridad, sin usar par\u00e1bolas. Jn 16, 29-33. Reflexiones para este"},"footnotes":""},"categories":[8],"tags":[],"class_list":["post-30054","post","type-post","status-publish","format-standard","has-post-thumbnail","hentry","category-videos"],"acf":[],"_links":{"self":[{"href":"https:\/\/www.opinionpublica.tv\/portada\/wp-json\/wp\/v2\/posts\/30054","targetHints":{"allow":["GET"]}}],"collection":[{"href":"https:\/\/www.opinionpublica.tv\/portada\/wp-json\/wp\/v2\/posts"}],"about":[{"href":"https:\/\/www.opinionpublica.tv\/portada\/wp-json\/wp\/v2\/types\/post"}],"author":[{"embeddable":true,"href":"https:\/\/www.opinionpublica.tv\/portada\/wp-json\/wp\/v2\/users\/6"}],"replies":[{"embeddable":true,"href":"https:\/\/www.opinionpublica.tv\/portada\/wp-json\/wp\/v2\/comments?post=30054"}],"version-history":[{"count":0,"href":"https:\/\/www.opinionpublica.tv\/portada\/wp-json\/wp\/v2\/posts\/30054\/revisions"}],"wp:featuredmedia":[{"embeddable":true,"href":"https:\/\/www.opinionpublica.tv\/portada\/wp-json\/wp\/v2\/media\/30053"}],"wp:attachment":[{"href":"https:\/\/www.opinionpublica.tv\/portada\/wp-json\/wp\/v2\/media?parent=30054"}],"wp:term":[{"taxonomy":"category","embeddable":true,"href":"https:\/\/www.opinionpublica.tv\/portada\/wp-json\/wp\/v2\/categories?post=30054"},{"taxonomy":"post_tag","embeddable":true,"href":"https:\/\/www.opinionpublica.tv\/portada\/wp-json\/wp\/v2\/tags?post=30054"}],"curies":[{"name":"wp","href":"https:\/\/api.w.org\/{rel}","templated":true}]}}