{"id":29975,"date":"2022-05-24T06:00:00","date_gmt":"2022-05-24T04:00:00","guid":{"rendered":"https:\/\/www.opinionpublica.tv\/portada\/2022\/05\/24\/efemerides-24-de-mayo-3\/"},"modified":"2022-05-24T06:00:00","modified_gmt":"2022-05-24T04:00:00","slug":"efemerides-24-de-mayo-3","status":"publish","type":"post","link":"https:\/\/www.opinionpublica.tv\/portada\/efemerides-24-de-mayo-3\/","title":{"rendered":"Efem\u00e9rides 24 de mayo"},"content":{"rendered":"<img fetchpriority=\"high\" decoding=\"async\" class=\" size-full wp-image-29974\" src=\"https:\/\/www.opinionpublica.tv\/portada\/wp-content\/uploads\/2022\/05\/d78e2f4c80562009b5065be2d30a080e.jpg\" alt=\"\" class=\"caption\" title=\"Nicol\u00e1s Cop\u00e9rnico, astr\u00f3nomo polaco que dedujo que la tierra gira alrededor del sol.\" width=\"310\" height=\"163\" srcset=\"https:\/\/www.opinionpublica.tv\/portada\/wp-content\/uploads\/2022\/05\/d78e2f4c80562009b5065be2d30a080e.jpg 310w, https:\/\/www.opinionpublica.tv\/portada\/wp-content\/uploads\/2022\/05\/d78e2f4c80562009b5065be2d30a080e-300x158.jpg 300w\" sizes=\"(max-width: 310px) 100vw, 310px\" \/>\n<p style=\"text-align: justify;\">Un d\u00eda 24 de mayo como hoy, pero de 1543, muere el astr\u00f3nomo polaco Nicol\u00e1s Cop\u00e9rnico, cuya teor\u00eda del movimiento de los planetas revoluciona el pensamiento cient\u00edfico a finales del siglo XVI. Naci\u00f3 el 19 de febrero de 1473.<\/p>\n<p><!--more--><\/p>\n<p style=\"text-align: justify;\"><strong>M\u00e1s efem\u00e9rides<\/strong><\/p>\n<p style=\"text-align: justify;\">1743.- Nace el periodista y revolucionario franc\u00e9s Jean-Paul Marat, fundador de \u00abL&#8217;ami du peuple\u00bb, el diario radical con m\u00e1s influencia de Francia. Muere el 13 de julio de 1793.<\/p>\n<p style=\"text-align: justify;\">1819.- Nace Victoria I, Reina de Gran Breta\u00f1a e Irlanda, quien sobresale por respaldar firmemente la pol\u00edtica de fortalecimiento y expansi\u00f3n del Imperio Brit\u00e1nico. Muere el 22 de enero de 1901.<\/p>\n<p style=\"text-align: justify;\">1833.- Es inaugurado el puente de Brooklyn, en Nueva York (Estados Unidos), que une los distritos de Brooklyn y Manhattan.<\/p>\n<p style=\"text-align: justify;\">1844.- El inventor estadounidense Samuel Morse emite el primer mensaje telegr\u00e1fico del Capitolio de Washington a la ciudad de Baltimore.<\/p>\n<p style=\"text-align: justify;\">1885.- El escritor nicarag\u00fcense Rub\u00e9n Dar\u00edo escribe -en s\u00f3lo hora y media- su famosa \u00abMarcha Triunfal\u00bb, en honor a la Independencia de Argentina.<\/p>\n<p style=\"text-align: justify;\">1905.- Nace el novelista sovi\u00e9tico Mija\u00edl Sh\u00f3lojov, uno de los principales literatos de su pa\u00eds. Sus obras han sido traducidas a m\u00e1s de 30 idiomas y en 1965 obtiene el Premio Nobel de Literatura. Muere el 21 de febrero de 1984.<\/p>\n<p style=\"text-align: justify;\">1907.- Nace el historiador espa\u00f1ol Jos\u00e9 Mar\u00eda Lacarra, especialista en historia medieval, fundador del Centro de Estudios Medievales de Arag\u00f3n y miembro de la Academia de Historia de su pa\u00eds. Fallece en agosto de 1987.<\/p>\n<p style=\"text-align: justify;\">1909.- Nace el escritor, dramaturgo y pintor ecuatoriano Demetrio Aguilera Malta, quien cultiva diversos g\u00e9neros literarios orientados al realismo social y pol\u00edtico. Es autor de \u00abInfierno negro\u00bb, \u00abHonorarios\u00bb y \u00abDientes blancos\u00bb. Muere el 28 de diciembre de 1981 en la Ciudad de M\u00e9xico.<\/p>\n<p style=\"text-align: justify;\">1915.- El revolucionario mexicano Pancho Villa firma la \u00abLey Agraria\u00bb, con la cual busca dotar de tierras a sus soldados, establecer peque\u00f1as propiedades y que las tierras de pastoreo sean de uso com\u00fan.<\/p>\n<p style=\"text-align: justify;\">1919.- Muere en Montevideo, Uruguay, el prol\u00edfico escritor mexicano Amado Nervo, considerado como pilar del modernismo por obras como \u00abSerenidad\u00bb, \u00abElevaci\u00f3n\u00bb y \u00abLa hermana agua\u00bb entre otras. Nace el 27 de agosto de 1870 en Tepic, Nayarit.<\/p>\n<p style=\"text-align: justify;\">1928.- Nace el escritor irland\u00e9s William Trevor, considerado uno de los m\u00e1s importantes novelistas en el \u00e1mbito anglosaj\u00f3n actual. Entre sus obras destacan \u00abEl viaje de Felicia\u00bb, \u00abThe children of dynmouth\u00bb y \u00abFools of fortune\u00bb.<\/p>\n<p style=\"text-align: justify;\">1940.- Nace el poeta ruso nacionalizado estadounidense Joseph Brodsky, Premio Nobel de Literatura 1987. Su obra \u00abPoemas selectos\u00bb re\u00fane la m\u00e1s importante colecci\u00f3n de su poes\u00eda. Muere el 28 de enero de 1996.<\/p>\n<p style=\"text-align: justify;\">1974.- Muere el compositor estadounidense Edward Kennedy \u00abDuke\u00bb Ellington, considerado el m\u00e1ximo compositor de jazz en el mundo. Destacan sus suites sinf\u00f3nicas \u00abBlack, brown and beige\u00bb, \u00abFrankie and Johnnie\u00bb y \u00abDeep South Suit\u00bb. Nace el 29 de abril de 1899.<\/p>\n<p style=\"text-align: justify;\">1984.- El escritor mexicano Octavio Paz es distinguido por libreros de la Rep\u00fablica Federal de Alemania con el Premio de la Paz. Entre sus obras destacan \u00abEl laberinto de la soledad\u00bb, \u00abItinerario\u00bb y \u00abPoes\u00eda en voz alta\u00bb. Recibe el Nobel de Literatura en 1990.<\/p>\n<p style=\"text-align: justify;\">1994.- Muere el poeta brit\u00e1nico John Wain, asociado al grupo literario \u00abEl movimiento\u00bb, donde destaca tambi\u00e9n como cr\u00edtico y dramaturgo. Nace el 14 de marzo de 1925.<\/p>\n<p style=\"text-align: justify;\">1996.- Muere el escritor y periodista estadounidense Joseph Mitchell, poseedor de un estilo elegante que utiliza para relatar historias sobre las calles neoyorkinas. Nace el 27 de julio de 1908.<\/p>\n<p style=\"text-align: justify;\">2001.- Encuentran en China un peque\u00f1o f\u00f3sil de dinosaurio que pudo tener alas en las extremidades delanteras y traseras. De confirmarse esta hip\u00f3tesis se habr\u00e1 avanzado en el camino del origen de las aves.<\/p>\n<p style=\"text-align: justify;\">2003.- Se exhiben en el Kimbell Art Museum, de Fort Worth, Texas (Estados Unidos), 100 piezas de la colecci\u00f3n del Museo de Egipto, entre las que destacan la estatua de la esposa de Nakhtimin, una cabeza de granito de Ramss\u00e9s II y el sarc\u00f3fago del sacerdote Pinudjem II de la 21 dinasta.<\/p>\n<p style=\"text-align: justify;\">2008.- Un grupo de cient\u00edficos brit\u00e1nico descubre la prote\u00edna DNGR-1, que podr\u00eda ayudar a combatir el c\u00e1ncer al armar al sistema inmunol\u00f3gico para que ataque las c\u00e9lulas invasoras.<\/p>\n<p style=\"text-align: justify;\">2010.- Muere la soprano alemana Anneliese Rothenberger. En 1947, bajo la direcci\u00f3n de G\u00fcnther Rennert, debuta como \u201cLulu\u201d, de Alban Berg, con la \u00d3pera del Estado de Hamburgo. Nace en Mannheim, Alemania, el 19 de junio de 1924.<\/p>\n<p style=\"text-align: justify;\">2011.- En reconocimiento a su obra literaria, as\u00ed como a su permanente y activa participaci\u00f3n en la vida cultural y pol\u00edtica de Am\u00e9rica Latina, es develada una escultura del escritor ecuatoriano Benjam\u00edn Carri\u00f3n (1897-1979), en la Plaza de la Santa Veracruz, en el Centro Hist\u00f3rico.<\/p>\n<p style=\"text-align: justify;\">2012.- Muere la escritora y psicoanalista belga Jacqueline Harpman, autora de 10 novelas, entre ellas \u00abOrlanda\u00bb, con la que obtiene el Premio M\u00e9dicis en 1996. Nace 5 de julio de 1929.<\/p>\n<p style=\"text-align: justify;\">2013.- Muere la escritora argentina Elsa Bornemann, quien es considerada una de las grandes exponentes de la literatura infantil. Algunas de sus obras son: \u201c\u00a1Socorro!\u201d, \u201cUn elefante ocupa mucho espacio\u201d y \u201cLas mil grullas\u201d, Nace en 1952.<\/p>\n","protected":false},"excerpt":{"rendered":"<p>Un d\u00eda 24 de mayo como hoy, pero de 1543, muere el astr\u00f3nomo polaco Nicol\u00e1s Cop\u00e9rnico, cuya teor\u00eda del movimiento de los planetas revoluciona el pensamiento cient\u00edfico a finales del siglo XVI. Naci\u00f3 el 19 de febrero de 1473.<\/p>\n","protected":false},"author":6,"featured_media":29974,"comment_status":"open","ping_status":"open","sticky":false,"template":"","format":"standard","meta":{"_acf_changed":false,"_monsterinsights_skip_tracking":false,"slim_seo":{"title":"Efem\u00e9rides 24 de mayo - Opini\u00f3n P\u00fablica","description":"Un d\u00eda 24 de mayo como hoy, pero de 1543, muere el astr\u00f3nomo polaco Nicol\u00e1s Cop\u00e9rnico, cuya teor\u00eda del movimiento de los planetas revoluciona el pensamiento cie"},"footnotes":""},"categories":[27],"tags":[],"class_list":["post-29975","post","type-post","status-publish","format-standard","has-post-thumbnail","hentry","category-un-dia-como-hoy"],"acf":[],"_links":{"self":[{"href":"https:\/\/www.opinionpublica.tv\/portada\/wp-json\/wp\/v2\/posts\/29975","targetHints":{"allow":["GET"]}}],"collection":[{"href":"https:\/\/www.opinionpublica.tv\/portada\/wp-json\/wp\/v2\/posts"}],"about":[{"href":"https:\/\/www.opinionpublica.tv\/portada\/wp-json\/wp\/v2\/types\/post"}],"author":[{"embeddable":true,"href":"https:\/\/www.opinionpublica.tv\/portada\/wp-json\/wp\/v2\/users\/6"}],"replies":[{"embeddable":true,"href":"https:\/\/www.opinionpublica.tv\/portada\/wp-json\/wp\/v2\/comments?post=29975"}],"version-history":[{"count":0,"href":"https:\/\/www.opinionpublica.tv\/portada\/wp-json\/wp\/v2\/posts\/29975\/revisions"}],"wp:featuredmedia":[{"embeddable":true,"href":"https:\/\/www.opinionpublica.tv\/portada\/wp-json\/wp\/v2\/media\/29974"}],"wp:attachment":[{"href":"https:\/\/www.opinionpublica.tv\/portada\/wp-json\/wp\/v2\/media?parent=29975"}],"wp:term":[{"taxonomy":"category","embeddable":true,"href":"https:\/\/www.opinionpublica.tv\/portada\/wp-json\/wp\/v2\/categories?post=29975"},{"taxonomy":"post_tag","embeddable":true,"href":"https:\/\/www.opinionpublica.tv\/portada\/wp-json\/wp\/v2\/tags?post=29975"}],"curies":[{"name":"wp","href":"https:\/\/api.w.org\/{rel}","templated":true}]}}