{"id":29941,"date":"2022-05-22T06:00:00","date_gmt":"2022-05-22T04:00:00","guid":{"rendered":"https:\/\/www.opinionpublica.tv\/portada\/2022\/05\/22\/de-quien-se-trata\/"},"modified":"2022-05-22T06:00:00","modified_gmt":"2022-05-22T04:00:00","slug":"de-quien-se-trata","status":"publish","type":"post","link":"https:\/\/www.opinionpublica.tv\/portada\/de-quien-se-trata\/","title":{"rendered":"\u00bfDe qui\u00e9n se trata?"},"content":{"rendered":"<img fetchpriority=\"high\" decoding=\"async\" class=\" size-full wp-image-29940\" src=\"https:\/\/www.opinionpublica.tv\/portada\/wp-content\/uploads\/2022\/05\/5acc087528a4312bdea38ba271ab796d.jpg\" alt=\"\" class=\"caption\" title=\"Jos\u00e9 Woldenberg, acad\u00e9mico y primer presidente del IFE.\" width=\"270\" height=\"235\" \/>\n<p style=\"text-align: justify;\">Veamos si usted pueda descubrir de qui\u00e9n se trata. No pondr\u00e9 comillas, pero lo que sigue no son palabras m\u00edas.<\/p>\n<p><!--more--><\/p>\n<p style=\"text-align: justify;\">\u2013 Siempre ha comerciado de manera flagrante con la desinformaci\u00f3n. Inventa datos sobre sus propias acciones pasadas. Difunde patra\u00f1as de fuentes dudosas. Niega la validez de informaci\u00f3n leg\u00edtima. Y sigue promoviendo esas falsedades incluso cuando contradicen sus afirmaciones previas.<\/p>\n<p style=\"text-align: justify;\">\u2013 Una de sus estrategias favoritas cuando alguien lo ataca es sugerir que toda verdad es escurridiza, porque depende de con quien se est\u00e9 hablando.<\/p>\n<p style=\"text-align: justify;\">\u2013 Insiste en que las supuestas autoridades en realidad no tienen autoridad alguna, y m\u00e1s bien son actores partidistas en un mundo por completo pol\u00edtico.<\/p>\n<p style=\"text-align: justify;\">\u2013 En su discurso, los medios de comunicaci\u00f3n\u2026son tan corruptos que \u00e9l est\u00e1 perfectamente justificado de mentirles. En su mundo, la verdad se vuelve falsedad, y la falsedad se hace pasar por verdad. Por ende, la credibilidad de cualquier fuente, de hecho, la idea misma de conocimiento verificado, es puesta en tela de juicio.<\/p>\n<p style=\"text-align: justify;\">\u2013 Otra parte de un juego de poder, en especial cuando los subordinados y otros actores que buscan congraciarse, desde portavoces oficiales hasta empleados en la televisi\u00f3n, se ven forzados a repetir sus mentiras\u2026 Demuestra hasta donde puede salirse con la suya y de paso asegura la lealtad de sus lacayos.<\/p>\n<p style=\"text-align: justify;\">\u2013 El presidente se considera capaz de decidir por intuici\u00f3n sin necesidad de basarse en estudios encopetados o las opiniones de los supuestamente informados.<\/p>\n<p style=\"text-align: justify;\">\u2013 Rebaja el discurso dominante, al menos en t\u00e9rminos ret\u00f3ricos, y logra, como un rey, elevarse como una fuente aut\u00e9ntica de la verdad.<\/p>\n<p style=\"text-align: justify;\">\u2013 Es dif\u00edcil distinguir\u2026qu\u00e9 parte es una manera astuta de llamar la atenci\u00f3n combinada con un enga\u00f1o cl\u00e1sico y qu\u00e9 parte es inseguridad, impetuosidad o aut\u00e9ntico autoenga\u00f1o para cumplir sus propias fantas\u00edas de s\u00ed mismo y el mundo.<\/p>\n<p style=\"text-align: justify;\">\u2013 Su postura antiverdad va m\u00e1s all\u00e1 de una decisi\u00f3n de estilo; se ha traducido en un modo de gobierno.<\/p>\n<p style=\"text-align: justify;\">\u2013 Parece resuelto a emprender (hasta donde pueda salirse con la suya) la clase de demagogia no democr\u00e1tica o \u201cposicionamiento autoritario\u201d \u2026 Desprecio constante por la divisi\u00f3n de poderes, la libertad de prensa y otras instituciones que protegen el disenso; llena de elogios a l\u00edderes autoritarios de todo el mundo.<\/p>\n<p style=\"text-align: justify;\">\u2013 Ha negado la validez de cualquier realidad compartida y demostrable emp\u00edricamente.<\/p>\n<p style=\"text-align: justify;\">\u2013 Es tanto un s\u00edntoma como un catalizador de nuestro alejamiento de alg\u00fan est\u00e1ndar compartido de verdad.<\/p>\n<p style=\"text-align: justify;\">\u00bfDe qui\u00e9n se trata? Quiz\u00e1 no sea en quien usted pens\u00f3. Es la descripci\u00f3n de algunos rasgos de la conducta de Donald Trump mientras fue presidente. Sophia Rosenfeld escribi\u00f3 un libro importante para reconstruir la compleja historia de las relaciones entre democracia y verdad, alarmada por lo que suced\u00eda en los Estados Unidos, pero no solo en ese pa\u00eds.<\/p>\n<p style=\"text-align: justify;\">Esa relaci\u00f3n nunca ha sido tersa, arm\u00f3nica, pero la negaci\u00f3n de las verdades incluso convencionales hasta los niveles que la llev\u00f3 Trump, pon\u00eda y ponen en peligro ya no digamos a la democracia sino incluso a una coexistencia m\u00e1s o menos descifrable. (Democracia y verdad. Una historia breve. Traducci\u00f3n Alejandra Ortiz Hern\u00e1ndez. Aguilar. 2021).<\/p>\n","protected":false},"excerpt":{"rendered":"<p>Veamos si usted pueda descubrir de qui\u00e9n se trata. No pondr\u00e9 comillas, pero lo que sigue no son palabras m\u00edas.<\/p>\n","protected":false},"author":6,"featured_media":29940,"comment_status":"open","ping_status":"open","sticky":false,"template":"","format":"standard","meta":{"_acf_changed":false,"_monsterinsights_skip_tracking":false,"slim_seo":{"title":"\u00bfDe qui\u00e9n se trata? - Opini\u00f3n P\u00fablica","description":"Veamos si usted pueda descubrir de qui\u00e9n se trata. No pondr\u00e9 comillas, pero lo que sigue no son palabras m\u00edas. \u2013 Siempre ha comerciado de manera flagrante con l"},"footnotes":""},"categories":[26],"tags":[],"class_list":["post-29941","post","type-post","status-publish","format-standard","has-post-thumbnail","hentry","category-de-chile-dulce-y-manteca-columna-invitada"],"acf":[],"_links":{"self":[{"href":"https:\/\/www.opinionpublica.tv\/portada\/wp-json\/wp\/v2\/posts\/29941","targetHints":{"allow":["GET"]}}],"collection":[{"href":"https:\/\/www.opinionpublica.tv\/portada\/wp-json\/wp\/v2\/posts"}],"about":[{"href":"https:\/\/www.opinionpublica.tv\/portada\/wp-json\/wp\/v2\/types\/post"}],"author":[{"embeddable":true,"href":"https:\/\/www.opinionpublica.tv\/portada\/wp-json\/wp\/v2\/users\/6"}],"replies":[{"embeddable":true,"href":"https:\/\/www.opinionpublica.tv\/portada\/wp-json\/wp\/v2\/comments?post=29941"}],"version-history":[{"count":0,"href":"https:\/\/www.opinionpublica.tv\/portada\/wp-json\/wp\/v2\/posts\/29941\/revisions"}],"wp:featuredmedia":[{"embeddable":true,"href":"https:\/\/www.opinionpublica.tv\/portada\/wp-json\/wp\/v2\/media\/29940"}],"wp:attachment":[{"href":"https:\/\/www.opinionpublica.tv\/portada\/wp-json\/wp\/v2\/media?parent=29941"}],"wp:term":[{"taxonomy":"category","embeddable":true,"href":"https:\/\/www.opinionpublica.tv\/portada\/wp-json\/wp\/v2\/categories?post=29941"},{"taxonomy":"post_tag","embeddable":true,"href":"https:\/\/www.opinionpublica.tv\/portada\/wp-json\/wp\/v2\/tags?post=29941"}],"curies":[{"name":"wp","href":"https:\/\/api.w.org\/{rel}","templated":true}]}}