{"id":29863,"date":"2022-05-16T06:00:00","date_gmt":"2022-05-16T04:00:00","guid":{"rendered":"https:\/\/www.opinionpublica.tv\/portada\/2022\/05\/16\/video-evangelio-de-hoy-lunes-16-de-mayo-2022\/"},"modified":"2022-05-16T06:00:00","modified_gmt":"2022-05-16T04:00:00","slug":"video-evangelio-de-hoy-lunes-16-de-mayo-2022","status":"publish","type":"post","link":"https:\/\/www.opinionpublica.tv\/portada\/video-evangelio-de-hoy-lunes-16-de-mayo-2022\/","title":{"rendered":"Video: Evangelio de hoy, lunes 16 de mayo de 2022"},"content":{"rendered":"<p><img fetchpriority=\"high\" decoding=\"async\" class=\" size-full wp-image-29862\" src=\"https:\/\/www.opinionpublica.tv\/portada\/wp-content\/uploads\/2022\/05\/dafef39ece89c7f359263f0692233250.jpg\" alt=\"\" width=\"548\" height=\"305\" srcset=\"https:\/\/www.opinionpublica.tv\/portada\/wp-content\/uploads\/2022\/05\/dafef39ece89c7f359263f0692233250.jpg 548w, https:\/\/www.opinionpublica.tv\/portada\/wp-content\/uploads\/2022\/05\/dafef39ece89c7f359263f0692233250-300x167.jpg 300w\" sizes=\"(max-width: 548px) 100vw, 548px\" \/><br \/>\n<!--more--><\/p>\n<p style=\"text-align: justify;\">Evangelio de hoy, lunes 16 de mayo de 2022<\/p>\n<p style=\"text-align: justify;\">Y Jes\u00fas dijo: \u00abQuien conserva y guarda mis mandamientos, \u00e9se s\u00ed que me ama.\u00a0Jn 14, 21-26.<\/p>\n<p style=\"text-align: justify;\"><strong>Reflexiones<\/strong>:<\/p>\n<p style=\"text-align: justify;\">-1. Tal vez puedo conscientemente llamar al Esp\u00edritu Santo para que me gu\u00ede en alguna dificultad que tengo ahora.<\/p>\n<p style=\"text-align: justify;\">-2. Jes\u00fas responde que discriminar\u00e1 en contra del mundo porque el mundo no ama a Dios.<\/p>\n<p style=\"text-align: justify;\">&#8211; 3. Guardar los Mandamientos, es una forma diferente de amar a Dios y al pr\u00f3jimo, y ser amado en toda circunstancia.<\/p>\n<div class=\"k2_video\"><iframe title=\"Evangelio de Hoy Lunes 16 de Mayo de 2022 | REFLEXI\u00d3N | Red Catolica\" width=\"800\" height=\"450\" src=\"https:\/\/www.youtube.com\/embed\/n6DAUA7z7vk?feature=oembed\" frameborder=\"0\" allow=\"accelerometer; autoplay; clipboard-write; encrypted-media; gyroscope; picture-in-picture; web-share\" referrerpolicy=\"strict-origin-when-cross-origin\" allowfullscreen><\/iframe>\n<\/div>\n","protected":false},"excerpt":{"rendered":"","protected":false},"author":6,"featured_media":29862,"comment_status":"open","ping_status":"open","sticky":false,"template":"","format":"standard","meta":{"_acf_changed":false,"_monsterinsights_skip_tracking":false,"slim_seo":{"title":"Video: Evangelio de hoy, lunes 16 de mayo de 2022 - Opini\u00f3n P\u00fablica","description":"Evangelio de hoy, lunes 16 de mayo de 2022 Y Jes\u00fas dijo: \"Quien conserva y guarda mis mandamientos, \u00e9se s\u00ed que me ama.\u00a0Jn 14, 21-26. Reflexiones : -1. Tal vez p"},"footnotes":""},"categories":[8],"tags":[],"class_list":["post-29863","post","type-post","status-publish","format-standard","has-post-thumbnail","hentry","category-videos"],"acf":[],"_links":{"self":[{"href":"https:\/\/www.opinionpublica.tv\/portada\/wp-json\/wp\/v2\/posts\/29863","targetHints":{"allow":["GET"]}}],"collection":[{"href":"https:\/\/www.opinionpublica.tv\/portada\/wp-json\/wp\/v2\/posts"}],"about":[{"href":"https:\/\/www.opinionpublica.tv\/portada\/wp-json\/wp\/v2\/types\/post"}],"author":[{"embeddable":true,"href":"https:\/\/www.opinionpublica.tv\/portada\/wp-json\/wp\/v2\/users\/6"}],"replies":[{"embeddable":true,"href":"https:\/\/www.opinionpublica.tv\/portada\/wp-json\/wp\/v2\/comments?post=29863"}],"version-history":[{"count":0,"href":"https:\/\/www.opinionpublica.tv\/portada\/wp-json\/wp\/v2\/posts\/29863\/revisions"}],"wp:featuredmedia":[{"embeddable":true,"href":"https:\/\/www.opinionpublica.tv\/portada\/wp-json\/wp\/v2\/media\/29862"}],"wp:attachment":[{"href":"https:\/\/www.opinionpublica.tv\/portada\/wp-json\/wp\/v2\/media?parent=29863"}],"wp:term":[{"taxonomy":"category","embeddable":true,"href":"https:\/\/www.opinionpublica.tv\/portada\/wp-json\/wp\/v2\/categories?post=29863"},{"taxonomy":"post_tag","embeddable":true,"href":"https:\/\/www.opinionpublica.tv\/portada\/wp-json\/wp\/v2\/tags?post=29863"}],"curies":[{"name":"wp","href":"https:\/\/api.w.org\/{rel}","templated":true}]}}