{"id":29851,"date":"2022-05-16T06:00:00","date_gmt":"2022-05-16T04:00:00","guid":{"rendered":"https:\/\/www.opinionpublica.tv\/portada\/2022\/05\/16\/tierra-de-migrantes\/"},"modified":"2022-05-16T06:00:00","modified_gmt":"2022-05-16T04:00:00","slug":"tierra-de-migrantes","status":"publish","type":"post","link":"https:\/\/www.opinionpublica.tv\/portada\/tierra-de-migrantes\/","title":{"rendered":"Tierra de migrantes"},"content":{"rendered":"<img fetchpriority=\"high\" decoding=\"async\" class=\" size-full wp-image-29850\" src=\"https:\/\/www.opinionpublica.tv\/portada\/wp-content\/uploads\/2022\/05\/5bd8ce507ead74232c40cab08a62f00f.jpg\" alt=\"\" class=\"caption\" title=\"Myrna Alicia Pastrana Sol\u00eds.\" width=\"277\" height=\"270\" \/>\n<p style=\"text-align: justify;\">Un d\u00eda, un hombre humilde tuvo para comprar una cama nueva y ech\u00f3 la vieja a la banqueta para que la llevara el primero en pedirla; y no tard\u00f3 en aparecer, un hombre visiblemente pobre quien dijo volver\u00eda en 10 minutos, justo el tiempo para ir por una camioneta en casa de su compadre, para esto y previendo que se presentasen m\u00e1s aspirantes le encarg\u00f3 a la vecina de al lado que la cuidara en lo que regresaba, pero ella le previno: conste, s\u00f3lo 10 minutos.<\/p>\n<p><!--more--><\/p>\n<p style=\"text-align: justify;\">En eso estaba la vecina cuidando el armatoste de madera cuando se present\u00f3 un joven de cabello pelirrojo, preguntando por la misma cama; ella que se encontraba afuera cumpliendo su palabra de cuidadora, le aclar\u00f3 que ya hab\u00eda sido regalada y que no tardaban en venir a recogerla, apenas 10 minutos; el joven y los br\u00edos que dan el no darse por vencido le dijo.<\/p>\n<p style=\"text-align: justify;\">\u2014Pues ya pasaron los 10 minutos y me la voy a llevar.<\/p>\n<p style=\"text-align: justify;\">\u2014Pues f\u00edjese que no, usted que se la lleva y yo no me quedo callada, llamo a la patrulla.<\/p>\n<p style=\"text-align: justify;\">\u2014Pero mire madre, usted comprenda, si este se\u00f1or no viene por la cama.<\/p>\n<p style=\"text-align: justify;\">\u2014No me diga madre, yo no soy su mam\u00e1.<\/p>\n<p style=\"text-align: justify;\">Los minutos segu\u00edan transcurriendo y los \u00e1nimos se fueron aplacando. Hab\u00eda curiosidad por saber qui\u00e9n era ese joven que portaba un martillo al cinto a manera de pistola y le comenz\u00f3 a hacer pl\u00e1tica. As\u00ed se enter\u00f3 que el joven era originario de Sinaloa, que viv\u00eda en unas tapias de una casa abandonada y que juntaba botes y hac\u00eda chambitas para irla pasando, tambi\u00e9n que un d\u00eda anterior hab\u00eda acomodado la figura de un Cristo que se hab\u00eda ca\u00eddo en el porche de una casa.<\/p>\n<p style=\"text-align: justify;\">En eso estaba cuando se par\u00f3 una camioneta y del asiento del copiloto baj\u00f3 el\u00a0\u00a0 hombre que iba a recoger la cama. El semblante del joven se ensombreci\u00f3, tuvo la certeza que hab\u00eda llegado tarde a la petici\u00f3n del mueble, pero a esta historia todav\u00eda le faltaban acciones por concretar.<\/p>\n<p style=\"text-align: justify;\">La vecina se acerc\u00f3 al joven y le dijo:<\/p>\n<p style=\"text-align: justify;\">Usted se levant\u00f3 y anda en ceros -a lo que el asinti\u00f3 con la cabeza- tenga y le ofreci\u00f3 discretamente un billetito de cien pesos.<\/p>\n<p style=\"text-align: justify;\">\u2014 No lo puedo aceptar, contest\u00f3 \u00e9l y retrocedi\u00f3 con los brazos cruzados, pero ella se lo acomod\u00f3 en el pliegue del antebrazo, murmurando \u00e9l le dio las gracias.<\/p>\n<p style=\"text-align: justify;\">Y el hombre que pujaba por tratar de cargar la cama le ofreci\u00f3 la soda que reci\u00e9n comenzaba a beber.<\/p>\n<p style=\"text-align: justify;\">\u2014 Ac\u00e9ptala, nada m\u00e1s le he dado un traguito y gustoso la acept\u00f3.<\/p>\n<p style=\"text-align: justify;\">Lo que sigui\u00f3 fue en un ambiente de camarader\u00eda, el joven le ayud\u00f3 a cargar la cama y los cajones y hasta se dieron la mano al despedirse.<\/p>\n<p style=\"text-align: justify;\">El hombre trat\u00f3 de darle una gordita a la vecina como retribuci\u00f3n por haber cuidado su cama, el joven insist\u00eda en barrer la calle por el apoyo recibido, pero era mejor que cada quien siguiera su camino.<\/p>\n<p style=\"text-align: justify;\">Sin duda, son actos de generosidad y solidaridad muy propios de los juarenses. Ser\u00e1 porque alg\u00fan d\u00eda, todos hemos sido migrantes.<\/p>\n","protected":false},"excerpt":{"rendered":"<p>Un d\u00eda, un hombre humilde tuvo para comprar una cama nueva y ech\u00f3 la vieja a la banqueta para que la llevara el primero en pedirla; y no tard\u00f3 en aparecer, un hombre visiblemente pobre quien dijo volver\u00eda en 10 minutos, justo el tiempo para ir por una camioneta en casa de su compadre, para [&hellip;]<\/p>\n","protected":false},"author":6,"featured_media":29850,"comment_status":"open","ping_status":"open","sticky":false,"template":"","format":"standard","meta":{"_acf_changed":false,"_monsterinsights_skip_tracking":false,"slim_seo":{"title":"Tierra de migrantes - Opini\u00f3n P\u00fablica","description":"Un d\u00eda, un hombre humilde tuvo para comprar una cama nueva y ech\u00f3 la vieja a la banqueta para que la llevara el primero en pedirla; y no tard\u00f3 en aparecer, un h"},"footnotes":""},"categories":[36],"tags":[],"class_list":["post-29851","post","type-post","status-publish","format-standard","has-post-thumbnail","hentry","category-pensandola-bien"],"acf":[],"_links":{"self":[{"href":"https:\/\/www.opinionpublica.tv\/portada\/wp-json\/wp\/v2\/posts\/29851","targetHints":{"allow":["GET"]}}],"collection":[{"href":"https:\/\/www.opinionpublica.tv\/portada\/wp-json\/wp\/v2\/posts"}],"about":[{"href":"https:\/\/www.opinionpublica.tv\/portada\/wp-json\/wp\/v2\/types\/post"}],"author":[{"embeddable":true,"href":"https:\/\/www.opinionpublica.tv\/portada\/wp-json\/wp\/v2\/users\/6"}],"replies":[{"embeddable":true,"href":"https:\/\/www.opinionpublica.tv\/portada\/wp-json\/wp\/v2\/comments?post=29851"}],"version-history":[{"count":0,"href":"https:\/\/www.opinionpublica.tv\/portada\/wp-json\/wp\/v2\/posts\/29851\/revisions"}],"wp:featuredmedia":[{"embeddable":true,"href":"https:\/\/www.opinionpublica.tv\/portada\/wp-json\/wp\/v2\/media\/29850"}],"wp:attachment":[{"href":"https:\/\/www.opinionpublica.tv\/portada\/wp-json\/wp\/v2\/media?parent=29851"}],"wp:term":[{"taxonomy":"category","embeddable":true,"href":"https:\/\/www.opinionpublica.tv\/portada\/wp-json\/wp\/v2\/categories?post=29851"},{"taxonomy":"post_tag","embeddable":true,"href":"https:\/\/www.opinionpublica.tv\/portada\/wp-json\/wp\/v2\/tags?post=29851"}],"curies":[{"name":"wp","href":"https:\/\/api.w.org\/{rel}","templated":true}]}}