{"id":29793,"date":"2022-05-06T06:00:00","date_gmt":"2022-05-06T04:00:00","guid":{"rendered":"https:\/\/www.opinionpublica.tv\/portada\/2022\/05\/06\/impugna-ine-freno-para-acceder-a-investigacion-contra-pio-lopez-la-corte-admite-a-tramite\/"},"modified":"2022-05-06T06:00:00","modified_gmt":"2022-05-06T04:00:00","slug":"impugna-ine-freno-para-acceder-a-investigacion-contra-pio-lopez-la-corte-admite-a-tramite","status":"publish","type":"post","link":"https:\/\/www.opinionpublica.tv\/portada\/impugna-ine-freno-para-acceder-a-investigacion-contra-pio-lopez-la-corte-admite-a-tramite\/","title":{"rendered":"Impugna INE freno para investigar a P\u00edo L\u00f3pez Obrador; Corte admite el tr\u00e1mite"},"content":{"rendered":"<p><img fetchpriority=\"high\" decoding=\"async\" class=\" size-full wp-image-29792\" src=\"https:\/\/www.opinionpublica.tv\/portada\/wp-content\/uploads\/2022\/05\/644a3b248662b9db912d461f9b17fadf.jpg\" alt=\"\" class=\"caption\" title=\"Andr\u00e9s Manuel L\u00f3pez Obrador, presidente de M\u00e9xico y su hermano P\u00edo.\" width=\"770\" height=\"502\" srcset=\"https:\/\/www.opinionpublica.tv\/portada\/wp-content\/uploads\/2022\/05\/644a3b248662b9db912d461f9b17fadf.jpg 770w, https:\/\/www.opinionpublica.tv\/portada\/wp-content\/uploads\/2022\/05\/644a3b248662b9db912d461f9b17fadf-300x196.jpg 300w, https:\/\/www.opinionpublica.tv\/portada\/wp-content\/uploads\/2022\/05\/644a3b248662b9db912d461f9b17fadf-768x501.jpg 768w\" sizes=\"(max-width: 770px) 100vw, 770px\" \/><br \/>\n<!--more--><\/p>\n<p style=\"text-align: justify;\"><em>Ciudad de M\u00e9xico<\/em>.- El Instituto Nacional Electoral (INE), present\u00f3 dos impugnaciones contra la decisi\u00f3n de la ministra Yasm\u00edn Esquivel Mossa de frenar, por ahora, la orden de que la Fiscal\u00eda General de la Rep\u00fablica (FGR) le entregue la carpeta de investigaci\u00f3n contra P\u00edo L\u00f3pez Obrador, hermano del presidente Andr\u00e9s Manuel L\u00f3pez Obrador.<\/p>\n<p style=\"text-align: justify;\">Los recursos de reclamaci\u00f3n fueron admitidos a tr\u00e1mite por el ministro presidente de la Suprema Corte de Justicia de la Naci\u00f3n (SCJN), Arturo Zald\u00edvar quien orden\u00f3 turnarlos a una ministra y un ministro para que realicen los proyectos de resoluci\u00f3n.<\/p>\n<p style=\"text-align: justify;\">Uno de los recursos fue presentado por el INE contra el acuerdo de la ministra Esquivel Mossa en el que admiti\u00f3 a tr\u00e1mite la controversia constitucional que promovi\u00f3 la FGR contra la orden del Tribunal Electoral del Poder Judicial de la Federaci\u00f3n (TEPJF) de entregar la carpeta de investigaci\u00f3n contra P\u00edo L\u00f3pez, David Le\u00f3n y Morena por financiamiento indebido de campa\u00f1a, supuestamente cometido en el a\u00f1o 2015.<\/p>\n<p style=\"text-align: justify;\">El otro recurso es contra la suspensi\u00f3n concedida por la ministra a la FGR con la que impidi\u00f3, por ahora, ejecutar la orden del TEPJF.<\/p>\n<p style=\"text-align: justify;\">Al otorgar la suspensi\u00f3n, la ministra Esquivel indic\u00f3 que permitir que la FGR entregue la investigaci\u00f3n solicitada por el INE podr\u00eda vulnerar el derecho humano de protecci\u00f3n de datos personales y causar da\u00f1os irreversibles.<\/p>\n","protected":false},"excerpt":{"rendered":"","protected":false},"author":6,"featured_media":29792,"comment_status":"open","ping_status":"open","sticky":false,"template":"","format":"standard","meta":{"_acf_changed":false,"_monsterinsights_skip_tracking":false,"slim_seo":{"title":"Impugna INE freno para investigar a P\u00edo L\u00f3pez Obrador; Corte admite el tr\u00e1mite - Opini\u00f3n P\u00fablica","description":"Ciudad de M\u00e9xico .- El Instituto Nacional Electoral (INE), present\u00f3 dos impugnaciones contra la decisi\u00f3n de la ministra Yasm\u00edn Esquivel Mossa de frenar, por aho"},"footnotes":""},"categories":[3],"tags":[519],"class_list":["post-29793","post","type-post","status-publish","format-standard","has-post-thumbnail","hentry","category-principal","tag-pio-lopez-obrador"],"acf":[],"_links":{"self":[{"href":"https:\/\/www.opinionpublica.tv\/portada\/wp-json\/wp\/v2\/posts\/29793","targetHints":{"allow":["GET"]}}],"collection":[{"href":"https:\/\/www.opinionpublica.tv\/portada\/wp-json\/wp\/v2\/posts"}],"about":[{"href":"https:\/\/www.opinionpublica.tv\/portada\/wp-json\/wp\/v2\/types\/post"}],"author":[{"embeddable":true,"href":"https:\/\/www.opinionpublica.tv\/portada\/wp-json\/wp\/v2\/users\/6"}],"replies":[{"embeddable":true,"href":"https:\/\/www.opinionpublica.tv\/portada\/wp-json\/wp\/v2\/comments?post=29793"}],"version-history":[{"count":0,"href":"https:\/\/www.opinionpublica.tv\/portada\/wp-json\/wp\/v2\/posts\/29793\/revisions"}],"wp:featuredmedia":[{"embeddable":true,"href":"https:\/\/www.opinionpublica.tv\/portada\/wp-json\/wp\/v2\/media\/29792"}],"wp:attachment":[{"href":"https:\/\/www.opinionpublica.tv\/portada\/wp-json\/wp\/v2\/media?parent=29793"}],"wp:term":[{"taxonomy":"category","embeddable":true,"href":"https:\/\/www.opinionpublica.tv\/portada\/wp-json\/wp\/v2\/categories?post=29793"},{"taxonomy":"post_tag","embeddable":true,"href":"https:\/\/www.opinionpublica.tv\/portada\/wp-json\/wp\/v2\/tags?post=29793"}],"curies":[{"name":"wp","href":"https:\/\/api.w.org\/{rel}","templated":true}]}}