{"id":29291,"date":"2022-03-06T07:00:00","date_gmt":"2022-03-06T06:00:00","guid":{"rendered":"https:\/\/www.opinionpublica.tv\/portada\/2022\/03\/06\/periodistas-del-pais-exigen-a-lopez-obrador-cesar-escalada-de-ataques-contra-prensa\/"},"modified":"2022-03-06T07:00:00","modified_gmt":"2022-03-06T06:00:00","slug":"periodistas-del-pais-exigen-a-lopez-obrador-cesar-escalada-de-ataques-contra-prensa","status":"publish","type":"post","link":"https:\/\/www.opinionpublica.tv\/portada\/periodistas-del-pais-exigen-a-lopez-obrador-cesar-escalada-de-ataques-contra-prensa\/","title":{"rendered":"Periodistas del pa\u00eds exigen a L\u00f3pez Obrador cesar escalada de ataques contra prensa"},"content":{"rendered":"<p><img fetchpriority=\"high\" decoding=\"async\" class=\" size-full wp-image-29290\" src=\"https:\/\/www.opinionpublica.tv\/portada\/wp-content\/uploads\/2022\/03\/88dafd0d4fa4e6c5d28c7ff83f4edc54.jpg\" alt=\"\" class=\"caption\" title=\"Desde Chiapas, los periodistas expusieron los retos y peligros que enfrentan en sus estados.\" width=\"274\" height=\"184\" \/><br \/>\n<!--more--><\/p>\n<p style=\"text-align: justify;\"><em>San Crist\u00f3bal de las Casas, Chiapas<\/em>.\u2014 Comunicadores de 28 entidades pidieron que el Estado emita un informe puntual y completo de los 56 periodistas que han sido asesinados en el gobierno del presidente Andr\u00e9s Manuel L\u00f3pez Obrador.<\/p>\n<p style=\"text-align: justify;\">Al concluir el Encuentro Nacional de Periodistas, organizado por la familia del comunicador Fredy L\u00f3pez Ar\u00e9valo, ex corresponsal de EL UNIVERSAL en Centroam\u00e9rica, los participantes demandaron al Ejecutivo que reconozca la labor del periodismo en una sociedad democr\u00e1tica y \u201cabstenerse de emitir comentarios que resten m\u00e9ritos a nuestra labor y nos ubiquen en mayor vulnerabilidad\u201d.<\/p>\n<p style=\"text-align: justify;\">El evento arranc\u00f3 el viernes por la noche, con un memorial ubicado en el centro cultural La Resistencia, en el barrio de La Merced, en honor a los periodistas asesinados en los \u00faltimos a\u00f1os en el pa\u00eds.<\/p>\n<p style=\"text-align: justify;\">En el teatro Zebad\u00faa, en el Centro Hist\u00f3rico de la ciudad, los periodistas expusieron sus necesidades, retos y peligros que enfrentan en sus estados.<\/p>\n<p style=\"text-align: justify;\">Luis Cardona, de Ciudad Ju\u00e1rez y que est\u00e1 bajo el mecanismo de protecci\u00f3n a periodistas, permanece en un refugio a 2 mil 300 kil\u00f3metros de donde es originario. Acus\u00f3 que en donde se encuentra no hay internet, situaci\u00f3n que le dificulta activar el bot\u00f3n de p\u00e1nico.<\/p>\n<p style=\"text-align: justify;\">Erick Manzanilla, de Yucat\u00e1n, inform\u00f3 que aunque ese estado parece un lugar tranquilo para el ejercicio period\u00edstico, hay amenazas contra la libertad.<\/p>\n<p style=\"text-align: justify;\">Mar\u00eda del Rosario Mosso, del semanario Zeta, mencion\u00f3 que este es momento de unidad del gremio y record\u00f3 que en 34 a\u00f1os ha perdido a cuatro colegas que laboraban en el impreso.<\/p>\n<p style=\"text-align: justify;\">Se pronunci\u00f3 por una alianza nacional entre los trabajadores de los medios: \u201cTenemos que estar juntos. No estamos solos\u201d.<\/p>\n<p style=\"text-align: justify;\">Mar\u00eda Luisa Estrada, de Jalisco, pidi\u00f3 que se aclare si la empresa que da protecci\u00f3n a periodistas est\u00e1 vinculada con Genaro Garc\u00eda Luna.<\/p>\n<p style=\"text-align: justify;\">Desde Los \u00c1ngeles, California, Guadalupe Liz\u00e1rraga se solidariz\u00f3 con la familia de Fredy L\u00f3pez, asesinado el 28 de octubre cuando llegaba a su casa en San Crist\u00f3bal.<\/p>\n<p style=\"text-align: justify;\">Adem\u00e1s, pidieron la renuncia del titular de la Unidad de Derechos Humanos y responsable del Mecanismo de Protecci\u00f3n para Personas Defensoras de Derechos Humanos y Periodistas de la Secretar\u00eda de Gobernaci\u00f3n (Segob), Enrique Irazoque, pues consideraron que su trabajo no ha dado resultados.<\/p>\n<p style=\"text-align: justify;\">\u00d3scar L\u00f3pez, hijo de Fredy L\u00f3pez, destac\u00f3 la trayectoria de su padre y la cobertura que hizo en Centroam\u00e9rica, donde cubri\u00f3 movimientos armados.<\/p>\n<p style=\"text-align: justify;\">Por su parte, el subsecretario de Gobernaci\u00f3n, Alejandro Encinas, que sigui\u00f3 de cerca el evento a trav\u00e9s de la plataforma Zoom, acept\u00f3 el reto para revisar si la empresa que da protecci\u00f3n a los periodistas est\u00e1 vinculada a Garc\u00eda Luna y se comprometi\u00f3 reunirse con comunicadores para analizar los datos.<\/p>\n<p style=\"text-align: justify;\">Asimismo, dio a conocer que son 56 los periodistas asesinados en la presente administraci\u00f3n federal, pero que de 2012 a la fecha s\u00f3lo seis que estaban bajo el mecanismo de protecci\u00f3n perdieron la vida.<\/p>\n<p style=\"text-align: justify;\">El encuentro finaliz\u00f3 con una protesta en la plaza Catedral, donde algunos periodistas portaron carteles con mensajes como: \u201cNo se mata la verdad matando a periodistas\u201d.<\/p>\n","protected":false},"excerpt":{"rendered":"","protected":false},"author":6,"featured_media":29290,"comment_status":"open","ping_status":"open","sticky":false,"template":"","format":"standard","meta":{"_acf_changed":false,"_monsterinsights_skip_tracking":false,"slim_seo":{"title":"Periodistas del pa\u00eds exigen a L\u00f3pez Obrador cesar escalada de ataques contra prensa - Opini\u00f3n P\u00fablica","description":"San Crist\u00f3bal de las Casas, Chiapas .\u2014 Comunicadores de 28 entidades pidieron que el Estado emita un informe puntual y completo de los 56 periodistas que han si"},"footnotes":""},"categories":[3],"tags":[100],"class_list":["post-29291","post","type-post","status-publish","format-standard","has-post-thumbnail","hentry","category-principal","tag-violencia-contra-periodistas"],"acf":[],"_links":{"self":[{"href":"https:\/\/www.opinionpublica.tv\/portada\/wp-json\/wp\/v2\/posts\/29291","targetHints":{"allow":["GET"]}}],"collection":[{"href":"https:\/\/www.opinionpublica.tv\/portada\/wp-json\/wp\/v2\/posts"}],"about":[{"href":"https:\/\/www.opinionpublica.tv\/portada\/wp-json\/wp\/v2\/types\/post"}],"author":[{"embeddable":true,"href":"https:\/\/www.opinionpublica.tv\/portada\/wp-json\/wp\/v2\/users\/6"}],"replies":[{"embeddable":true,"href":"https:\/\/www.opinionpublica.tv\/portada\/wp-json\/wp\/v2\/comments?post=29291"}],"version-history":[{"count":0,"href":"https:\/\/www.opinionpublica.tv\/portada\/wp-json\/wp\/v2\/posts\/29291\/revisions"}],"wp:featuredmedia":[{"embeddable":true,"href":"https:\/\/www.opinionpublica.tv\/portada\/wp-json\/wp\/v2\/media\/29290"}],"wp:attachment":[{"href":"https:\/\/www.opinionpublica.tv\/portada\/wp-json\/wp\/v2\/media?parent=29291"}],"wp:term":[{"taxonomy":"category","embeddable":true,"href":"https:\/\/www.opinionpublica.tv\/portada\/wp-json\/wp\/v2\/categories?post=29291"},{"taxonomy":"post_tag","embeddable":true,"href":"https:\/\/www.opinionpublica.tv\/portada\/wp-json\/wp\/v2\/tags?post=29291"}],"curies":[{"name":"wp","href":"https:\/\/api.w.org\/{rel}","templated":true}]}}