{"id":29273,"date":"2022-03-06T07:00:00","date_gmt":"2022-03-06T06:00:00","guid":{"rendered":"https:\/\/www.opinionpublica.tv\/portada\/2022\/03\/06\/con-ucrania\/"},"modified":"2022-03-06T07:00:00","modified_gmt":"2022-03-06T06:00:00","slug":"con-ucrania","status":"publish","type":"post","link":"https:\/\/www.opinionpublica.tv\/portada\/con-ucrania\/","title":{"rendered":"Con Ucrania"},"content":{"rendered":"<img fetchpriority=\"high\" decoding=\"async\" class=\" size-full wp-image-29272\" src=\"https:\/\/www.opinionpublica.tv\/portada\/wp-content\/uploads\/2022\/03\/6ae2a9d93398f833760efb15a0a99332.jpg\" alt=\"\" class=\"caption\" title=\"Jos\u00e9 Woldenberg, acad\u00e9mico y primer presidente del IFE.\" width=\"270\" height=\"235\" \/>\n<p style=\"text-align: justify;\">Desde la \u00e9tica el asunto deber\u00eda resultar sencillo: hay un agresor y un agredido, unos que invaden y otros que intentan mantener la integridad de su territorio, hay v\u00edctimas y victimarios. Un punto de partida que deber\u00eda ser compartido y sin embargo\u2026 Pero sabemos, como lo escribi\u00f3 el maestro S\u00e1nchez V\u00e1zquez, que es posible la pol\u00edtica sin \u00e9tica y que suele desembocar en barbarie y que la \u00e9tica sin pol\u00edtica en no pocas ocasiones deriva en autocomplacencia f\u00fatil.<\/p>\n<p><!--more--><\/p>\n<p style=\"text-align: justify;\">La guerra desatada por Rusia contra Ucrania produce asco, preocupaci\u00f3n y c\u00f3lera. Tambi\u00e9n impotencia. Impotencia, dice el diccionario, \u201cfalta de fuerza, poder o competencia para realizar una cosa, hacer que suceda o ponerle resistencia\u201d. En este caso es brutal la impotencia para terminar con la agresi\u00f3n.<\/p>\n<p style=\"text-align: justify;\">Uno observa conmovido la resistencia del ej\u00e9rcito ucraniano, la entereza y el patriotismo de los civiles que se arman contra la invasi\u00f3n, la digna actitud del presidente Zelensky, las marchas y m\u00edtines de repudio en diferentes puntos del planeta incluyendo ciudades rusas. Lee agradecido la reacci\u00f3n de los pa\u00edses vecinos que reciben a los refugiados, aplaude a la distancia a la FIA que cancel\u00f3 el premio de Sochi y la resoluci\u00f3n de la UEFA de trasladar la final de la Champions de San Petersburgo a Par\u00eds, el gesto de Yaremchuk en el partido entre el Benfica y el Ajax o la negativa de Polonia y Suecia de jugar partidos eliminatorios para el mundial contra Rusia.<\/p>\n<p style=\"text-align: justify;\">Uno aprecia los votos de los once pa\u00edses (incluyendo a M\u00e9xico) que en el Consejo de Seguridad de las Naciones Unidas deploraron la invasi\u00f3n, dejando a Rusia sola, aislada. Valora la decisi\u00f3n de la Uni\u00f3n Europea y los Estados Unidos de expulsar a diversos bancos rusos del mecanismo SWIFT, las sanciones econ\u00f3micas contra un pa\u00eds agresor (aunque parad\u00f3jicamente el proceso de globalizaci\u00f3n parece imponer l\u00edmites a las mismas por la interconexi\u00f3n de las econom\u00edas) y estima e inquieta la prudencia de la OTAN (porque la opci\u00f3n de la escalada militar \u2014que en la peor pesadilla podr\u00eda llevar a dimensiones nucleares\u2014 quiz\u00e1 abrir\u00eda las puertas a una conflagraci\u00f3n de repercusiones aterradoras).<\/p>\n<p style=\"text-align: justify;\">Y, a pesar de todo ello, la impotencia sigue ah\u00ed. Durante a\u00f1os la capacidad destructora del armamento nuclear impuso lo que algunos llamaron el equilibrio del terror, pero cuando una potencia decide desplegar su fuerza militar de forma unilateral obtiene una ventaja siniestra, dif\u00edcil de contestar.<\/p>\n<p style=\"text-align: justify;\">La guerra, habla Perogrullo, es el mal que unos hombres le infringen a otros. Un sufrimiento extremo que pod\u00eda haber sido evitado. Se trata de un ahogo radicalmente distinto al que produce la enfermedad, las cat\u00e1strofes naturales, las vicisitudes de la vida. Eso se sab\u00eda incluso en la lejana \u00e9poca en que se hablaba de guerras nobles o santas. A inicios del siglo XVI, Erasmo de R\u00f3terdam escribi\u00f3: en las guerras \u201cla ventaja redunda solo en unos pocos, que son indignos de cosecharla. La seguridad de un hombre se debe a la destrucci\u00f3n de otro; la recompensa de un hombre deriva del saqueo de otro. La causa de regocijo para un bando es para el otro una causa de duelo\u2026 Una felicidad mezquina, que deriva su existencia del infortunio ajeno\u201d. (en Pinker. Racionalidad).<\/p>\n<p style=\"text-align: justify;\">Hoy, son los muertos, heridos, desplazados, refugiados, la estela \u201cnatural\u201d de la guerra. Y esa constataci\u00f3n elemental y fundamental es la que empieza a generar la ola de repudio en casi todo el orbe. L\u00e1stima que a Putin y los suyos la opini\u00f3n de otros les importe nada.<\/p>\n<p style=\"text-align: justify;\">\u00a0<\/p>\n","protected":false},"excerpt":{"rendered":"<p>Desde la \u00e9tica el asunto deber\u00eda resultar sencillo: hay un agresor y un agredido, unos que invaden y otros que intentan mantener la integridad de su territorio, hay v\u00edctimas y victimarios. Un punto de partida que deber\u00eda ser compartido y sin embargo\u2026 Pero sabemos, como lo escribi\u00f3 el maestro S\u00e1nchez V\u00e1zquez, que es posible la [&hellip;]<\/p>\n","protected":false},"author":6,"featured_media":29272,"comment_status":"open","ping_status":"open","sticky":false,"template":"","format":"standard","meta":{"_acf_changed":false,"_monsterinsights_skip_tracking":false,"slim_seo":{"title":"Con Ucrania - Opini\u00f3n P\u00fablica","description":"Desde la \u00e9tica el asunto deber\u00eda resultar sencillo: hay un agresor y un agredido, unos que invaden y otros que intentan mantener la integridad de su territorio,"},"footnotes":""},"categories":[26],"tags":[],"class_list":["post-29273","post","type-post","status-publish","format-standard","has-post-thumbnail","hentry","category-de-chile-dulce-y-manteca-columna-invitada"],"acf":[],"_links":{"self":[{"href":"https:\/\/www.opinionpublica.tv\/portada\/wp-json\/wp\/v2\/posts\/29273","targetHints":{"allow":["GET"]}}],"collection":[{"href":"https:\/\/www.opinionpublica.tv\/portada\/wp-json\/wp\/v2\/posts"}],"about":[{"href":"https:\/\/www.opinionpublica.tv\/portada\/wp-json\/wp\/v2\/types\/post"}],"author":[{"embeddable":true,"href":"https:\/\/www.opinionpublica.tv\/portada\/wp-json\/wp\/v2\/users\/6"}],"replies":[{"embeddable":true,"href":"https:\/\/www.opinionpublica.tv\/portada\/wp-json\/wp\/v2\/comments?post=29273"}],"version-history":[{"count":0,"href":"https:\/\/www.opinionpublica.tv\/portada\/wp-json\/wp\/v2\/posts\/29273\/revisions"}],"wp:featuredmedia":[{"embeddable":true,"href":"https:\/\/www.opinionpublica.tv\/portada\/wp-json\/wp\/v2\/media\/29272"}],"wp:attachment":[{"href":"https:\/\/www.opinionpublica.tv\/portada\/wp-json\/wp\/v2\/media?parent=29273"}],"wp:term":[{"taxonomy":"category","embeddable":true,"href":"https:\/\/www.opinionpublica.tv\/portada\/wp-json\/wp\/v2\/categories?post=29273"},{"taxonomy":"post_tag","embeddable":true,"href":"https:\/\/www.opinionpublica.tv\/portada\/wp-json\/wp\/v2\/tags?post=29273"}],"curies":[{"name":"wp","href":"https:\/\/api.w.org\/{rel}","templated":true}]}}