{"id":29223,"date":"2022-02-28T07:00:00","date_gmt":"2022-02-28T06:00:00","guid":{"rendered":"https:\/\/www.opinionpublica.tv\/portada\/2022\/02\/28\/a-declaracion-de-parte\/"},"modified":"2022-02-28T07:00:00","modified_gmt":"2022-02-28T06:00:00","slug":"a-declaracion-de-parte","status":"publish","type":"post","link":"https:\/\/www.opinionpublica.tv\/portada\/a-declaracion-de-parte\/","title":{"rendered":"A declaraci\u00f3n de parte\u2026"},"content":{"rendered":"<img fetchpriority=\"high\" decoding=\"async\" class=\" size-full wp-image-29222\" src=\"https:\/\/www.opinionpublica.tv\/portada\/wp-content\/uploads\/2022\/02\/a4650a6591bf8ec315a5f23df228145b.jpg\" alt=\"\" class=\"caption\" title=\"Jos\u00e9 Woldenberg, acad\u00e9mico y primer presidente del IFE.\" width=\"270\" height=\"235\" \/>\n<p style=\"text-align: justify;\">Dec\u00edan los abogados que \u201ca declaraci\u00f3n de parte, relevo de pruebas\u201d. Si unos sujetos piensan, hablan y escriben como autoritarios es porque lo son. Imagino que a los seguidores del presidente no les agrada que los adjetiven as\u00ed. Pero los senadores de Morena, en una frase se han presentado de cuerpo entero. Lo han escrito con todas sus letras y se sienten satisfechos.<\/p>\n<p><!--more--><\/p>\n<p style=\"text-align: justify;\">En un documento de respaldo al presidente nos han informado que seg\u00fan ellos \u201cel presidente Andr\u00e9s Manuel L\u00f3pez Obrador, encarna a la naci\u00f3n, a la patria y al pueblo\u201d. Encarnar, del lat\u00edn incarnare significa \u201ctomar forma corporal\u201d Es decir, perd\u00f3n por la repetici\u00f3n, el pueblo, la patria y la naci\u00f3n ya han encontrado una persona para expresarse, han encarnado en ella. Vaya, vaya. Ese \u2014aunque no se den cuenta\u2014 es el principio de todo autoritarismo.<\/p>\n<p style=\"text-align: justify;\">Si fuera as\u00ed, en efecto, \u00bfpara qu\u00e9 la divisi\u00f3n de poderes, para qu\u00e9 el poder reglamentado, las instituciones aut\u00f3nomas del Estado, agrupaciones civiles, partidos, periodistas y medios? \u00bfSi en una sola voz encarna el pueblo para que fragmentar o regular a esa expresi\u00f3n? \u00bfpor qu\u00e9 debe ser limitado por otros? \u00bfpor qu\u00e9 no concentrar el poder? \u00bfpor qu\u00e9 intentar disolver la f\u00e9rrea identidad entre los representados y su Representante?<\/p>\n<p style=\"text-align: justify;\">Y su consecuencia l\u00f3gica es igual de alarmante. Si la patria, la naci\u00f3n y el pueblo encarnan en el presidente, \u00bfqu\u00e9 son aquellos que no comparten sus puntos de vista? \u00bfqui\u00e9nes son los que lo contradicen? \u00bfaquellos que osan disentir? \u00bflos opositores, divergentes, adversarios? Pues la respuesta es sencilla, inercial y pavorosa: fuerzas antinacionales, antipatri\u00f3ticas, el anti pueblo. Han expresado -queri\u00e9ndolo o no- el principio gran\u00edtico a partir del cual se edifican todos los autoritarismos, las dictaduras, los totalitarismos y las teocracias. \u201cEl pueblo es uno, sin fisuras, con id\u00e9nticos intereses, un monolito que encuentra su aut\u00e9ntico vocero, y que en su infinita sabidur\u00eda ha depositado su confianza en un ser en el cual \u201cencarna\u201d \u2026 y las dem\u00e1s no son m\u00e1s que sujetos espurios\u201d.<\/p>\n<p style=\"text-align: justify;\">Se trata exactamente de la noci\u00f3n ant\u00f3nima a la piedra fundadora de los reg\u00edmenes democr\u00e1ticos. En \u00e9stos se entiende que la sociedad no es un todo homog\u00e9neo, que en ella conviven convicciones, ideolog\u00edas, intereses e incluso sensibilidades diversas, y que ah\u00ed precisamente reside la riqueza de una comunidad, por lo cual hay que construir un espacio para su expresi\u00f3n, recreaci\u00f3n, convivencia y competencia. Nadie, en singular, puede arrogarse la representaci\u00f3n de esa sociedad cruzada por contradicciones, nadie puede hablar por ella y menos a\u00fan asumirse como su \u00fanico y exclusivo representante.<\/p>\n<p style=\"text-align: justify;\">Pues bien, nuestros senadores, han \u201cresuelto\u201d de un plumazo el complejo tema de la representaci\u00f3n. Han encontrado en su l\u00edder no a un presidente de la Rep\u00fablica leg\u00edtimamente electo, sino una persona en la que por su conducto se expresan la patria, la naci\u00f3n y el pueblo.<\/p>\n<p style=\"text-align: justify;\">Es un dislate por supuesto. Pero no s\u00f3lo es eso. Es al extremo al que puede llevar la sumisi\u00f3n ciega, la defensa \u201cincondicional\u201d (lo dicen ellos) de su jefe, las ganas de no reconocer legitimidad a sus adversarios, que deriva en un espacio p\u00fablico asfixiante que imposibilita siquiera un m\u00ednimo debate en t\u00e9rminos racionales. Se sabe o deber\u00edan saberlo por lo menos los senadores de la rep\u00fablica: las palabras nunca son anodinas y hace tiempo que empezaron a utilizar un lenguaje que quiz\u00e1 a ellos los cohesiona, pero a muchos nos aterra.<\/p>\n<p style=\"text-align: justify;\">\u00a0<\/p>\n","protected":false},"excerpt":{"rendered":"<p>Dec\u00edan los abogados que \u201ca declaraci\u00f3n de parte, relevo de pruebas\u201d. Si unos sujetos piensan, hablan y escriben como autoritarios es porque lo son. Imagino que a los seguidores del presidente no les agrada que los adjetiven as\u00ed. Pero los senadores de Morena, en una frase se han presentado de cuerpo entero. Lo han escrito [&hellip;]<\/p>\n","protected":false},"author":6,"featured_media":29222,"comment_status":"open","ping_status":"open","sticky":false,"template":"","format":"standard","meta":{"_acf_changed":false,"_monsterinsights_skip_tracking":false,"slim_seo":{"title":"A declaraci\u00f3n de parte\u2026 - Opini\u00f3n P\u00fablica","description":"Dec\u00edan los abogados que \u201ca declaraci\u00f3n de parte, relevo de pruebas\u201d. Si unos sujetos piensan, hablan y escriben como autoritarios es porque lo son. Imagino que"},"footnotes":""},"categories":[26],"tags":[],"class_list":["post-29223","post","type-post","status-publish","format-standard","has-post-thumbnail","hentry","category-de-chile-dulce-y-manteca-columna-invitada"],"acf":[],"_links":{"self":[{"href":"https:\/\/www.opinionpublica.tv\/portada\/wp-json\/wp\/v2\/posts\/29223","targetHints":{"allow":["GET"]}}],"collection":[{"href":"https:\/\/www.opinionpublica.tv\/portada\/wp-json\/wp\/v2\/posts"}],"about":[{"href":"https:\/\/www.opinionpublica.tv\/portada\/wp-json\/wp\/v2\/types\/post"}],"author":[{"embeddable":true,"href":"https:\/\/www.opinionpublica.tv\/portada\/wp-json\/wp\/v2\/users\/6"}],"replies":[{"embeddable":true,"href":"https:\/\/www.opinionpublica.tv\/portada\/wp-json\/wp\/v2\/comments?post=29223"}],"version-history":[{"count":0,"href":"https:\/\/www.opinionpublica.tv\/portada\/wp-json\/wp\/v2\/posts\/29223\/revisions"}],"wp:featuredmedia":[{"embeddable":true,"href":"https:\/\/www.opinionpublica.tv\/portada\/wp-json\/wp\/v2\/media\/29222"}],"wp:attachment":[{"href":"https:\/\/www.opinionpublica.tv\/portada\/wp-json\/wp\/v2\/media?parent=29223"}],"wp:term":[{"taxonomy":"category","embeddable":true,"href":"https:\/\/www.opinionpublica.tv\/portada\/wp-json\/wp\/v2\/categories?post=29223"},{"taxonomy":"post_tag","embeddable":true,"href":"https:\/\/www.opinionpublica.tv\/portada\/wp-json\/wp\/v2\/tags?post=29223"}],"curies":[{"name":"wp","href":"https:\/\/api.w.org\/{rel}","templated":true}]}}