{"id":29175,"date":"2022-02-21T07:00:00","date_gmt":"2022-02-21T06:00:00","guid":{"rendered":"https:\/\/www.opinionpublica.tv\/portada\/2022\/02\/21\/efemerides-21-de-febrero-4\/"},"modified":"2022-02-21T07:00:00","modified_gmt":"2022-02-21T06:00:00","slug":"efemerides-21-de-febrero-4","status":"publish","type":"post","link":"https:\/\/www.opinionpublica.tv\/portada\/efemerides-21-de-febrero-4\/","title":{"rendered":"Efem\u00e9rides 21 de febrero"},"content":{"rendered":"<img fetchpriority=\"high\" decoding=\"async\" class=\" size-full wp-image-29174\" src=\"https:\/\/www.opinionpublica.tv\/portada\/wp-content\/uploads\/2022\/02\/26813cfc72e0bc9bbc6e0a731470ddfd.jpg\" alt=\"\" class=\"caption\" title=\"Malcom X, l\u00edder y activista de los derechos de los afroamericanos en Estados Unidos.\" width=\"1200\" height=\"900\" srcset=\"https:\/\/www.opinionpublica.tv\/portada\/wp-content\/uploads\/2022\/02\/26813cfc72e0bc9bbc6e0a731470ddfd.jpg 1200w, https:\/\/www.opinionpublica.tv\/portada\/wp-content\/uploads\/2022\/02\/26813cfc72e0bc9bbc6e0a731470ddfd-300x225.jpg 300w, https:\/\/www.opinionpublica.tv\/portada\/wp-content\/uploads\/2022\/02\/26813cfc72e0bc9bbc6e0a731470ddfd-1024x768.jpg 1024w, https:\/\/www.opinionpublica.tv\/portada\/wp-content\/uploads\/2022\/02\/26813cfc72e0bc9bbc6e0a731470ddfd-768x576.jpg 768w\" sizes=\"(max-width: 1200px) 100vw, 1200px\" \/>\n<p style=\"text-align: justify;\">Un d\u00eda 21 de febrero como hoy, pero de 1965, es asesinado a la salida de un mitin en Nueva York, el activista afroamericano Malcom X, fundador de Organizaci\u00f3n de la Unidad Afro-Americana.<\/p>\n<p><!--more--><\/p>\n<p style=\"text-align: justify;\"><strong>M\u00e1s efem\u00e9rides<\/strong><\/p>\n<p style=\"text-align: justify;\">1644.- Un violento incendio destruye una gran parte del casco urbano y la catedral de la ciudad de Panam\u00e1.<\/p>\n<p style=\"text-align: justify;\">1790.- Nace Antonio L\u00f3pez de Santa Anna, presidente de M\u00e9xico.<\/p>\n<p style=\"text-align: justify;\">1795.- Nace Francisco Manoel da Silva, compositor brasile\u00f1o.<\/p>\n<p style=\"text-align: justify;\">1813.- Las fuerzas del general Belgrano vencen a las realistas del general Trist\u00e1n en la batalla de Salta, decisiva para la independencia de Argentina.<\/p>\n<p style=\"text-align: justify;\">1817.- Nace Jos\u00e9 Zorrilla, poeta y dramaturgo espa\u00f1ol.<\/p>\n<p style=\"text-align: justify;\">1822.- Guatemala se une voluntariamente a M\u00e9xico, aunque posteriormente volver\u00edan a separarse.<\/p>\n<p style=\"text-align: justify;\">1837.- Nace Rosal\u00eda de Castro, poetisa espa\u00f1ola.<\/p>\n<p style=\"text-align: justify;\">1858.- Un fuerte temblor de tierra destruye la ciudad griega de Corinto.<\/p>\n<p style=\"text-align: justify;\">1893.- Nace Andr\u00e9s Segovia, guitarrista espa\u00f1ol.<\/p>\n<p style=\"text-align: justify;\">1896.- Guerra de Cuba: los insurrectos cubanos son derrotados en el lugar conocido por Ojo de Agua.<\/p>\n<p style=\"text-align: justify;\">1901.- La Asamblea Constituyente cubana promulga la primera Constituci\u00f3n del pa\u00eds.<\/p>\n<p style=\"text-align: justify;\">1907.- Fuerzas nicarag\u00fcenses se apoderan de varias poblaciones hondure\u00f1as y acorralan al presidente Manuel Bonilla, en el conflicto armado entre los dos pa\u00edses.<\/p>\n<p style=\"text-align: justify;\">1914.- Partidas de bandoleros toman la ciudad china de Lichuan y asesinan a m\u00e1s de mil personas.<\/p>\n<p style=\"text-align: justify;\">1915.- Se inaugura la Exposici\u00f3n Universal de San Francisco (Estados Unidos).<\/p>\n<p style=\"text-align: justify;\">1916.- Primera Guerra Mundial: los Ej\u00e9rcitos alemanes desencadenan una fuerte ofensiva sobre Verd\u00fan.<\/p>\n<p style=\"text-align: justify;\">1919.- Asesinato de Kurt Eisner, primer ministro de la Rep\u00fablica de Baviera.<\/p>\n<p style=\"text-align: justify;\">1928.- Nace Ariel Sharon, general y pol\u00edtico israel\u00ed.<\/p>\n<p style=\"text-align: justify;\">1929.- Acuerdo fronterizo entre Chile y Per\u00fa.<\/p>\n<p style=\"text-align: justify;\">1933.- Nace Nina Simone, cantante y pianista estadounidense.<\/p>\n<p style=\"text-align: justify;\">1934.- El l\u00edder guerrillero nicarag\u00fcense Augusto C\u00e9sar Sandino es asesinado por orden de Anastasio Somoza, jefe de la Guardia Nacional de Nicaragua.<\/p>\n<p style=\"text-align: justify;\">1937.- Nace Harald V, rey de Noruega.<\/p>\n<p style=\"text-align: justify;\">1945.- Los pa\u00edses de la Uni\u00f3n Panamericana, a excepci\u00f3n de Argentina y El Salvador, acuerdan en M\u00e9xico la creaci\u00f3n de la Liga de las Naciones Americanas.<\/p>\n<p style=\"text-align: justify;\">1949.- Una emisora de Quito transmite \u00abLa guerra de los mundos\u00bb de H.G Wells, y causa el mismo p\u00e1nico que en Nueva York diez a\u00f1os antes.<\/p>\n<p style=\"text-align: justify;\">1957.- Se constituye en Honduras el departamento de Gracias a Dios.<\/p>\n<p style=\"text-align: justify;\">1963.- Un terremoto destruye la ciudad libia de Barce y causa la muerte de m\u00e1s de quinientas personas.<\/p>\n<p style=\"text-align: justify;\">1966.- El general De Gaulle anuncia que la flota francesa del Mediterr\u00e1neo quedar\u00e1 desligada del mando de la OTAN y que no se almacenar\u00e1n armas at\u00f3micas estadounidenses en las bases francesas.<\/p>\n<p style=\"text-align: justify;\">1972.- Entrevista en Pek\u00edn de Richard Nixon y Mao Tse-Tung, con la que se inicia una fase de relaciones que llevar\u00e1 al ingreso de China Popular en la ONU, en lugar de la China Nacionalista.<\/p>\n<p style=\"text-align: justify;\">1984.- El ex presidente argentino Leopoldo F. Galtieri, detenido y puesto a disposici\u00f3n de las fuerzas armadas.<\/p>\n<p style=\"text-align: justify;\">1984.- Muere Mijail Sholojov, escritor sovi\u00e9tico, Premio Nobel de Literatura 1965.<\/p>\n<p style=\"text-align: justify;\">1996.- Muere Morton Gould, compositor y director de orquesta estadounidense.<\/p>\n<p style=\"text-align: justify;\">1999.- Muere Jos\u00e9 Meli\u00e1, pionero de la industria tur\u00edstica espa\u00f1ola y fundador de la cadena \u00abMeli\u00e1\u00bb.<\/p>\n<p style=\"text-align: justify;\">2005.- Muere Guillermo Cabrera Infante, escritor cubano.<\/p>\n<p style=\"text-align: justify;\">2008.- Muere Robin Moore, escritor estadounidense.<\/p>\n<p style=\"text-align: justify;\">\u00a0<\/p>\n","protected":false},"excerpt":{"rendered":"<p>Un d\u00eda 21 de febrero como hoy, pero de 1965, es asesinado a la salida de un mitin en Nueva York, el activista afroamericano Malcom X, fundador de Organizaci\u00f3n de la Unidad Afro-Americana.<\/p>\n","protected":false},"author":6,"featured_media":29174,"comment_status":"open","ping_status":"open","sticky":false,"template":"","format":"standard","meta":{"_acf_changed":false,"_monsterinsights_skip_tracking":false,"slim_seo":{"title":"Efem\u00e9rides 21 de febrero - Opini\u00f3n P\u00fablica","description":"Un d\u00eda 21 de febrero como hoy, pero de 1965, es asesinado a la salida de un mitin en Nueva York, el activista afroamericano Malcom X, fundador de Organizaci\u00f3n d"},"footnotes":""},"categories":[27],"tags":[],"class_list":["post-29175","post","type-post","status-publish","format-standard","has-post-thumbnail","hentry","category-un-dia-como-hoy"],"acf":[],"_links":{"self":[{"href":"https:\/\/www.opinionpublica.tv\/portada\/wp-json\/wp\/v2\/posts\/29175","targetHints":{"allow":["GET"]}}],"collection":[{"href":"https:\/\/www.opinionpublica.tv\/portada\/wp-json\/wp\/v2\/posts"}],"about":[{"href":"https:\/\/www.opinionpublica.tv\/portada\/wp-json\/wp\/v2\/types\/post"}],"author":[{"embeddable":true,"href":"https:\/\/www.opinionpublica.tv\/portada\/wp-json\/wp\/v2\/users\/6"}],"replies":[{"embeddable":true,"href":"https:\/\/www.opinionpublica.tv\/portada\/wp-json\/wp\/v2\/comments?post=29175"}],"version-history":[{"count":0,"href":"https:\/\/www.opinionpublica.tv\/portada\/wp-json\/wp\/v2\/posts\/29175\/revisions"}],"wp:featuredmedia":[{"embeddable":true,"href":"https:\/\/www.opinionpublica.tv\/portada\/wp-json\/wp\/v2\/media\/29174"}],"wp:attachment":[{"href":"https:\/\/www.opinionpublica.tv\/portada\/wp-json\/wp\/v2\/media?parent=29175"}],"wp:term":[{"taxonomy":"category","embeddable":true,"href":"https:\/\/www.opinionpublica.tv\/portada\/wp-json\/wp\/v2\/categories?post=29175"},{"taxonomy":"post_tag","embeddable":true,"href":"https:\/\/www.opinionpublica.tv\/portada\/wp-json\/wp\/v2\/tags?post=29175"}],"curies":[{"name":"wp","href":"https:\/\/api.w.org\/{rel}","templated":true}]}}