{"id":29023,"date":"2022-02-05T07:00:00","date_gmt":"2022-02-05T06:00:00","guid":{"rendered":"https:\/\/www.opinionpublica.tv\/portada\/2022\/02\/05\/lopez-obrador-anuncia-federalizacion-de-la-salud-iniciara-en-tlaxcala-y-nayarit\/"},"modified":"2022-02-05T07:00:00","modified_gmt":"2022-02-05T06:00:00","slug":"lopez-obrador-anuncia-federalizacion-de-la-salud-iniciara-en-tlaxcala-y-nayarit","status":"publish","type":"post","link":"https:\/\/www.opinionpublica.tv\/portada\/lopez-obrador-anuncia-federalizacion-de-la-salud-iniciara-en-tlaxcala-y-nayarit\/","title":{"rendered":"Anuncia L\u00f3pez Obrador federalizaci\u00f3n de la salud; iniciar\u00e1 en Tlaxcala y Nayarit"},"content":{"rendered":"<p><img fetchpriority=\"high\" decoding=\"async\" class=\" size-full wp-image-29022\" src=\"https:\/\/www.opinionpublica.tv\/portada\/wp-content\/uploads\/2022\/02\/f5fce9fbf25cecfc0dc5670786aadfc2.jpg\" alt=\"\" class=\"caption\" title=\"Andr\u00e9s Manuel L\u00f3pez Obrador, presidente de M\u00e9xico.\" width=\"747\" height=\"420\" srcset=\"https:\/\/www.opinionpublica.tv\/portada\/wp-content\/uploads\/2022\/02\/f5fce9fbf25cecfc0dc5670786aadfc2.jpg 747w, https:\/\/www.opinionpublica.tv\/portada\/wp-content\/uploads\/2022\/02\/f5fce9fbf25cecfc0dc5670786aadfc2-300x169.jpg 300w\" sizes=\"(max-width: 747px) 100vw, 747px\" \/><br \/>\n<!--more--><\/p>\n<p style=\"text-align: justify;\"><em>Ciudad de M\u00e9xico<\/em>.- El presidente Andr\u00e9s Manuel L\u00f3pez Obrador dio a conocer en su conferencia ma\u00f1anera desde el estado de Tlaxcala, que este d\u00eda se suscribir\u00e1 un convenio de colaboraci\u00f3n en materia de salud entre la federaci\u00f3n y el gobierno de Tlaxcala.<\/p>\n<p style=\"text-align: justify;\">Este convenio servir\u00e1 para que no falten m\u00e9dicos, que haya equipos m\u00e9dicos suficientes y en buen estado en las unidades m\u00e9dicas, en centros de salud y hospitales; as\u00ed como medicamentos, detall\u00f3.\u00a0\u00a0<\/p>\n<p style=\"text-align: justify;\">Se\u00f1al\u00f3 que todo esto, en el marco del art\u00edculo 4\u00ba de la Constituci\u00f3n Mexicana de garantizar a los mexicanos su derecho a la salud, atenci\u00f3n m\u00e9dica y medicamentos gratuitos.<\/p>\n<p style=\"text-align: justify;\">\u201cEsto se va a convertir en realidad en todo el pa\u00eds y el modelo inicial comenzar\u00e1 en Tlaxcala y Nayarit\u201d, se\u00f1al\u00f3 el mandatario.<\/p>\n<p style=\"text-align: justify;\">Destac\u00f3 adem\u00e1s que no habr\u00e1 l\u00edmite de presupuesto.<\/p>\n","protected":false},"excerpt":{"rendered":"","protected":false},"author":6,"featured_media":29022,"comment_status":"open","ping_status":"open","sticky":false,"template":"","format":"standard","meta":{"_acf_changed":false,"_monsterinsights_skip_tracking":false,"slim_seo":{"title":"Anuncia L\u00f3pez Obrador federalizaci\u00f3n de la salud; iniciar\u00e1 en Tlaxcala y Nayarit - Opini\u00f3n P\u00fablica","description":"Ciudad de M\u00e9xico .- El presidente Andr\u00e9s Manuel L\u00f3pez Obrador dio a conocer en su conferencia ma\u00f1anera desde el estado de Tlaxcala, que este d\u00eda se suscribir\u00e1 u"},"footnotes":""},"categories":[11],"tags":[170],"class_list":["post-29023","post","type-post","status-publish","format-standard","has-post-thumbnail","hentry","category-tendencias","tag-salud"],"acf":[],"_links":{"self":[{"href":"https:\/\/www.opinionpublica.tv\/portada\/wp-json\/wp\/v2\/posts\/29023","targetHints":{"allow":["GET"]}}],"collection":[{"href":"https:\/\/www.opinionpublica.tv\/portada\/wp-json\/wp\/v2\/posts"}],"about":[{"href":"https:\/\/www.opinionpublica.tv\/portada\/wp-json\/wp\/v2\/types\/post"}],"author":[{"embeddable":true,"href":"https:\/\/www.opinionpublica.tv\/portada\/wp-json\/wp\/v2\/users\/6"}],"replies":[{"embeddable":true,"href":"https:\/\/www.opinionpublica.tv\/portada\/wp-json\/wp\/v2\/comments?post=29023"}],"version-history":[{"count":0,"href":"https:\/\/www.opinionpublica.tv\/portada\/wp-json\/wp\/v2\/posts\/29023\/revisions"}],"wp:featuredmedia":[{"embeddable":true,"href":"https:\/\/www.opinionpublica.tv\/portada\/wp-json\/wp\/v2\/media\/29022"}],"wp:attachment":[{"href":"https:\/\/www.opinionpublica.tv\/portada\/wp-json\/wp\/v2\/media?parent=29023"}],"wp:term":[{"taxonomy":"category","embeddable":true,"href":"https:\/\/www.opinionpublica.tv\/portada\/wp-json\/wp\/v2\/categories?post=29023"},{"taxonomy":"post_tag","embeddable":true,"href":"https:\/\/www.opinionpublica.tv\/portada\/wp-json\/wp\/v2\/tags?post=29023"}],"curies":[{"name":"wp","href":"https:\/\/api.w.org\/{rel}","templated":true}]}}