{"id":29015,"date":"2022-02-05T07:00:00","date_gmt":"2022-02-05T06:00:00","guid":{"rendered":"https:\/\/www.opinionpublica.tv\/portada\/2022\/02\/05\/efemerides-5-de-febrero-6\/"},"modified":"2022-02-05T07:00:00","modified_gmt":"2022-02-05T06:00:00","slug":"efemerides-5-de-febrero-6","status":"publish","type":"post","link":"https:\/\/www.opinionpublica.tv\/portada\/efemerides-5-de-febrero-6\/","title":{"rendered":"Efem\u00e9rides 5 de febrero"},"content":{"rendered":"<img fetchpriority=\"high\" decoding=\"async\" class=\" size-full wp-image-29014\" src=\"https:\/\/www.opinionpublica.tv\/portada\/wp-content\/uploads\/2022\/02\/c4110c15be83542f5e51feb6cff6556d.jpg\" alt=\"\" class=\"caption\" title=\"La Constituci\u00f3n Mexicana fue promulgada por el presidente Venustiano Carranza en Quer\u00e9taro.\" width=\"333\" height=\"151\" srcset=\"https:\/\/www.opinionpublica.tv\/portada\/wp-content\/uploads\/2022\/02\/c4110c15be83542f5e51feb6cff6556d.jpg 333w, https:\/\/www.opinionpublica.tv\/portada\/wp-content\/uploads\/2022\/02\/c4110c15be83542f5e51feb6cff6556d-300x136.jpg 300w\" sizes=\"(max-width: 333px) 100vw, 333px\" \/>\n<p style=\"text-align: justify;\">Un d\u00eda 5 de febrero como hoy, pero de 1917, el presidente mexicano, Venustiano Carranza, promulga la denominada \u2018Constituci\u00f3n de Quer\u00e9taro\u2019, que es actualmente la Constituci\u00f3n Mexicana.<\/p>\n<p><!--more--><\/p>\n<p style=\"text-align: justify;\"><strong>M\u00e1s efem\u00e9rides<\/strong><\/p>\n<p style=\"text-align: justify;\">1818.- Carlos XIV, el mariscal napole\u00f3nico Jean Baptiste Bernadotte, es coronado Rey de Suecia.<\/p>\n<p style=\"text-align: justify;\">1819.- Se firma en Buenos Aires un tratado de alianza entre el Gobierno de las Provincias Unidas del R\u00edo de la Plata y el chileno para poner fin a la dominaci\u00f3n espa\u00f1ola en Per\u00fa y garantizar la independencia de este pa\u00eds.<\/p>\n<p style=\"text-align: justify;\">1852.- Es inaugurado el museo de L&#8217;Hermitage en San Petersburgo.<\/p>\n<p style=\"text-align: justify;\">1857.- Se promulga una nueva Constituci\u00f3n en M\u00e9xico tras la dictadura del general Santa Ana.<\/p>\n<p style=\"text-align: justify;\">1862.- Nace Felipe Villanueva y Guti\u00e9rrez, compositor mexicano.<\/p>\n<p style=\"text-align: justify;\">1864.- Guerra de Dinamarca contra Prusia y Austria: capitulaci\u00f3n de los daneses en Danewirk.<\/p>\n<p style=\"text-align: justify;\">1865.- Nace Eusebio A. Morales, pol\u00edtico paname\u00f1o.<\/p>\n<p style=\"text-align: justify;\">1867.- Sale de M\u00e9xico el cuerpo expedicionario franc\u00e9s, abandonando a su suerte al emperador Maximiliano.<\/p>\n<p style=\"text-align: justify;\">1874.- El general Laureano Sanz, gobernador de Puerto Rico, ordena la disoluci\u00f3n de la Diputaci\u00f3n Provincial, con lo que la isla pierde su autonom\u00eda.<\/p>\n<p style=\"text-align: justify;\">1878.- Firma del armisticio y de los preliminares de la paz entre Turqu\u00eda y Rusia.<\/p>\n<p style=\"text-align: justify;\">1878.- Nace Andr\u00e9 Citroen, ingeniero franc\u00e9s, creador de la marca automovil\u00edstica de su nombre.<\/p>\n<p style=\"text-align: justify;\">1880.- Se crea en La Habana el Centro Gallego, el principal centro espa\u00f1ol en el extranjero.<\/p>\n<p style=\"text-align: justify;\">1889.- Se interrumpen las obras del Canal de Panam\u00e1, al deshacerse la compa\u00f1\u00eda Universal del Canal Interoce\u00e1nico.<\/p>\n<p style=\"text-align: justify;\">1912.- Botadura del acorazado \u00abEspa\u00f1a\u00bb, primero de los barcos de guerra construidos tras los da\u00f1os sufridos por la Armada espa\u00f1ola en las guerras de Cuba y Filipinas.<\/p>\n<p style=\"text-align: justify;\">1914.- Nace William Burroughs, escritor estadounidense.<\/p>\n<p style=\"text-align: justify;\">1915.- Pancho Villa asume el poder militar y civil en M\u00e9xico.<\/p>\n<p style=\"text-align: justify;\">1919.- Nace Andreas Papandreu, pol\u00edtico griego.<\/p>\n<p style=\"text-align: justify;\">1923.- El Gobierno de Mussolini ordena la detenci\u00f3n de centenares de militantes socialistas.<\/p>\n<p style=\"text-align: justify;\">1927.- La Conferencia de los Embajadores, en Par\u00eds, acepta que Alemania fortifique sus fronteras del sur y este, siempre que su desarme sea efectivo.<\/p>\n<p style=\"text-align: justify;\">1930.- El nuevo presidente mexicano, Pascual Ortiz Rubio, es herido en atentado al salir del palacio donde hab\u00eda tomado juramento a los ministros.<\/p>\n<p style=\"text-align: justify;\">1933.- Nace Miguel D&#8217;Escoto, pol\u00edtico nicarag\u00fcense.<\/p>\n<p style=\"text-align: justify;\">1937.- Fallece la escritora alemana Lou Andreas-Salom\u00e9.<\/p>\n<p style=\"text-align: justify;\">1946.- Nace Charlotte Rampling, actriz estadounidense.<\/p>\n<p style=\"text-align: justify;\">1949.- Disuelto el Partido Comunista Tudeh en Ir\u00e1n.<\/p>\n<p style=\"text-align: justify;\">1954.- El Vietmihn cerca Dien Bien Phu.<\/p>\n<p style=\"text-align: justify;\">1955.- Cae el Gobierno franc\u00e9s de Pierre Mendes-France por la situaci\u00f3n en el norte de \u00c1frica.<\/p>\n<p style=\"text-align: justify;\">1960.- Inauguran en Meyrin, cerca de Ginebra, el mayor acelerador de part\u00edculas del mundo.<\/p>\n<p style=\"text-align: justify;\">1965.- Es liberado Martin Luther King, quien hab\u00eda sido arrestado cuatro d\u00edas antes en Selma (Alabama, EEUU) con 500 manifestantes antisegregacionistas.<\/p>\n<p style=\"text-align: justify;\">1967.- La cantautora Violeta Parra, considerada una de las fundadoras de la m\u00fasica popular chilena, y creadora de canciones como \u00abGracias a la Vida\u00bb y \u00abVolver a los 17\u00bb, se quita la vida, a los 49 a\u00f1os.<\/p>\n<p style=\"text-align: justify;\">1971.- Los astronautas estadounidenses Alan Shepard y Edgar Mitchell se posan en la Luna con el m\u00f3dulo \u00abAntares\u00bb.<\/p>\n<p style=\"text-align: justify;\">1972.- Nace Mary Elisabeth Donaldson, esposa del pr\u00edncipe heredero Federico de Dinamarca.<\/p>\n<p style=\"text-align: justify;\">1975.- El Ej\u00e9rcito peruano aborta una sublevaci\u00f3n de la Guardia Civil.<\/p>\n<p style=\"text-align: justify;\">1978.- El conservador Rodrigo Carazo, elegido presidente de Costa Rica.<\/p>\n<p style=\"text-align: justify;\">1979.- El estadista y jefe de la comunidad chi\u00ed iran\u00ed Rujola Jomeini regresa a Teher\u00e1n.<\/p>\n<p style=\"text-align: justify;\">1983.- Klaus Barbie, \u00abel carnicero de Lyon\u00bb, es detenido en Bolivia.<\/p>\n<p style=\"text-align: justify;\">1989.- El derrocado dictador paraguayo Alfredo Stroessner se refugia en Brasil.<\/p>\n<p style=\"text-align: justify;\">1993.- Fallece el cineasta estadounidense Joseph L. Mankiewicz.<\/p>\n<p style=\"text-align: justify;\">1994.- Mueren 66 civiles y 197 resultan heridos en un ataque serbio contra el mercado central de Sarajevo.<\/p>\n<p style=\"text-align: justify;\">1996.- El papa Juan Pablo II visita Guatemala.<\/p>\n<p style=\"text-align: justify;\">1996.- Muere Antonio Ruiz Soler \u00abAntonio\u00bb, bailar\u00edn espa\u00f1ol.<\/p>\n<p style=\"text-align: justify;\">1998.- Fallece la escritora francesa Helene Parmelin.<\/p>\n<p style=\"text-align: justify;\">2002.- El Senado italiano aprueba por abrumadora mayor\u00eda el regreso al pa\u00eds de los Saboya, descendientes del \u00faltimo Rey del pa\u00eds, Umberto II.<\/p>\n<p style=\"text-align: justify;\">2005.- Muere \u00d1asingbe Eyadema, presidente de Togo.<\/p>\n<p style=\"text-align: justify;\">2006.- Elecciones presidenciales en Costa Rica, que gana, por escaso margen, el ex presidente Oscar Arias.<\/p>\n<p style=\"text-align: justify;\">2007.- Un paciente de 67 a\u00f1os recibe en su coraz\u00f3n c\u00e9lulas madre adultas derivadas de su grasa abdominal en el Hospital Gregorio Mara\u00f1\u00f3n de Madrid, Espa\u00f1a.<\/p>\n<p style=\"text-align: justify;\">2009.- Las Fuerzas Armadas Revolucionarias de Colombia (FARC) liberan al ex diputado colombiano Sigfredo L\u00f3pez.<\/p>\n<p style=\"text-align: justify;\">2012.- El conservador Niinisto gana las elecciones en Finlandia y se convierte en el primer presidente conservador desde 1956.<br \/> 2014.- Se publica \u00abFootlight\u00bb, \u00fanica novela de Charles Chaplin, que inspir\u00f3 \u00abCandilejas\u00bb.<\/p>\n","protected":false},"excerpt":{"rendered":"<p>Un d\u00eda 5 de febrero como hoy, pero de 1917, el presidente mexicano, Venustiano Carranza, promulga la denominada \u2018Constituci\u00f3n de Quer\u00e9taro\u2019, que es actualmente la Constituci\u00f3n Mexicana.<\/p>\n","protected":false},"author":6,"featured_media":29014,"comment_status":"open","ping_status":"open","sticky":false,"template":"","format":"standard","meta":{"_acf_changed":false,"_monsterinsights_skip_tracking":false,"slim_seo":{"title":"Efem\u00e9rides 5 de febrero - Opini\u00f3n P\u00fablica","description":"Un d\u00eda 5 de febrero como hoy, pero de 1917, el presidente mexicano, Venustiano Carranza, promulga la denominada \u2018Constituci\u00f3n de Quer\u00e9taro\u2019, que es actualmente"},"footnotes":""},"categories":[27],"tags":[],"class_list":["post-29015","post","type-post","status-publish","format-standard","has-post-thumbnail","hentry","category-un-dia-como-hoy"],"acf":[],"_links":{"self":[{"href":"https:\/\/www.opinionpublica.tv\/portada\/wp-json\/wp\/v2\/posts\/29015","targetHints":{"allow":["GET"]}}],"collection":[{"href":"https:\/\/www.opinionpublica.tv\/portada\/wp-json\/wp\/v2\/posts"}],"about":[{"href":"https:\/\/www.opinionpublica.tv\/portada\/wp-json\/wp\/v2\/types\/post"}],"author":[{"embeddable":true,"href":"https:\/\/www.opinionpublica.tv\/portada\/wp-json\/wp\/v2\/users\/6"}],"replies":[{"embeddable":true,"href":"https:\/\/www.opinionpublica.tv\/portada\/wp-json\/wp\/v2\/comments?post=29015"}],"version-history":[{"count":0,"href":"https:\/\/www.opinionpublica.tv\/portada\/wp-json\/wp\/v2\/posts\/29015\/revisions"}],"wp:featuredmedia":[{"embeddable":true,"href":"https:\/\/www.opinionpublica.tv\/portada\/wp-json\/wp\/v2\/media\/29014"}],"wp:attachment":[{"href":"https:\/\/www.opinionpublica.tv\/portada\/wp-json\/wp\/v2\/media?parent=29015"}],"wp:term":[{"taxonomy":"category","embeddable":true,"href":"https:\/\/www.opinionpublica.tv\/portada\/wp-json\/wp\/v2\/categories?post=29015"},{"taxonomy":"post_tag","embeddable":true,"href":"https:\/\/www.opinionpublica.tv\/portada\/wp-json\/wp\/v2\/tags?post=29015"}],"curies":[{"name":"wp","href":"https:\/\/api.w.org\/{rel}","templated":true}]}}