{"id":29,"date":"2016-07-14T00:00:00","date_gmt":"2016-07-13T22:00:00","guid":{"rendered":"https:\/\/www.opinionpublica.tv\/portada\/2016\/07\/14\/inocente-39-anos-en-prision\/"},"modified":"2016-07-14T00:00:00","modified_gmt":"2016-07-13T22:00:00","slug":"inocente-39-anos-en-prision","status":"publish","type":"post","link":"https:\/\/www.opinionpublica.tv\/portada\/inocente-39-anos-en-prision\/","title":{"rendered":"Inocente 39 a\u00f1os en prisi\u00f3n"},"content":{"rendered":"<p><img fetchpriority=\"high\" decoding=\"async\" class=\" size-full wp-image-28\" src=\"https:\/\/www.opinionpublica.tv\/portada\/wp-content\/uploads\/2016\/07\/d65085d854a39feae81a41eb458281c5.jpg\" alt=\"\" width=\"555\" height=\"312\" srcset=\"https:\/\/www.opinionpublica.tv\/portada\/wp-content\/uploads\/2016\/07\/d65085d854a39feae81a41eb458281c5.jpg 555w, https:\/\/www.opinionpublica.tv\/portada\/wp-content\/uploads\/2016\/07\/d65085d854a39feae81a41eb458281c5-300x169.jpg 300w\" sizes=\"(max-width: 555px) 100vw, 555px\" \/><\/p>\n<p style=\"text-align: justify;\">\u00bfVieron \u2018Making a Murderer\u2019?<\/p>\n<p style=\"text-align: justify;\">Pues seguramente esta historia les sonar\u00e1 familiar y les pasar\u00e1 lo mismo que con el documental de Netflix, van a llorar de tristeza y alegr\u00eda a la vez.<\/p>\n<p style=\"text-align: justify;\">Y no, no es seamos bipolares, pero tanto el caso de Steven Avery como el de Ricky Jackson nos han hecho derramar un par de l\u00e1grimas.<\/p>\n<p style=\"text-align: justify;\">El segundo, por ejemplo, nunca olvidar\u00e1 los 39 a\u00f1os que pas\u00f3 en prisi\u00f3n por un delito que no cometi\u00f3. \u00bfAs\u00ed o m\u00e1s tr\u00e1gico? es como para cortarse las venas.<\/p>\n<p style=\"text-align: justify;\">Rick fue sentenciado a cadena perpetua al ser considerado culpable de asesinato con agravante por la muerte de un hombre a la salida de una tienda en Cleveland.<\/p>\n<p style=\"text-align: justify;\">Los hechos ocurrieron en 1975 y en ese momento el fallo del juez se bas\u00f3 en el testimonio de un ni\u00f1o de 12 a\u00f1os.<\/p>\n<p style=\"text-align: justify;\">Cuando Jackson cumpli\u00f3 58 a\u00f1os, ese menor que ahora ya es un adulto, se retract\u00f3 de su declaraci\u00f3n y acept\u00f3 que jam\u00e1s presencia dicho crimen.<\/p>\n<p style=\"text-align: justify;\">Entonces, se retiraron los cargos, lo dejaron en libertad y un tribunal orden\u00f3 al estado de Ohio pagar a Rick un mill\u00f3n de d\u00f3lares para compensar los da\u00f1os.<\/p>\n<p style=\"text-align: justify;\">Al cuestionarlo sobre qu\u00e9 piensa acerca de la persona que lo envi\u00f3 a la c\u00e1rcel por 39 a\u00f1os, esto fue lo dijo:<\/p>\n<p style=\"text-align: justify;\">\u201cMucha gente quiere que yo lo odie y sienta rabia, pero no es as\u00ed. Deben recordar que en 1975 \u00e9l ten\u00eda 12 a\u00f1os y fue manipulado y obligado por la polic\u00eda. Lo usaron. As\u00ed que a lo que a m\u00ed respecta, le deseo lo mejor, no lo odio y s\u00f3lo espero que tenga una buena vida\u201d.<\/p>\n<p style=\"text-align: justify;\">Fuente: SDP Noticias<\/p>\n<div class=\"k2_video\"><a href=\"https:\/\/www.youtube.com\/watch?v=N6jOWFIABaI\">https:\/\/www.youtube.com\/watch?v=N6jOWFIABaI<\/a>\n<\/div>\n","protected":false},"excerpt":{"rendered":"<p>\u00bfVieron \u2018Making a Murderer\u2019? Pues seguramente esta historia les sonar\u00e1 familiar y les pasar\u00e1 lo mismo que con el documental de Netflix, van a llorar de tristeza y alegr\u00eda a la vez. Y no, no es seamos bipolares, pero tanto el caso de Steven Avery como el de Ricky Jackson nos han hecho derramar un [&hellip;]<\/p>\n","protected":false},"author":6,"featured_media":28,"comment_status":"open","ping_status":"open","sticky":false,"template":"","format":"standard","meta":{"_acf_changed":false,"_monsterinsights_skip_tracking":false,"slim_seo":{"title":"Inocente 39 a\u00f1os en prisi\u00f3n - Opini\u00f3n P\u00fablica","description":"\u00bfVieron \u2018Making a Murderer\u2019? Pues seguramente esta historia les sonar\u00e1 familiar y les pasar\u00e1 lo mismo que con el documental de Netflix, van a llorar de tristeza"},"footnotes":""},"categories":[14],"tags":[],"class_list":["post-29","post","type-post","status-publish","format-standard","has-post-thumbnail","hentry","category-historias"],"acf":[],"_links":{"self":[{"href":"https:\/\/www.opinionpublica.tv\/portada\/wp-json\/wp\/v2\/posts\/29","targetHints":{"allow":["GET"]}}],"collection":[{"href":"https:\/\/www.opinionpublica.tv\/portada\/wp-json\/wp\/v2\/posts"}],"about":[{"href":"https:\/\/www.opinionpublica.tv\/portada\/wp-json\/wp\/v2\/types\/post"}],"author":[{"embeddable":true,"href":"https:\/\/www.opinionpublica.tv\/portada\/wp-json\/wp\/v2\/users\/6"}],"replies":[{"embeddable":true,"href":"https:\/\/www.opinionpublica.tv\/portada\/wp-json\/wp\/v2\/comments?post=29"}],"version-history":[{"count":0,"href":"https:\/\/www.opinionpublica.tv\/portada\/wp-json\/wp\/v2\/posts\/29\/revisions"}],"wp:featuredmedia":[{"embeddable":true,"href":"https:\/\/www.opinionpublica.tv\/portada\/wp-json\/wp\/v2\/media\/28"}],"wp:attachment":[{"href":"https:\/\/www.opinionpublica.tv\/portada\/wp-json\/wp\/v2\/media?parent=29"}],"wp:term":[{"taxonomy":"category","embeddable":true,"href":"https:\/\/www.opinionpublica.tv\/portada\/wp-json\/wp\/v2\/categories?post=29"},{"taxonomy":"post_tag","embeddable":true,"href":"https:\/\/www.opinionpublica.tv\/portada\/wp-json\/wp\/v2\/tags?post=29"}],"curies":[{"name":"wp","href":"https:\/\/api.w.org\/{rel}","templated":true}]}}