{"id":28888,"date":"2022-01-22T07:00:00","date_gmt":"2022-01-22T06:00:00","guid":{"rendered":"https:\/\/www.opinionpublica.tv\/portada\/2022\/01\/22\/abuso-de-poder\/"},"modified":"2022-01-22T07:00:00","modified_gmt":"2022-01-22T06:00:00","slug":"abuso-de-poder","status":"publish","type":"post","link":"https:\/\/www.opinionpublica.tv\/portada\/abuso-de-poder\/","title":{"rendered":"Abuso de poder"},"content":{"rendered":"<img fetchpriority=\"high\" decoding=\"async\" class=\" size-full wp-image-28887\" src=\"https:\/\/www.opinionpublica.tv\/portada\/wp-content\/uploads\/2022\/01\/83a65cee5aeb5778340a4563bd0d7c76.jpg\" alt=\"\" class=\"caption\" title=\"Jos\u00e9 Woldenberg, acad\u00e9mico y primer presidente del IFE.\" width=\"270\" height=\"235\" \/>\n<p style=\"text-align: justify;\">\u00bfPueden las secretar\u00edas de Gobernaci\u00f3n, Hacienda, Funci\u00f3n P\u00fablica o cualquier otra dependencia del Ejecutivo decirle al INE en lo que debe aplicar sus recursos, d\u00f3nde recortar? \u00bfPueden esas u otras ramas del Ejecutivo dec\u00edrselo al INAI, la CNDH, la UNAM o cualquier otro \u00f3rgano constitucional aut\u00f3nomo?<\/p>\n<p><!--more--><\/p>\n<p style=\"text-align: justify;\">La respuesta la saben los titulares de las secretar\u00edas. No tienen facultades para ello. Pero la propuesta de \u201causteridad\u201d que le han presentado al INE tiene dos objetivos: negar los recursos necesarios para que el Instituto realice la muy probable revocaci\u00f3n de mandato con los mismos est\u00e1ndares que los de una elecci\u00f3n y volver a desatar una campa\u00f1ita de desprestigio contra el INE acus\u00e1ndolo de no ser sensible a los dictados de austeridad del gobierno.<\/p>\n<p style=\"text-align: justify;\">Se trata de una actitud recurrente del actual gobierno: las normas que lo limitan\u2026 son violadas. No entienden o no quieren entender que la nuestra es una Rep\u00fablica no un Sultanato, que la Constituci\u00f3n construye un Estado complejo con divisi\u00f3n de poderes y facultades, porque se trata de mandatos democr\u00e1ticos que, entre otras cosas, intentan que el poder no se concentre en una sola voluntad.<\/p>\n<p style=\"text-align: justify;\">Pero no; ellos siguen viviendo su gesti\u00f3n como si estuvi\u00e9ramos en los tiempos del hiperpresidencialismo de mediados del siglo pasado que fue necesario desmontar para dar paso a la coexistencia de una pluralidad de expresiones pol\u00edticas e instituciones encargadas de cumplir con tareas que no pod\u00edan realizarse de manera \u00edntegra desde el Ejecutivo.<\/p>\n<p style=\"text-align: justify;\">La resoluci\u00f3n del Tribunal Electoral fue clara: el INE estaba obligado a realizar un ajuste a su presupuesto para la mencionada revocaci\u00f3n y la secretar\u00eda de Hacienda estaba obligada a responder a los remodelados requerimientos del Instituto. El INE realiz\u00f3 lo que el Tribunal le mandat\u00f3 y solicit\u00f3 una ampliaci\u00f3n por 1,739 millones de pesos; pero el gobierno decidi\u00f3 no fundar y motivar una respuesta al planteamiento del INE, sino \u2014antes de conocer los requerimientos de ampliaci\u00f3n\u2014 sugerirle una serie de recortes al presupuesto aprobado por la C\u00e1mara de Diputados. Lo quiere obligar a ejercer sus recursos como el gobierno quiere.<\/p>\n<p style=\"text-align: justify;\">La pretensi\u00f3n es descabellada por carecer de base legal (la autoridad s\u00f3lo puede hacer aquello que le permite la ley y si se excede se llama abuso de poder), pero adem\u00e1s trasluce un desconocimiento abismal de las finanzas del INE.<\/p>\n<p style=\"text-align: justify;\">\u00bfDe verdad quieren que el INE utilice los recursos del Fideicomiso \u201cpara atender el pasivo laboral\u201d en la consulta? \u00bfSe pretende que el INE afecte los derechos laborales de sus integrantes? \u00bfSe dan cuenta que, si se cancela el fideicomiso \u201cpara el cumplimiento del programa de infraestructura inmobiliaria y para la atenci\u00f3n ciudadana y mejoramiento de los m\u00f3dulos\u201d el INE no podr\u00e1 cumplir con tareas fundamentales, como es la de la emisi\u00f3n de la credencial de elector? \u00bfSaben o no que muchos de esos recursos ya est\u00e1n comprometidos y repito, fueron aprobados en el Presupuesto de Egresos de la Federaci\u00f3n? Son solo dos ejemplos para ilustrar que los recortes recomendados por el gobierno adem\u00e1s parecen haberse realizado con los ojos cerrados.<\/p>\n<p style=\"text-align: justify;\">Creo que todav\u00eda el INE debe esperar la respuesta formal de la Secretar\u00eda de Hacienda, y \u00e9sta, por resoluci\u00f3n del Tribunal, tiene que ofrecer una contestaci\u00f3n a las necesidades planteadas para la realizaci\u00f3n del ejercicio de revocaci\u00f3n de mandato, no un listado indiscriminado y caprichoso de posibles recortes a otros programas.<\/p>\n","protected":false},"excerpt":{"rendered":"<p>\u00bfPueden las secretar\u00edas de Gobernaci\u00f3n, Hacienda, Funci\u00f3n P\u00fablica o cualquier otra dependencia del Ejecutivo decirle al INE en lo que debe aplicar sus recursos, d\u00f3nde recortar? \u00bfPueden esas u otras ramas del Ejecutivo dec\u00edrselo al INAI, la CNDH, la UNAM o cualquier otro \u00f3rgano constitucional aut\u00f3nomo?<\/p>\n","protected":false},"author":6,"featured_media":28887,"comment_status":"open","ping_status":"open","sticky":false,"template":"","format":"standard","meta":{"_acf_changed":false,"_monsterinsights_skip_tracking":false,"slim_seo":{"title":"Abuso de poder - Opini\u00f3n P\u00fablica","description":"\u00bfPueden las secretar\u00edas de Gobernaci\u00f3n, Hacienda, Funci\u00f3n P\u00fablica o cualquier otra dependencia del Ejecutivo decirle al INE en lo que debe aplicar sus recursos,"},"footnotes":""},"categories":[26],"tags":[],"class_list":["post-28888","post","type-post","status-publish","format-standard","has-post-thumbnail","hentry","category-de-chile-dulce-y-manteca-columna-invitada"],"acf":[],"_links":{"self":[{"href":"https:\/\/www.opinionpublica.tv\/portada\/wp-json\/wp\/v2\/posts\/28888","targetHints":{"allow":["GET"]}}],"collection":[{"href":"https:\/\/www.opinionpublica.tv\/portada\/wp-json\/wp\/v2\/posts"}],"about":[{"href":"https:\/\/www.opinionpublica.tv\/portada\/wp-json\/wp\/v2\/types\/post"}],"author":[{"embeddable":true,"href":"https:\/\/www.opinionpublica.tv\/portada\/wp-json\/wp\/v2\/users\/6"}],"replies":[{"embeddable":true,"href":"https:\/\/www.opinionpublica.tv\/portada\/wp-json\/wp\/v2\/comments?post=28888"}],"version-history":[{"count":0,"href":"https:\/\/www.opinionpublica.tv\/portada\/wp-json\/wp\/v2\/posts\/28888\/revisions"}],"wp:featuredmedia":[{"embeddable":true,"href":"https:\/\/www.opinionpublica.tv\/portada\/wp-json\/wp\/v2\/media\/28887"}],"wp:attachment":[{"href":"https:\/\/www.opinionpublica.tv\/portada\/wp-json\/wp\/v2\/media?parent=28888"}],"wp:term":[{"taxonomy":"category","embeddable":true,"href":"https:\/\/www.opinionpublica.tv\/portada\/wp-json\/wp\/v2\/categories?post=28888"},{"taxonomy":"post_tag","embeddable":true,"href":"https:\/\/www.opinionpublica.tv\/portada\/wp-json\/wp\/v2\/tags?post=28888"}],"curies":[{"name":"wp","href":"https:\/\/api.w.org\/{rel}","templated":true}]}}