{"id":28846,"date":"2022-01-19T07:00:00","date_gmt":"2022-01-19T06:00:00","guid":{"rendered":"https:\/\/www.opinionpublica.tv\/portada\/2022\/01\/19\/municipio-rescinde-millonario-contrato-a-poliplaza-medica-de-juarez\/"},"modified":"2022-01-19T07:00:00","modified_gmt":"2022-01-19T06:00:00","slug":"municipio-rescinde-millonario-contrato-a-poliplaza-medica-de-juarez","status":"publish","type":"post","link":"https:\/\/www.opinionpublica.tv\/portada\/municipio-rescinde-millonario-contrato-a-poliplaza-medica-de-juarez\/","title":{"rendered":"Municipio rescinde millonario contrato a Poliplaza M\u00e9dica"},"content":{"rendered":"<p><img fetchpriority=\"high\" decoding=\"async\" class=\" size-full wp-image-28845\" src=\"https:\/\/www.opinionpublica.tv\/portada\/wp-content\/uploads\/2022\/01\/7e2ff2a94d93e2fff55457dc8926d027.jpg\" alt=\"\" class=\"caption\" title=\"Poliplaza ten\u00eda la concesi\u00f3n de servicios m\u00e9dicos para empleados del Municipio de Ju\u00e1rez.\" width=\"980\" height=\"617\" srcset=\"https:\/\/www.opinionpublica.tv\/portada\/wp-content\/uploads\/2022\/01\/7e2ff2a94d93e2fff55457dc8926d027.jpg 980w, https:\/\/www.opinionpublica.tv\/portada\/wp-content\/uploads\/2022\/01\/7e2ff2a94d93e2fff55457dc8926d027-300x189.jpg 300w, https:\/\/www.opinionpublica.tv\/portada\/wp-content\/uploads\/2022\/01\/7e2ff2a94d93e2fff55457dc8926d027-768x484.jpg 768w\" sizes=\"(max-width: 980px) 100vw, 980px\" \/><br \/>\n<!--more--><\/p>\n<p style=\"text-align: justify;\"><em>Ciudad Ju\u00e1rez, Chih<\/em>.- Luego de varias semanas de litigio y cientos de denuncias por la mala calidad del servicio de Poliplaza M\u00e9dica a los trabajadores municipales, el secretario de Ayuntamiento, H\u00e9ctor Ortiz Orpinel, inform\u00f3 que el Municipio rescindi\u00f3 el contrato a esta empresa hospitalaria.<\/p>\n<p style=\"text-align: justify;\">Explic\u00f3 que el juez S\u00e9ptimo notific\u00f3 al Gobierno local el lunes 10 de enero del amparo, pero desde el 7 de enero se hab\u00eda dictado una resoluci\u00f3n para rescindir el convenio, a pesar del amparo que interpuso la empresa, cuya raz\u00f3n social es Hospitales de Ju\u00e1rez.<\/p>\n<p style=\"text-align: justify;\">\u201cHay rescisi\u00f3n desde el viernes 7, desde ese d\u00eda se hizo la resoluci\u00f3n para finalizar el contrato\u201d, declar\u00f3.<\/p>\n<p style=\"text-align: justify;\">Ortiz Orpinel se\u00f1al\u00f3 que este lunes se recibi\u00f3 una notificaci\u00f3n por parte del Juzgado que recibi\u00f3 esta informaci\u00f3n, la cual se present\u00f3 el mi\u00e9rcoles pasado, por lo que el Municipio ya present\u00f3 la notificaci\u00f3n oficial a Poliplaza, y legalmente el contrato entre las dos partes finaliz\u00f3 desde el 12 de enero.<\/p>\n<p style=\"text-align: justify;\">El funcionario indic\u00f3 que los empleados municipales que tengan pendiente alguna consulta o cirug\u00eda deben acudir a la Direcci\u00f3n de Salud para que se les informe a d\u00f3nde acudir.<\/p>\n<p style=\"text-align: justify;\">Agreg\u00f3 tambi\u00e9n que la Oficial\u00eda Mayor emitir\u00e1 una adjudicaci\u00f3n directa para la atenci\u00f3n m\u00e9dicos a los derechohabientes municipales.<\/p>\n<p style=\"text-align: justify;\"><strong>Poliplaza se defiende<\/strong><\/p>\n<p style=\"text-align: justify;\">Por su parte, el representante general de Poliplaza, Kevin Guerrero Carrera, consider\u00f3 ilegal la resoluci\u00f3n de la rescisi\u00f3n del contrato del Municipio con Poliplaza, debido al amparo que interpuso la empresa anteriormente ante el Juzgado S\u00e9ptimo de Distrito.<\/p>\n<p style=\"text-align: justify;\">Dijo que hoy mismo se puso una queja ante el mismo juzgado por la diligencia que realiz\u00f3 el oficial mayor, Arturo Rivera y el director Jur\u00eddico, Miguel Mendoza.<\/p>\n<p style=\"text-align: justify;\">Afirm\u00f3 que el Municipio les notific\u00f3 ayer la resoluci\u00f3n de la cancelaci\u00f3n del convenio, pero no dijeron desde cu\u00e1ndo se iba a dejar de prestar el servicio, y esto ocurre a pesar de que hab\u00eda una suspensi\u00f3n provisional.<\/p>\n<p style=\"text-align: justify;\">Agreg\u00f3 que por lo pronto \u201cpor humanidad\u201d el hospital seguir\u00e1 prestando el servicio m\u00e9dico a los derechohabientes municipales.<\/p>\n<p style=\"text-align: justify;\">El abogado agreg\u00f3 que aproximadamente en una semana el juez federal deber\u00e1 resolver la situaci\u00f3n legal de la rescisi\u00f3n o no.<\/p>\n","protected":false},"excerpt":{"rendered":"","protected":false},"author":6,"featured_media":28845,"comment_status":"open","ping_status":"open","sticky":false,"template":"","format":"standard","meta":{"_acf_changed":false,"_monsterinsights_skip_tracking":false,"slim_seo":{"title":"Municipio rescinde millonario contrato a Poliplaza M\u00e9dica - Opini\u00f3n P\u00fablica","description":"Ciudad Ju\u00e1rez, Chih .- Luego de varias semanas de litigio y cientos de denuncias por la mala calidad del servicio de Poliplaza M\u00e9dica a los trabajadores municip"},"footnotes":""},"categories":[11],"tags":[329],"class_list":["post-28846","post","type-post","status-publish","format-standard","has-post-thumbnail","hentry","category-tendencias","tag-poliplaza-medica"],"acf":[],"_links":{"self":[{"href":"https:\/\/www.opinionpublica.tv\/portada\/wp-json\/wp\/v2\/posts\/28846","targetHints":{"allow":["GET"]}}],"collection":[{"href":"https:\/\/www.opinionpublica.tv\/portada\/wp-json\/wp\/v2\/posts"}],"about":[{"href":"https:\/\/www.opinionpublica.tv\/portada\/wp-json\/wp\/v2\/types\/post"}],"author":[{"embeddable":true,"href":"https:\/\/www.opinionpublica.tv\/portada\/wp-json\/wp\/v2\/users\/6"}],"replies":[{"embeddable":true,"href":"https:\/\/www.opinionpublica.tv\/portada\/wp-json\/wp\/v2\/comments?post=28846"}],"version-history":[{"count":0,"href":"https:\/\/www.opinionpublica.tv\/portada\/wp-json\/wp\/v2\/posts\/28846\/revisions"}],"wp:featuredmedia":[{"embeddable":true,"href":"https:\/\/www.opinionpublica.tv\/portada\/wp-json\/wp\/v2\/media\/28845"}],"wp:attachment":[{"href":"https:\/\/www.opinionpublica.tv\/portada\/wp-json\/wp\/v2\/media?parent=28846"}],"wp:term":[{"taxonomy":"category","embeddable":true,"href":"https:\/\/www.opinionpublica.tv\/portada\/wp-json\/wp\/v2\/categories?post=28846"},{"taxonomy":"post_tag","embeddable":true,"href":"https:\/\/www.opinionpublica.tv\/portada\/wp-json\/wp\/v2\/tags?post=28846"}],"curies":[{"name":"wp","href":"https:\/\/api.w.org\/{rel}","templated":true}]}}