{"id":28844,"date":"2022-01-19T07:00:00","date_gmt":"2022-01-19T06:00:00","guid":{"rendered":"https:\/\/www.opinionpublica.tv\/portada\/2022\/01\/19\/valida-ine-100-de-las-firmas-requeridas-para-revocacion\/"},"modified":"2022-01-19T07:00:00","modified_gmt":"2022-01-19T06:00:00","slug":"valida-ine-100-de-las-firmas-requeridas-para-revocacion","status":"publish","type":"post","link":"https:\/\/www.opinionpublica.tv\/portada\/valida-ine-100-de-las-firmas-requeridas-para-revocacion\/","title":{"rendered":"Valida INE 100% de las firmas requeridas para revocaci\u00f3n"},"content":{"rendered":"<p><img fetchpriority=\"high\" decoding=\"async\" class=\" size-full wp-image-28843\" src=\"https:\/\/www.opinionpublica.tv\/portada\/wp-content\/uploads\/2022\/01\/75b27a57d4ee2e6189ae3a2cd3539197.jpg\" alt=\"\" class=\"caption\" title=\"La consulta para la revocaci\u00f3n de mandato ser\u00e1 hasta el 10 de abril de 2022.\" width=\"980\" height=\"617\" srcset=\"https:\/\/www.opinionpublica.tv\/portada\/wp-content\/uploads\/2022\/01\/75b27a57d4ee2e6189ae3a2cd3539197.jpg 980w, https:\/\/www.opinionpublica.tv\/portada\/wp-content\/uploads\/2022\/01\/75b27a57d4ee2e6189ae3a2cd3539197-300x189.jpg 300w, https:\/\/www.opinionpublica.tv\/portada\/wp-content\/uploads\/2022\/01\/75b27a57d4ee2e6189ae3a2cd3539197-768x484.jpg 768w\" sizes=\"(max-width: 980px) 100vw, 980px\" \/><br \/>\n<!--more--><\/p>\n<p style=\"text-align: justify;\"><em>Ciudad de M\u00e9xico<\/em>.- A pesar de que ya se alcanz\u00f3 el 100 por ciento de firmas requeridas para convocar a la revocaci\u00f3n de mandato del presidente Andr\u00e9s Manuel L\u00f3pez Obrador, el INE esperar\u00e1 la respuesta de la Secretar\u00eda de Hacienda sobre la ampliaci\u00f3n de recursos para emitir la convocatoria a dicho ejercicio.<\/p>\n<p style=\"text-align: justify;\">El organismo electoral inform\u00f3 que tiene verificados, de manera definitiva, 2 millones 845 mil 634 mil firmas, que equivalen al 103.17 por ciento de la Lista Nominal.<\/p>\n<p style=\"text-align: justify;\">El director del Registro Federal Electoral, Ren\u00e9 Miranda, inform\u00f3 que la convocatoria se emitir\u00e1 seg\u00fan lo previsto por el Consejo General, el 4 de febrero.<\/p>\n<p style=\"text-align: justify;\">Esto, argument\u00f3, porque es clave tener la respuesta oficial de la Secretar\u00eda de Hacienda sobre liberar mil 700 millones de pesos m\u00e1s para efectuar la revocaci\u00f3n en los t\u00e9rminos que establece la Constituci\u00f3n, es decir, instalando 161 mil casillas.<\/p>\n<p style=\"text-align: justify;\">De negarles el presupuesto extra, se tendr\u00e1 que realizar un dise\u00f1o diferente con menos casillas, y todo esto debe estar establecido en la convocatoria.<\/p>\n<p style=\"text-align: justify;\">Adem\u00e1s, indic\u00f3, deben esperar hasta el 31 de enero para resolver las quejas de promoventes, as\u00ed como realizar las visitas domiciliarias de los ciudadanos que salieron electos en la muestra de 850 personas -en las 32 entidades del Pa\u00eds- para verificar si en verdad dieron su apoyo.<\/p>\n<p style=\"text-align: justify;\">\u201cTenemos ya registrados, verificados, de manera definitiva 2 millones 845 mil 634 ciudadanas y ciudadanos, esto es un poco m\u00e1s del cien por ciento de la meta necesaria\u00bb, indic\u00f3.<\/p>\n<p style=\"text-align: justify;\">\u201cLa convocatoria se va a realizar con el calendario que realiz\u00f3 el Consejo. No podr\u00edamos llevar a cabo una convocatoria si no existe una respuesta definitiva respecto a los recursos, no ha habido un planteamiento formal que nos hayan remitido. (Sin esto) la instituci\u00f3n no puede definir el alcance que va a tener el ejercicio\u00bb.<\/p>\n<p style=\"text-align: justify;\">Inform\u00f3 que los 430 empleados del INE dedicados a la revisi\u00f3n, terminar\u00e1n con la captura y cotejo del resto de las firmas, pues s\u00f3lo se revisaron 3.5 millones de los 11 millones de apoyos que llegaron.<\/p>\n<p style=\"text-align: justify;\">Tambi\u00e9n se\u00f1al\u00f3 que las firmas con irregularidades superan ya las 800 mil.<\/p>\n","protected":false},"excerpt":{"rendered":"","protected":false},"author":6,"featured_media":28843,"comment_status":"open","ping_status":"open","sticky":false,"template":"","format":"standard","meta":{"_acf_changed":false,"_monsterinsights_skip_tracking":false,"slim_seo":{"title":"Valida INE 100% de las firmas requeridas para revocaci\u00f3n - Opini\u00f3n P\u00fablica","description":"Ciudad de M\u00e9xico .- A pesar de que ya se alcanz\u00f3 el 100 por ciento de firmas requeridas para convocar a la revocaci\u00f3n de mandato del presidente Andr\u00e9s Manuel L\u00f3"},"footnotes":""},"categories":[4],"tags":[67,259],"class_list":["post-28844","post","type-post","status-publish","format-standard","has-post-thumbnail","hentry","category-pulsopolitico","tag-ine","tag-revocacion-de-mandato-amlo"],"acf":[],"_links":{"self":[{"href":"https:\/\/www.opinionpublica.tv\/portada\/wp-json\/wp\/v2\/posts\/28844","targetHints":{"allow":["GET"]}}],"collection":[{"href":"https:\/\/www.opinionpublica.tv\/portada\/wp-json\/wp\/v2\/posts"}],"about":[{"href":"https:\/\/www.opinionpublica.tv\/portada\/wp-json\/wp\/v2\/types\/post"}],"author":[{"embeddable":true,"href":"https:\/\/www.opinionpublica.tv\/portada\/wp-json\/wp\/v2\/users\/6"}],"replies":[{"embeddable":true,"href":"https:\/\/www.opinionpublica.tv\/portada\/wp-json\/wp\/v2\/comments?post=28844"}],"version-history":[{"count":0,"href":"https:\/\/www.opinionpublica.tv\/portada\/wp-json\/wp\/v2\/posts\/28844\/revisions"}],"wp:featuredmedia":[{"embeddable":true,"href":"https:\/\/www.opinionpublica.tv\/portada\/wp-json\/wp\/v2\/media\/28843"}],"wp:attachment":[{"href":"https:\/\/www.opinionpublica.tv\/portada\/wp-json\/wp\/v2\/media?parent=28844"}],"wp:term":[{"taxonomy":"category","embeddable":true,"href":"https:\/\/www.opinionpublica.tv\/portada\/wp-json\/wp\/v2\/categories?post=28844"},{"taxonomy":"post_tag","embeddable":true,"href":"https:\/\/www.opinionpublica.tv\/portada\/wp-json\/wp\/v2\/tags?post=28844"}],"curies":[{"name":"wp","href":"https:\/\/api.w.org\/{rel}","templated":true}]}}