{"id":28834,"date":"2022-01-19T07:00:00","date_gmt":"2022-01-19T06:00:00","guid":{"rendered":"https:\/\/www.opinionpublica.tv\/portada\/2022\/01\/19\/la-ratificacion-de-los-jueces-penales\/"},"modified":"2022-01-19T07:00:00","modified_gmt":"2022-01-19T06:00:00","slug":"la-ratificacion-de-los-jueces-penales","status":"publish","type":"post","link":"https:\/\/www.opinionpublica.tv\/portada\/la-ratificacion-de-los-jueces-penales\/","title":{"rendered":"La ratificaci\u00f3n de los jueces penales"},"content":{"rendered":"<img fetchpriority=\"high\" decoding=\"async\" class=\" size-full wp-image-28833\" src=\"https:\/\/www.opinionpublica.tv\/portada\/wp-content\/uploads\/2022\/01\/958b17a4f0c93409d36f5dbe8252b646.jpg\" alt=\"\" class=\"caption\" title=\"Luis Villegas Montes.\" width=\"255\" height=\"198\" \/>\n<p style=\"text-align: justify;\">Abordar este asunto, decidirme a abordarlo, me tom\u00f3 d\u00edas. \u00bfHasta d\u00f3nde era pertinente? \u00bfHasta d\u00f3nde me lleva mi responsabilidad como Consejero? \u00bfHasta d\u00f3nde abundar? \u00bfPorqu\u00e9 hacerlo?<\/p>\n<p><!--more--><\/p>\n<p style=\"text-align: justify;\">\u00a0<\/p>\n<p style=\"text-align: justify;\">En un mar de dudas, como siempre que abordo estos temas, me dije a mi mismo: \u201cMi mismo, ni modo, y \u00e1monos; ya Dios dir\u00e1\u201d.<\/p>\n<p style=\"text-align: justify;\">En primer lugar, debo dejar sentado que no pienso traicionar ninguna confidencia ni ninguna obligaci\u00f3n de secrec\u00eda de las que pautan mi encomienda; no dir\u00e9, tambi\u00e9n como acostumbro, nada que no sea p\u00fablico ni que no haya sido ventilado antes.<\/p>\n<p style=\"text-align: justify;\">Se trata de un af\u00e1n de clarificar el antecedente inmediato que motiv\u00f3 la ratificaci\u00f3n de veintiocho jueces penales.<\/p>\n<p style=\"text-align: justify;\">Ce\u00f1idos al orden jur\u00eddico que nos rige, los integrantes del Consejo, con estupor, nos dimos cuenta que en el curso del tr\u00e1mite no hab\u00eda elementos bastantes ni suficientes para ratificar, o no, a los jueces penales; caso distinto ocurri\u00f3 con los jueces civiles y familiares pues, en la especie, hab\u00eda elementos para no ratificar a quienes no lo fueron, pues basta y sobra con ver la sesi\u00f3n correspondiente para darse cuenta que la propia Presidencia del Tribunal debi\u00f3 abstenerse en los tres casos, primero, porque en uno de ellos hab\u00eda sido parte; y segundo, porque en los dos restantes ella hab\u00eda dado vista al Consejo con multitud de incidencias; hechos, todos, cuyos pormenores constan en la sesi\u00f3n p\u00fablica respectiva.<\/p>\n<p style=\"text-align: justify;\">Por lo que hace a los veintiocho jueces de los que se habla, el sentido de la resoluci\u00f3n se precis\u00f3 desde el arranque de la propia sesi\u00f3n; y as\u00ed, la Presidencia ley\u00f3 un comunicado del que se destacan cuatro cosas:<\/p>\n<p style=\"text-align: justify;\">1. Como queda dicho, el pleno del Consejo no cont\u00f3 con la totalidad de los elementos y la informaci\u00f3n necesarios para llevar a buen t\u00e9rmino el citado procedimiento.<\/p>\n<p style=\"text-align: justify;\">2. Las faltas y omisiones respecto de los distintos tr\u00e1mites marcados por la Constituci\u00f3n y Ley Org\u00e1nica del Poder Judicial del Estado, no fueron satisfechos en su totalidad, en su oportunidad. Es decir, en todos los casos la informaci\u00f3n con la que se cont\u00f3 es limitada o est\u00e1 incompleta.<\/p>\n<p style=\"text-align: justify;\">3. En esa virtud, por acuerdo un\u00e1nime, se determin\u00f3 continuar con el proceso de ratificaci\u00f3n en los t\u00e9rminos que marca la ley.<\/p>\n<p style=\"text-align: justify;\">4. Lo anterior, sin menoscabo de que en su oportunidad se examine en lo individual y hasta sus \u00faltimas consecuencias, el desempe\u00f1o de cada uno de los servidores p\u00fablicos que conforman el Poder Judicial del Estado.<\/p>\n<p style=\"text-align: justify;\">Es importante destacar que el tr\u00e1mite concluido no prejuzga, en ning\u00fan sentido, respecto de las acciones previas, o ulteriores, a cargo de los propios juzgadores que pudieran implicar responsabilidad; ello, con independencia de si se trata de servidores p\u00fablicos sujetos o no a un procedimiento de ratificaci\u00f3n.<\/p>\n<p style=\"text-align: justify;\">Lo que se traduce en que el Consejo de la Judicatura, en uso de sus atribuciones y en cabal cumplimiento de las mismas, actuar\u00e1 conforme a derecho proceda en todos los casos.<\/p>\n<p style=\"text-align: justify;\">Quien pretenda ver en esta serie de acontecimientos y en la citada resoluci\u00f3n, tres pies al gato o tenebras de cualquier \u00edndole no solo se enga\u00f1a a s\u00ed mismo, sino que confunde a la opini\u00f3n p\u00fablica. Los hechos ah\u00ed est\u00e1n al alcance de cualquiera, son p\u00fablicos y, por su naturaleza, incontrovertibles.<\/p>\n<p style=\"text-align: justify;\">Lo dem\u00e1s, lo dem\u00e1s son ganas de estar fregando y opinando a lo baboso.<\/p>\n<p style=\"text-align: justify;\">\u00a0<\/p>\n<p style=\"text-align: justify;\">Cont\u00e1cteme a trav\u00e9s de mi correo electr\u00f3nico o s\u00edgame en los medios que gentilmente me publican, en Facebook o tambi\u00e9n en mi blog: https:\/\/unareflexionpersonal.wordpress.com\/<\/p>\n<p style=\"text-align: justify;\">Luis Villegas Montes.<\/p>\n<p style=\"text-align: justify;\">luvimo6608@gmail.com, luvimo6614@hotmail.com<\/p>\n","protected":false},"excerpt":{"rendered":"<p>Abordar este asunto, decidirme a abordarlo, me tom\u00f3 d\u00edas. \u00bfHasta d\u00f3nde era pertinente? \u00bfHasta d\u00f3nde me lleva mi responsabilidad como Consejero? \u00bfHasta d\u00f3nde abundar? \u00bfPorqu\u00e9 hacerlo?<\/p>\n","protected":false},"author":6,"featured_media":28833,"comment_status":"open","ping_status":"open","sticky":false,"template":"","format":"standard","meta":{"_acf_changed":false,"_monsterinsights_skip_tracking":false,"slim_seo":{"title":"La ratificaci\u00f3n de los jueces penales - Opini\u00f3n P\u00fablica","description":"Abordar este asunto, decidirme a abordarlo, me tom\u00f3 d\u00edas. \u00bfHasta d\u00f3nde era pertinente? \u00bfHasta d\u00f3nde me lleva mi responsabilidad como Consejero? \u00bfHasta d\u00f3nde abu"},"footnotes":""},"categories":[19],"tags":[],"class_list":["post-28834","post","type-post","status-publish","format-standard","has-post-thumbnail","hentry","category-principal-columnas"],"acf":[],"_links":{"self":[{"href":"https:\/\/www.opinionpublica.tv\/portada\/wp-json\/wp\/v2\/posts\/28834","targetHints":{"allow":["GET"]}}],"collection":[{"href":"https:\/\/www.opinionpublica.tv\/portada\/wp-json\/wp\/v2\/posts"}],"about":[{"href":"https:\/\/www.opinionpublica.tv\/portada\/wp-json\/wp\/v2\/types\/post"}],"author":[{"embeddable":true,"href":"https:\/\/www.opinionpublica.tv\/portada\/wp-json\/wp\/v2\/users\/6"}],"replies":[{"embeddable":true,"href":"https:\/\/www.opinionpublica.tv\/portada\/wp-json\/wp\/v2\/comments?post=28834"}],"version-history":[{"count":0,"href":"https:\/\/www.opinionpublica.tv\/portada\/wp-json\/wp\/v2\/posts\/28834\/revisions"}],"wp:featuredmedia":[{"embeddable":true,"href":"https:\/\/www.opinionpublica.tv\/portada\/wp-json\/wp\/v2\/media\/28833"}],"wp:attachment":[{"href":"https:\/\/www.opinionpublica.tv\/portada\/wp-json\/wp\/v2\/media?parent=28834"}],"wp:term":[{"taxonomy":"category","embeddable":true,"href":"https:\/\/www.opinionpublica.tv\/portada\/wp-json\/wp\/v2\/categories?post=28834"},{"taxonomy":"post_tag","embeddable":true,"href":"https:\/\/www.opinionpublica.tv\/portada\/wp-json\/wp\/v2\/tags?post=28834"}],"curies":[{"name":"wp","href":"https:\/\/api.w.org\/{rel}","templated":true}]}}