{"id":28820,"date":"2022-01-16T07:00:00","date_gmt":"2022-01-16T06:00:00","guid":{"rendered":"https:\/\/www.opinionpublica.tv\/portada\/2022\/01\/16\/encabeza-maru-campos-arranque-de-operativo-juntos-por-juarez-con-patrullaje-aereo\/"},"modified":"2022-01-16T07:00:00","modified_gmt":"2022-01-16T06:00:00","slug":"encabeza-maru-campos-arranque-de-operativo-juntos-por-juarez-con-patrullaje-aereo","status":"publish","type":"post","link":"https:\/\/www.opinionpublica.tv\/portada\/encabeza-maru-campos-arranque-de-operativo-juntos-por-juarez-con-patrullaje-aereo\/","title":{"rendered":"Encabeza gobernadora arranque de operativo &#8216;Juntos por Ju\u00e1rez&#8217; con patrullaje a\u00e9reo"},"content":{"rendered":"<p><img fetchpriority=\"high\" decoding=\"async\" class=\" size-full wp-image-28818\" src=\"https:\/\/www.opinionpublica.tv\/portada\/wp-content\/uploads\/2022\/01\/96761a763253ab34ad8bdab2debad450.jpg\" alt=\"\" class=\"caption\" title=\"En el operativo 'Juntos por Ju\u00e1rez' ya hay patrullaje a\u00e9reo del gobierno estatal.\" width=\"809\" height=\"515\" srcset=\"https:\/\/www.opinionpublica.tv\/portada\/wp-content\/uploads\/2022\/01\/96761a763253ab34ad8bdab2debad450.jpg 809w, https:\/\/www.opinionpublica.tv\/portada\/wp-content\/uploads\/2022\/01\/96761a763253ab34ad8bdab2debad450-300x191.jpg 300w, https:\/\/www.opinionpublica.tv\/portada\/wp-content\/uploads\/2022\/01\/96761a763253ab34ad8bdab2debad450-768x489.jpg 768w\" sizes=\"(max-width: 809px) 100vw, 809px\" \/><br \/>\n<!--more--><\/p>\n<p style=\"text-align: justify;\"><em>Ciudad Ju\u00e1rez<\/em>.- Con el objetivo de contener la ola delictiva que azota a esta frontera, la gobernadora del Estado, Maru Campos, encabez\u00f3 este domingo el arranque del operativo \u2018Juntos por Ju\u00e1rez\u2019 en el que participar\u00e1n los tres niveles de gobierno y ya inici\u00f3 el patrullaje a\u00e9reo con el apoyo de un helic\u00f3ptero.<\/p>\n<p style=\"text-align: justify;\">Luego de haber permanecido en aislamiento varios d\u00edas por Covid-19, Campos Galv\u00e1n encabez\u00f3 este domingo la Mesa Estatal de Seguridad en la que como primer punto se tuvo el acuerdo del reforzamiento del operativo \u201cJuntos por Ju\u00e1rez\u201d en respuesta a los hechos ocurridos el jueves en esta ciudad en conjunto con los tres niveles de gobierno.<\/p>\n<p style=\"text-align: justify;\"><img decoding=\"async\" class=\" size-full wp-image-28819\" src=\"https:\/\/www.opinionpublica.tv\/portada\/wp-content\/uploads\/2022\/01\/marucampos.png\" width=\"872\" height=\"464\" srcset=\"https:\/\/www.opinionpublica.tv\/portada\/wp-content\/uploads\/2022\/01\/marucampos.png 872w, https:\/\/www.opinionpublica.tv\/portada\/wp-content\/uploads\/2022\/01\/marucampos-300x160.png 300w, https:\/\/www.opinionpublica.tv\/portada\/wp-content\/uploads\/2022\/01\/marucampos-768x409.png 768w\" sizes=\"(max-width: 872px) 100vw, 872px\" \/><\/p>\n<p style=\"text-align: justify;\">Explic\u00f3 que esta medida se suma a la implementaci\u00f3n de filtros de seguridad en las entradas de las colonias conflictivas en Ciudad Ju\u00e1rez, adem\u00e1s de contar con presencia policiaca permanente en las zonas centro, norponiente, suroeste y el Valle de Ju\u00e1rez.<\/p>\n<p style=\"text-align: justify;\">Adem\u00e1s confirm\u00f3 la implementaci\u00f3n de la Plataforma Centinela en Ju\u00e1rez, al tiempo que destac\u00f3 que no se abandonar\u00e1 la b\u00fasqueda de los objetivos prioritarios para retirar a los generadores de violencia de las calles.<\/p>\n<p style=\"text-align: justify;\">\u201cNo vamos a permitir que los actos il\u00edcitos de unos perturben la tranquilidad de todos\u201d, asever\u00f3 la mandataria estatal.<\/p>\n<p style=\"text-align: justify;\">Maru Campos consider\u00f3 que el alza en los hechos violentos en la ciudad se debe al cambio de Gobierno y el combate a la inseguridad.<\/p>\n<p style=\"text-align: justify;\">\u201cCambios en el enfoque del Gobierno del Estado han generado incomodidades a los grupos criminales. Este Gobierno no tolerar\u00e1 estas acciones y pondremos toda la fuerza del Estado para restablecer el orden\u201d, agreg\u00f3.<\/p>\n<p style=\"text-align: justify;\">La gobernadora fue acompa\u00f1ada por el alcalde de Ju\u00e1rez, Cruz P\u00e9rez Cu\u00e9llar, el secretario t\u00e9cnico de la Secretar\u00eda de Seguridad y Protecci\u00f3n Ciudadana federal, Fernando \u00c1vila, as\u00ed como el fiscal Roberto Fierro y mandos militares y de la Guardia Nacional.<\/p>\n<p style=\"text-align: justify;\"><strong>Anuncia P\u00e9rez Cu\u00e9llar hist\u00f3rica inversi\u00f3n en seguridad<\/strong><\/p>\n<p style=\"text-align: justify;\">Por su parte, el presidente municipal, Cruz P\u00e9rez Cu\u00e9llar, destac\u00f3 la inversi\u00f3n hist\u00f3rica que har\u00e1 el Municipio en seguridad y la coordinaci\u00f3n que se tendr\u00e1 entre los tres niveles de gobierno en el operativo Juntos por Ju\u00e1rez que puso en marcha este d\u00eda la Gobernadora del Estado, Mar\u00eda Eugenia Campos Galv\u00e1n.<\/p>\n<p style=\"text-align: justify;\">\u201cEstamos listos para atender la responsabilidad que tenemos de darle seguridad a las y los juarenses. Se trabajar\u00e1 en perfecta coordinaci\u00f3n y armon\u00eda con el Gobierno del Estado de Chihuahua. Estamos claros que hoy tenemos que estar m\u00e1s unidos que nunca\u201d, a\u00f1adi\u00f3.<\/p>\n<p style=\"text-align: justify;\">P\u00e9rez Cu\u00e9llar se\u00f1al\u00f3 que Ciudad Ju\u00e1rez tiene el presupuesto m\u00e1s grande en su historia, lo que le permiti\u00f3 el pasado 1 de enero otorgar un bono a todos los elementos de la Secretar\u00eda de Seguridad P\u00fablica municipal y Coordinaci\u00f3n de Seguridad Vial, por un monto de 30 millones de pesos y programar la compra de m\u00e1s patrullas para reforzar la seguridad.<\/p>\n","protected":false},"excerpt":{"rendered":"","protected":false},"author":6,"featured_media":28818,"comment_status":"open","ping_status":"open","sticky":false,"template":"","format":"standard","meta":{"_acf_changed":false,"_monsterinsights_skip_tracking":false,"slim_seo":{"title":"Encabeza gobernadora arranque de operativo 'Juntos por Ju\u00e1rez' con patrullaje a\u00e9reo - Opini\u00f3n P\u00fablica","description":"Ciudad Ju\u00e1rez .- Con el objetivo de contener la ola delictiva que azota a esta frontera, la gobernadora del Estado, Maru Campos, encabez\u00f3 este domingo el arranq"},"footnotes":""},"categories":[3],"tags":[380],"class_list":["post-28820","post","type-post","status-publish","format-standard","has-post-thumbnail","hentry","category-principal","tag-juntos-por-juarez"],"acf":[],"_links":{"self":[{"href":"https:\/\/www.opinionpublica.tv\/portada\/wp-json\/wp\/v2\/posts\/28820","targetHints":{"allow":["GET"]}}],"collection":[{"href":"https:\/\/www.opinionpublica.tv\/portada\/wp-json\/wp\/v2\/posts"}],"about":[{"href":"https:\/\/www.opinionpublica.tv\/portada\/wp-json\/wp\/v2\/types\/post"}],"author":[{"embeddable":true,"href":"https:\/\/www.opinionpublica.tv\/portada\/wp-json\/wp\/v2\/users\/6"}],"replies":[{"embeddable":true,"href":"https:\/\/www.opinionpublica.tv\/portada\/wp-json\/wp\/v2\/comments?post=28820"}],"version-history":[{"count":0,"href":"https:\/\/www.opinionpublica.tv\/portada\/wp-json\/wp\/v2\/posts\/28820\/revisions"}],"wp:featuredmedia":[{"embeddable":true,"href":"https:\/\/www.opinionpublica.tv\/portada\/wp-json\/wp\/v2\/media\/28818"}],"wp:attachment":[{"href":"https:\/\/www.opinionpublica.tv\/portada\/wp-json\/wp\/v2\/media?parent=28820"}],"wp:term":[{"taxonomy":"category","embeddable":true,"href":"https:\/\/www.opinionpublica.tv\/portada\/wp-json\/wp\/v2\/categories?post=28820"},{"taxonomy":"post_tag","embeddable":true,"href":"https:\/\/www.opinionpublica.tv\/portada\/wp-json\/wp\/v2\/tags?post=28820"}],"curies":[{"name":"wp","href":"https:\/\/api.w.org\/{rel}","templated":true}]}}