{"id":28812,"date":"2022-01-16T07:00:00","date_gmt":"2022-01-16T06:00:00","guid":{"rendered":"https:\/\/www.opinionpublica.tv\/portada\/2022\/01\/16\/una-historia-siniestra\/"},"modified":"2022-01-16T07:00:00","modified_gmt":"2022-01-16T06:00:00","slug":"una-historia-siniestra","status":"publish","type":"post","link":"https:\/\/www.opinionpublica.tv\/portada\/una-historia-siniestra\/","title":{"rendered":"Una historia siniestra"},"content":{"rendered":"<img fetchpriority=\"high\" decoding=\"async\" class=\" size-full wp-image-28811\" src=\"https:\/\/www.opinionpublica.tv\/portada\/wp-content\/uploads\/2022\/01\/9719de51d3d0548e3b06360251868669.jpg\" alt=\"\" class=\"caption\" title=\"Jos\u00e9 Woldenberg, acad\u00e9mico y primer presidente del IFE.\" width=\"270\" height=\"235\" \/>\n<p style=\"text-align: justify;\">En 1929 se inici\u00f3 en la Uni\u00f3n Sovi\u00e9tica la colectivizaci\u00f3n forzosa. Se trataba de erradicar la propiedad privada en el campo (encarnada en los kulaks) para reconvertirla en koljoses (propiedad colectiva). Ante la resistencia de millones de campesinos la respuesta fue una cruda represi\u00f3n. Se expidieron leyes y decretos que los convirtieron en enemigos del pueblo y como tales \u201ccastigados\u201d.<\/p>\n<p><!--more--><\/p>\n<p style=\"text-align: justify;\">Asesinatos, despojos, deportaciones se sucedieron a un ritmo enloquecido. Como consecuencia directa \u201cla superficie de tierra cultivada disminuy\u00f3 considerablemente y el rendimiento baj\u00f3\u201d (Vasili Grossman, Todo fluye).<\/p>\n<p style=\"text-align: justify;\">La hambruna desatada en los siguientes a\u00f1os result\u00f3 atroz. Se calcula en m\u00e1s de seis millones a las v\u00edctimas. Grossman describe algunos cuadros infernales:<\/p>\n<p style=\"text-align: justify;\">\u201cLa gente empez\u00f3 a vagar de pueblo en pueblo, cada uno pidiendo limosna al otro\u2026 Cuando la nieve empez\u00f3 a derretirse, el pueblo se encontr\u00f3 sumido hasta el cuello en la hambruna. Los ni\u00f1os gritan, no duermen: tambi\u00e9n de noche piden pan. La gente tiene la cara terrosa, los ojos turbios, ebrios. Caminan como son\u00e1mbulos\u2026 Las personas empiezan a caminar menos, a quedarse m\u00e1s tiempo tumbadas\u2026 Tampoco quedaban gatos ni perros: los hab\u00edan matado\u2026 La gente comenz\u00f3 a hincharse; les hab\u00eda sobrevenido el edema del hambre: rostros inflados, piernas como cojines, agua en el vientre\u2026 \u00a1Y sus hijos!\u2026 cabezas pesadas como balas de ca\u00f1\u00f3n, cuellos delgados de cig\u00fce\u00f1a\u2026 Ni\u00f1os con caras envejecidas\u2026 como si llevaran en el mundo setenta a\u00f1os\u2026 Pensaba adem\u00e1s que cada hambriento muere a su manera. En una caba\u00f1a est\u00e1n en guerra, se vigilan los unos a los otros, se arrebatan las migas. La mujer se vuelve contra el marido\u2026\u201d. Fueron documentados incluso casos de canibalismo.<\/p>\n<p style=\"text-align: justify;\">En ese marco macabro, narra Simon Sebag Montefiore la comparecencia de un \u201cvaleroso\u201d funcionario ante el Politbur\u00f3 presidido por Stalin. Cuando Terejov (nombre del informante) empez\u00f3 a ilustrar y documentar la situaci\u00f3n, Stalin lo interrumpi\u00f3:<\/p>\n<p style=\"text-align: justify;\">\u201c\u2013Nos han dicho camarada Terejov, que eres un buen orador, que se ve que eres un buen cuentista. \u00a1Fabricar semejante cuento acerca de la hambruna! Se supon\u00eda que iba a asustarnos, pero no ha funcionado. \u00bfNo te convendr\u00eda mejor dejar los cargos de\u2026 secretario del CC de Ucrania e ingresar a la Uni\u00f3n de Escritores? Podr\u00edas inventarte cuentos y los tontos se los leer\u00edan\u201d. (La corte del Zar rojo).<\/p>\n<p style=\"text-align: justify;\">Entre la \u201crealidad\u201d construida en el Kremlin y la que viv\u00edan millones de personas no exist\u00edan puentes de contacto. \u201cEl hambre \u2013escribe SSM\u2013 era simplemente un acto de hostilidad contra el Comit\u00e9 Central, y por tanto contra Stalin\u201d. Se hab\u00eda decretado una verdad oficial y todo aquello que entrara en conflicto con ella no pod\u00eda ser m\u00e1s que un recurso contra revolucionario, una invenci\u00f3n de los enemigos, propaganda antisovi\u00e9tica. Cre\u00edan estar construyendo un futuro promisorio mientras cimentaban el infierno en la tierra.<\/p>\n<p style=\"text-align: justify;\">Esa historia siniestra devela no solo el autoenga\u00f1o o el cinismo de la c\u00fapula del poder, sino la fuerza de las convicciones que no reconocen los l\u00edmites que impone eso que solemos llamar realidad. Si la realidad contradice los deseos o la \u201cveracidad\u201d de las certezas fan\u00e1ticas, peor para la realidad.<\/p>\n<p style=\"text-align: justify;\">El problema may\u00fasculo es que los muertos, deportados, hambreados y torturados pueden omitirse en el discurso oficial e incluso, con ello, sedar a buena parte de la sociedad, pero su tr\u00e1gica existencia no desaparece. Las creencias, creencias son. Y los hechos no pueden ser borrados.<\/p>\n","protected":false},"excerpt":{"rendered":"<p>En 1929 se inici\u00f3 en la Uni\u00f3n Sovi\u00e9tica la colectivizaci\u00f3n forzosa. Se trataba de erradicar la propiedad privada en el campo (encarnada en los kulaks) para reconvertirla en koljoses (propiedad colectiva). Ante la resistencia de millones de campesinos la respuesta fue una cruda represi\u00f3n. Se expidieron leyes y decretos que los convirtieron en enemigos del [&hellip;]<\/p>\n","protected":false},"author":6,"featured_media":28811,"comment_status":"open","ping_status":"open","sticky":false,"template":"","format":"standard","meta":{"_acf_changed":false,"_monsterinsights_skip_tracking":false,"slim_seo":{"title":"Una historia siniestra - Opini\u00f3n P\u00fablica","description":"En 1929 se inici\u00f3 en la Uni\u00f3n Sovi\u00e9tica la colectivizaci\u00f3n forzosa. Se trataba de erradicar la propiedad privada en el campo (encarnada en los kulaks) para reco"},"footnotes":""},"categories":[26],"tags":[],"class_list":["post-28812","post","type-post","status-publish","format-standard","has-post-thumbnail","hentry","category-de-chile-dulce-y-manteca-columna-invitada"],"acf":[],"_links":{"self":[{"href":"https:\/\/www.opinionpublica.tv\/portada\/wp-json\/wp\/v2\/posts\/28812","targetHints":{"allow":["GET"]}}],"collection":[{"href":"https:\/\/www.opinionpublica.tv\/portada\/wp-json\/wp\/v2\/posts"}],"about":[{"href":"https:\/\/www.opinionpublica.tv\/portada\/wp-json\/wp\/v2\/types\/post"}],"author":[{"embeddable":true,"href":"https:\/\/www.opinionpublica.tv\/portada\/wp-json\/wp\/v2\/users\/6"}],"replies":[{"embeddable":true,"href":"https:\/\/www.opinionpublica.tv\/portada\/wp-json\/wp\/v2\/comments?post=28812"}],"version-history":[{"count":0,"href":"https:\/\/www.opinionpublica.tv\/portada\/wp-json\/wp\/v2\/posts\/28812\/revisions"}],"wp:featuredmedia":[{"embeddable":true,"href":"https:\/\/www.opinionpublica.tv\/portada\/wp-json\/wp\/v2\/media\/28811"}],"wp:attachment":[{"href":"https:\/\/www.opinionpublica.tv\/portada\/wp-json\/wp\/v2\/media?parent=28812"}],"wp:term":[{"taxonomy":"category","embeddable":true,"href":"https:\/\/www.opinionpublica.tv\/portada\/wp-json\/wp\/v2\/categories?post=28812"},{"taxonomy":"post_tag","embeddable":true,"href":"https:\/\/www.opinionpublica.tv\/portada\/wp-json\/wp\/v2\/tags?post=28812"}],"curies":[{"name":"wp","href":"https:\/\/api.w.org\/{rel}","templated":true}]}}