{"id":28800,"date":"2022-01-16T07:00:00","date_gmt":"2022-01-16T06:00:00","guid":{"rendered":"https:\/\/www.opinionpublica.tv\/portada\/2022\/01\/16\/efemerides-16-de-enero-3\/"},"modified":"2022-01-16T07:00:00","modified_gmt":"2022-01-16T06:00:00","slug":"efemerides-16-de-enero-3","status":"publish","type":"post","link":"https:\/\/www.opinionpublica.tv\/portada\/efemerides-16-de-enero-3\/","title":{"rendered":"Efem\u00e9rides 16 de enero"},"content":{"rendered":"<img fetchpriority=\"high\" decoding=\"async\" class=\" size-full wp-image-28799\" src=\"https:\/\/www.opinionpublica.tv\/portada\/wp-content\/uploads\/2022\/01\/1b0c323ede47bcfe3b6ac5f1a0f78ffb.jpg\" alt=\"\" class=\"caption\" title=\"Los ataques a\u00e9reos alemanes a Malta durante la Segunda Guerra Mundial fueron en el Mediterr\u00e1neo.\" width=\"279\" height=\"181\" \/>\n<p style=\"text-align: justify;\">Un d\u00eda 16 de enero como hoy, pero de 1941, inician los ataques a\u00e9reos alemanes a Malta durante la Segunda Guerra Mundial, con lo que comenz\u00f3 la guerra en el Mediterr\u00e1neo.<\/p>\n<p><!--more--><\/p>\n<p style=\"text-align: justify;\"><strong>M\u00e1s efem\u00e9rides<\/strong><\/p>\n<p style=\"text-align: justify;\">1493.- Crist\u00f3bal Col\u00f3n reconoce varias islas Bahamas, la zona oriental de Cuba y el norte de Hait\u00ed.<\/p>\n<p style=\"text-align: justify;\">1850.- Nace \u00abPierre Loti\u00bb (Luis M.J. Viaud), escritor franc\u00e9s.<\/p>\n<p style=\"text-align: justify;\">1891.- Es vencida en Am\u00e9rica del Norte la \u00faltima sublevaci\u00f3n de los indios sioux.<\/p>\n<p style=\"text-align: justify;\">1901.- Nace Fulgencio Batista, presidente cubano.<\/p>\n<p style=\"text-align: justify;\">1902.- Alemania obtiene la concesi\u00f3n para construir el ferrocarril Konia-Bagdad, en el Imperio otomano.<\/p>\n<p style=\"text-align: justify;\">1905.- Nace Ernesto Halffter, compositor espa\u00f1ol.<\/p>\n<p style=\"text-align: justify;\">1911.- Nace Eduardo Frei, presidente de Chile.<\/p>\n<p style=\"text-align: justify;\">1914.- El escritor ruso M\u00e1ximo Gorki, es autorizado a regresar a su pa\u00eds tras ocho a\u00f1os de exilio.<\/p>\n<p style=\"text-align: justify;\">1915.- Revoluci\u00f3n Mexicana: el general \u00c1lvaro Obreg\u00f3n, al frente de sus fuerzas, entra triunfante en la capital.<\/p>\n<p style=\"text-align: justify;\">1920.- Entra en vigor en EEUU la \u00abLey Seca\u00bb, por la que se prohib\u00eda la venta y consumo de bebidas alcoh\u00f3licas.<\/p>\n<p style=\"text-align: justify;\">1928.- Nace Pilar Lorengar, soprano espa\u00f1ola.<\/p>\n<p style=\"text-align: justify;\">1933.- Nace Susan Sontang, escritora y directora de cine norteamericana.<\/p>\n<p style=\"text-align: justify;\">1941.- Chile y Bolivia firman un pacto de no agresi\u00f3n.<\/p>\n<p style=\"text-align: justify;\">1946.- Nace Kabir Bedi, \u00abSandok\u00e1n\u00bb, actor indio.<\/p>\n<p style=\"text-align: justify;\">1950.- Muere Gustav Krupp, industrial y financiero alem\u00e1n.<\/p>\n<p style=\"text-align: justify;\">1957.- Nace Ricardo Dar\u00edn, actor argentino.<\/p>\n<p style=\"text-align: justify;\">1962.- Un golpe de Estado en la Rep\u00fablica Dominicana depone al presidente, Joaqu\u00edn Balaguer, e instaura una Junta de Gobierno por 48 horas.<\/p>\n<p style=\"text-align: justify;\">1963.- Muere Gilardo Gilardi, compositor argentino.<\/p>\n<p style=\"text-align: justify;\">1970.- Grandes manifestaciones en La Paz para apoyar al presidente boliviano, Alfredo Ovando, contra el que la CIA y compa\u00f1\u00edas petrol\u00edferas estadounidenses hab\u00edan urdido un complot.<\/p>\n<p style=\"text-align: justify;\">1974.- Nace Kate Moss, modelo brit\u00e1nica.<\/p>\n<p style=\"text-align: justify;\">1975.- Se firma en Lisboa el acuerdo para la independencia de Angola.<\/p>\n<p style=\"text-align: justify;\">1980.- Muere Benjam\u00edn Palencia, pintor espa\u00f1ol.<\/p>\n<p style=\"text-align: justify;\">1982.- Muere Ram\u00f3n J. Sender, escritor espa\u00f1ol.<\/p>\n<p style=\"text-align: justify;\">1987.- Paracaidistas amotinados en la base a\u00e9rea de Taura secuestran unas horas al presidente ecuatoriano, Le\u00f3n Febres Cordero, y piden la libertad del general golpista Frank Vargas, a lo que accedi\u00f3 el gobierno.<\/p>\n<p style=\"text-align: justify;\">1987.- Dimite Hu Yaobang, secretario del Partido Comunista chino, y le sustituye Zao Ziyang.<\/p>\n<p style=\"text-align: justify;\">1988.- Se re\u00fanen en Costa Rica los presidentes de los cinco pa\u00edses centroamericanos para tratar del cumplimiento de los acuerdos de Esquipulas II.<\/p>\n<p style=\"text-align: justify;\">1992.- El gobierno y la guerrilla salvadore\u00f1os firman en M\u00e9xico el acuerdo de paz, tras 12 a\u00f1os de guerra civil y 75 mil muertos.<\/p>\n<p style=\"text-align: justify;\">1996.- Es derrocado el presidente de Sierra Leona, capit\u00e1n Valentine Strasser, en un golpe de Estado dado por el \u00abn\u00famero dos\u00bb del r\u00e9gimen, el capit\u00e1n Julius Maada Biol.<\/p>\n<p style=\"text-align: justify;\">2000.- El socialista Ricardo Lagos vence en la segunda vuelta de las elecciones presidenciales de Chile.<\/p>\n<p style=\"text-align: justify;\">2001.- El presidente de la Rep\u00fablica Democr\u00e1tica del Congo Laurent Kabila es asesinado por su guardia personal en un intento de golpe de Estado.<\/p>\n<p style=\"text-align: justify;\">1001.- Muere Laurent Kabila, pol\u00edtico congole\u00f1o.<\/p>\n<p style=\"text-align: justify;\">2003.- El FMI y Argentina acuerdan la refinanciaci\u00f3n de la deuda hasta agosto de 2003.<\/p>\n<p style=\"text-align: justify;\">2006.- Ellen Johnson-Sirleaf toma posesi\u00f3n como presidenta de Liberia.<\/p>\n<p style=\"text-align: justify;\">2007.- M\u00e1s de cien muertos en una cadena de atentados en Bagdad.<\/p>\n<p style=\"text-align: justify;\">2008.- La petrolera Total y la sociedad de inspecci\u00f3n de barcos Rina, condenadas por el hundimiento del \u00abErika\u00bb, que en 1999 provoc\u00f3 una marea negra en la costa atl\u00e1ntica francesa.<\/p>\n<p style=\"text-align: justify;\">2008.- Muere Hone Tuwhare, poeta maor\u00ed.<\/p>\n<p style=\"text-align: justify;\">2009.- Muere Andrew Wyeth, pintor estadounidense.<\/p>\n<p style=\"text-align: justify;\">2011.- Muere Augusto Alguer\u00f3, compositor espa\u00f1ol.<\/p>\n<p style=\"text-align: justify;\">\u00a0<\/p>\n","protected":false},"excerpt":{"rendered":"<p>Un d\u00eda 16 de enero como hoy, pero de 1941, inician los ataques a\u00e9reos alemanes a Malta durante la Segunda Guerra Mundial, con lo que comenz\u00f3 la guerra en el Mediterr\u00e1neo.<\/p>\n","protected":false},"author":6,"featured_media":28799,"comment_status":"open","ping_status":"open","sticky":false,"template":"","format":"standard","meta":{"_acf_changed":false,"_monsterinsights_skip_tracking":false,"slim_seo":{"title":"Efem\u00e9rides 16 de enero - Opini\u00f3n P\u00fablica","description":"Un d\u00eda 16 de enero como hoy, pero de 1941, inician los ataques a\u00e9reos alemanes a Malta durante la Segunda Guerra Mundial, con lo que comenz\u00f3 la guerra en el Med"},"footnotes":""},"categories":[27],"tags":[],"class_list":["post-28800","post","type-post","status-publish","format-standard","has-post-thumbnail","hentry","category-un-dia-como-hoy"],"acf":[],"_links":{"self":[{"href":"https:\/\/www.opinionpublica.tv\/portada\/wp-json\/wp\/v2\/posts\/28800","targetHints":{"allow":["GET"]}}],"collection":[{"href":"https:\/\/www.opinionpublica.tv\/portada\/wp-json\/wp\/v2\/posts"}],"about":[{"href":"https:\/\/www.opinionpublica.tv\/portada\/wp-json\/wp\/v2\/types\/post"}],"author":[{"embeddable":true,"href":"https:\/\/www.opinionpublica.tv\/portada\/wp-json\/wp\/v2\/users\/6"}],"replies":[{"embeddable":true,"href":"https:\/\/www.opinionpublica.tv\/portada\/wp-json\/wp\/v2\/comments?post=28800"}],"version-history":[{"count":0,"href":"https:\/\/www.opinionpublica.tv\/portada\/wp-json\/wp\/v2\/posts\/28800\/revisions"}],"wp:featuredmedia":[{"embeddable":true,"href":"https:\/\/www.opinionpublica.tv\/portada\/wp-json\/wp\/v2\/media\/28799"}],"wp:attachment":[{"href":"https:\/\/www.opinionpublica.tv\/portada\/wp-json\/wp\/v2\/media?parent=28800"}],"wp:term":[{"taxonomy":"category","embeddable":true,"href":"https:\/\/www.opinionpublica.tv\/portada\/wp-json\/wp\/v2\/categories?post=28800"},{"taxonomy":"post_tag","embeddable":true,"href":"https:\/\/www.opinionpublica.tv\/portada\/wp-json\/wp\/v2\/tags?post=28800"}],"curies":[{"name":"wp","href":"https:\/\/api.w.org\/{rel}","templated":true}]}}