{"id":28786,"date":"2022-01-13T07:00:00","date_gmt":"2022-01-13T06:00:00","guid":{"rendered":"https:\/\/www.opinionpublica.tv\/portada\/2022\/01\/13\/efemerides-13-de-enero-5\/"},"modified":"2022-01-13T07:00:00","modified_gmt":"2022-01-13T06:00:00","slug":"efemerides-13-de-enero-5","status":"publish","type":"post","link":"https:\/\/www.opinionpublica.tv\/portada\/efemerides-13-de-enero-5\/","title":{"rendered":"Efem\u00e9rides 13 de enero"},"content":{"rendered":"<img fetchpriority=\"high\" decoding=\"async\" class=\" size-full wp-image-28785\" src=\"https:\/\/www.opinionpublica.tv\/portada\/wp-content\/uploads\/2022\/01\/cdfba9618635d24c0273d29f26ce08e1.jpg\" alt=\"\" class=\"caption\" title=\"El conquistador Hern\u00e1n Cort\u00e9s dio el nombre de Nueva Espa\u00f1a a lo que hoy es M\u00e9xico.\" width=\"1200\" height=\"675\" srcset=\"https:\/\/www.opinionpublica.tv\/portada\/wp-content\/uploads\/2022\/01\/cdfba9618635d24c0273d29f26ce08e1.jpg 1200w, https:\/\/www.opinionpublica.tv\/portada\/wp-content\/uploads\/2022\/01\/cdfba9618635d24c0273d29f26ce08e1-300x169.jpg 300w, https:\/\/www.opinionpublica.tv\/portada\/wp-content\/uploads\/2022\/01\/cdfba9618635d24c0273d29f26ce08e1-1024x576.jpg 1024w, https:\/\/www.opinionpublica.tv\/portada\/wp-content\/uploads\/2022\/01\/cdfba9618635d24c0273d29f26ce08e1-768x432.jpg 768w\" sizes=\"(max-width: 1200px) 100vw, 1200px\" \/>\n<p style=\"text-align: justify;\">Un d\u00eda 13 de enero como hoy, pero de 1927, es descubierto el testamento de Hern\u00e1n Cort\u00e9s, conquistador de M\u00e9xico.<\/p>\n<p><!--more--><\/p>\n<p style=\"text-align: justify;\"><strong>M\u00e1s efem\u00e9rides<\/strong><\/p>\n<p style=\"text-align: justify;\">1691.- Muere Jorge Fox, m\u00edstico ingl\u00e9s, fundador de la secta de los cu\u00e1queros.<\/p>\n<p style=\"text-align: justify;\">1750.- Tratado de Madrid entre Portugal y Espa\u00f1a, que fija las esferas de influencia de los pa\u00edses ib\u00e9ricos en Am\u00e9rica del Sur.<\/p>\n<p style=\"text-align: justify;\">1759.- Varios nobles son ajusticiados en Lisboa, acusados de complicidad en el atentado contra el rey Jos\u00e9 I.<\/p>\n<p style=\"text-align: justify;\">1776.- Guerra de independencia de Estados Unidos: George Washington entra triunfante en Nueva York al frente de sus tropas.<\/p>\n<p style=\"text-align: justify;\">1825.- El Alto Per\u00fa proclama su independencia en Cochabamba, con el nombre de Rep\u00fablica de Bol\u00edvar, despu\u00e9s Bolivia.<\/p>\n<p style=\"text-align: justify;\">1854.- Fallece Jos\u00e9 Fructuoso Rivera, militar uruguayo, primer presidente constitucional de su pa\u00eds (1830-1834).<\/p>\n<p style=\"text-align: justify;\">1906.- Un incendio destruye casi toda la ciudad de Panam\u00e1.<\/p>\n<p style=\"text-align: justify;\">1908.- El franc\u00e9s Henri Farman logra un vuelo de mil metros con un avi\u00f3n biplano, en un circuito cerrado.<\/p>\n<p style=\"text-align: justify;\">1915.- Un terremoto destruye por completo la ciudad de Avezzano (Italia) y provoca la muerte de casi 30,000 personas.<\/p>\n<p style=\"text-align: justify;\">1916.- Montenegro capitula despu\u00e9s de las derrotas sufridas ante las fuerzas austro-h\u00fangaras.<\/p>\n<p style=\"text-align: justify;\">1919.- Nace Robert Stack, actor estadounidense de cine.<\/p>\n<p style=\"text-align: justify;\">1924.- Nace Roland Petit, bailar\u00edn y core\u00f3grafo franc\u00e9s.<\/p>\n<p style=\"text-align: justify;\">1935.- M\u00e1s del 90 % de los electores deciden, mediante refer\u00e9ndum, la reincorporaci\u00f3n del Sarre a Alemania.<\/p>\n<p style=\"text-align: justify;\">1935.- Nace Marcos Aguinis, escritor argentino.<\/p>\n<p style=\"text-align: justify;\">1941.- Muere James Joyce, escritor irland\u00e9s.<\/p>\n<p style=\"text-align: justify;\">1950.- Se restablece la pena de muerte en la Uni\u00f3n Sovi\u00e9tica.<\/p>\n<p style=\"text-align: justify;\">1955.- El presidente de Nicaragua, Anastasio Somoza, desaf\u00eda al presidente de Costa Rica, Jos\u00e9 Figueres, a resolver la disputa entre los dos pa\u00edses mediante un duelo a pistola.<\/p>\n<p style=\"text-align: justify;\">1973.- Ejecutan en Marruecos a once oficiales de aviaci\u00f3n implicados en un atentado contra el rey Hassan II.<\/p>\n<p style=\"text-align: justify;\">1973.- Nace Juan Diego Fl\u00f3rez, tenor peruano.<\/p>\n<p style=\"text-align: justify;\">1977.- Nace Orlando Bloom, actor brit\u00e1nico.<\/p>\n<p style=\"text-align: justify;\">1992.- El Parlamento de Mongolia aprueba una nueva Constituci\u00f3n, que establece la democracia parlamentaria y el sufragio universal.<\/p>\n<p style=\"text-align: justify;\">1993.- Acuerdo en Par\u00eds para la prohibici\u00f3n de armas qu\u00edmicas.<\/p>\n<p style=\"text-align: justify;\">1994.- Muere Samuel Bronston, productor estadounidense de cine.<\/p>\n<p style=\"text-align: justify;\">2001.- Un terremoto de intensidad 7.6 grados en la escala Richter causa en el Salvador m\u00e1s de 800 muertos y medio mill\u00f3n de damnificados.<\/p>\n<p style=\"text-align: justify;\">2004.- La Cumbre Extraordinaria de las Am\u00e9ricas finaliza en Monterrey (M\u00e9xico) con la firma de la declaraci\u00f3n de Nuevo Le\u00f3n.<\/p>\n<p style=\"text-align: justify;\">2006.- Muere Ra\u00fal Anguiano, pintor mexicano.<\/p>\n<p style=\"text-align: justify;\">2007.- Fallece Michael Brecker, saxofonista estadounidense, ganador de once Grammys.<\/p>\n<p style=\"text-align: justify;\">2009.- Muere Patrick McGoohan, actor estadounidense.<\/p>\n<p style=\"text-align: justify;\">2009.- Fallece Nancy Bird-Walton, pionera australiana de la aviaci\u00f3n.<\/p>\n<p style=\"text-align: justify;\">2010.- Muere Teddy Pendergrass, cantante de soul estadounidense.<\/p>\n<p style=\"text-align: justify;\">2011.- Mueren m\u00e1s de 500 personas por las lluvias torrenciales que azotan el estado brasile\u00f1o de R\u00edo de Janeiro.<\/p>\n<p style=\"text-align: justify;\">2012.- El crucero italiano \u00abCosta Concordia\u00bb encalla frente a la isla italiana de Giglio y fallecen 32 personas.<\/p>\n","protected":false},"excerpt":{"rendered":"<p>Un d\u00eda 13 de enero como hoy, pero de 1927, es descubierto el testamento de Hern\u00e1n Cort\u00e9s, conquistador de M\u00e9xico.<\/p>\n","protected":false},"author":6,"featured_media":28785,"comment_status":"open","ping_status":"open","sticky":false,"template":"","format":"standard","meta":{"_acf_changed":false,"_monsterinsights_skip_tracking":false,"slim_seo":{"title":"Efem\u00e9rides 13 de enero - Opini\u00f3n P\u00fablica","description":"Un d\u00eda 13 de enero como hoy, pero de 1927, es descubierto el testamento de Hern\u00e1n Cort\u00e9s, conquistador de M\u00e9xico. M\u00e1s efem\u00e9rides 1691.- Muere Jorge Fox, m\u00edstico"},"footnotes":""},"categories":[27],"tags":[],"class_list":["post-28786","post","type-post","status-publish","format-standard","has-post-thumbnail","hentry","category-un-dia-como-hoy"],"acf":[],"_links":{"self":[{"href":"https:\/\/www.opinionpublica.tv\/portada\/wp-json\/wp\/v2\/posts\/28786","targetHints":{"allow":["GET"]}}],"collection":[{"href":"https:\/\/www.opinionpublica.tv\/portada\/wp-json\/wp\/v2\/posts"}],"about":[{"href":"https:\/\/www.opinionpublica.tv\/portada\/wp-json\/wp\/v2\/types\/post"}],"author":[{"embeddable":true,"href":"https:\/\/www.opinionpublica.tv\/portada\/wp-json\/wp\/v2\/users\/6"}],"replies":[{"embeddable":true,"href":"https:\/\/www.opinionpublica.tv\/portada\/wp-json\/wp\/v2\/comments?post=28786"}],"version-history":[{"count":0,"href":"https:\/\/www.opinionpublica.tv\/portada\/wp-json\/wp\/v2\/posts\/28786\/revisions"}],"wp:featuredmedia":[{"embeddable":true,"href":"https:\/\/www.opinionpublica.tv\/portada\/wp-json\/wp\/v2\/media\/28785"}],"wp:attachment":[{"href":"https:\/\/www.opinionpublica.tv\/portada\/wp-json\/wp\/v2\/media?parent=28786"}],"wp:term":[{"taxonomy":"category","embeddable":true,"href":"https:\/\/www.opinionpublica.tv\/portada\/wp-json\/wp\/v2\/categories?post=28786"},{"taxonomy":"post_tag","embeddable":true,"href":"https:\/\/www.opinionpublica.tv\/portada\/wp-json\/wp\/v2\/tags?post=28786"}],"curies":[{"name":"wp","href":"https:\/\/api.w.org\/{rel}","templated":true}]}}