{"id":2800,"date":"2016-08-21T06:00:00","date_gmt":"2016-08-21T04:00:00","guid":{"rendered":"https:\/\/www.opinionpublica.tv\/portada\/2016\/08\/21\/entrega-de-tvs-digitales-fue-un-derroche-de-recursos-ift\/"},"modified":"2016-08-21T06:00:00","modified_gmt":"2016-08-21T04:00:00","slug":"entrega-de-tvs-digitales-fue-un-derroche-de-recursos-ift","status":"publish","type":"post","link":"https:\/\/www.opinionpublica.tv\/portada\/entrega-de-tvs-digitales-fue-un-derroche-de-recursos-ift\/","title":{"rendered":"Entrega de TVs digitales fue un derroche de recursos: IFT"},"content":{"rendered":"<p><img fetchpriority=\"high\" decoding=\"async\" class=\" size-full wp-image-2799\" src=\"https:\/\/www.opinionpublica.tv\/portada\/wp-content\/uploads\/2016\/08\/84ef883c22b32e884841cc9314bfd3f2.jpg\" alt=\"\" width=\"570\" height=\"428\" srcset=\"https:\/\/www.opinionpublica.tv\/portada\/wp-content\/uploads\/2016\/08\/84ef883c22b32e884841cc9314bfd3f2.jpg 570w, https:\/\/www.opinionpublica.tv\/portada\/wp-content\/uploads\/2016\/08\/84ef883c22b32e884841cc9314bfd3f2-300x225.jpg 300w\" sizes=\"(max-width: 570px) 100vw, 570px\" \/><\/p>\n<p style=\"text-align: justify;\">La entrega de televisiones digitales organizada por el Gobierno Federal en 2015 por efectos del apag\u00f3n anal\u00f3gico resultaron ser un gasto innecesario por 15 mil 613 millones de pesos, seg\u00fan condeno el\u00a0Instituto Federal de Telecomunicaciones (IFT).<\/p>\n<p style=\"text-align: justify;\">La Secretar\u00eda de Comunicaciones y Transportes (SCT), encabezada por Gerardo Ruiz Esparza, estuvo entregando equipos de televisi\u00f3n a lo largo del pa\u00eds a familias de bajos recursos para reemplazar las televisiones an\u00e1logas, que se quedar\u00edan sin se\u00f1al a finales del a\u00f1o.<\/p>\n<p style=\"text-align: justify;\">Sin embargo, el An\u00e1lisis del Proceso de Transici\u00f3n a la Televisi\u00f3n Digital Terrestre revelo que la SCT regal\u00f3 aparatos a hogares que no los necesitaban.<\/p>\n<p style=\"text-align: justify;\">El comisionado del IFT, Adolfo Cuevas, declaro que \u201cla ineficacia causada por TVs repartidas a hogares que antes del apag\u00f3n ya contaban con STAR (televisi\u00f3n de paga), TV digital y\/o decodificador resultar\u00eda en 4 millones 909 mil 912 aparatos, cifra que representa el 48.5 por ciento del total de las TVs entregadas\u201d.<\/p>\n<p style=\"text-align: justify;\">El \u00edndice de ineficiencia es de 6.33% de equipos entregados, o unas 640 mil 399 pantallas.<\/p>\n<p style=\"text-align: justify;\">La coordinadora del Observatorio para Latinoam\u00e9rica sobre Regulaci\u00f3n, Medios y Convergencia, Aleida Calleja, se\u00f1al\u00f3 que se trata de un obvio caso de derroche. \u201cFue un derroche de recursos p\u00fablicos innecesarios. La Auditor\u00eda Superior de la Federaci\u00f3n deber\u00e1 realizar un an\u00e1lisis del caso y fincar responsables por esto\u201d, sentenci\u00f3.<\/p>\n<p style=\"text-align: justify;\">Por su parte, la SCT dijo que el estudio no tiene sustento alguno, debido a que no hay una encuesta o un censo que determine el total de hogares que quedaron sin se\u00f1al anal\u00f3gica.<\/p>\n","protected":false},"excerpt":{"rendered":"<p>La entrega de televisiones digitales organizada por el Gobierno Federal en 2015 por efectos del apag\u00f3n anal\u00f3gico resultaron ser un gasto innecesario por 15 mil 613 millones de pesos, seg\u00fan condeno el\u00a0Instituto Federal de Telecomunicaciones (IFT). La Secretar\u00eda de Comunicaciones y Transportes (SCT), encabezada por Gerardo Ruiz Esparza, estuvo entregando equipos de televisi\u00f3n a lo [&hellip;]<\/p>\n","protected":false},"author":4,"featured_media":2799,"comment_status":"open","ping_status":"open","sticky":false,"template":"","format":"standard","meta":{"_acf_changed":false,"_monsterinsights_skip_tracking":false,"slim_seo":{"title":"Entrega de TVs digitales fue un derroche de recursos: IFT - Opini\u00f3n P\u00fablica","description":"La entrega de televisiones digitales organizada por el Gobierno Federal en 2015 por efectos del apag\u00f3n anal\u00f3gico resultaron ser un gasto innecesario por 15 mil"},"footnotes":""},"categories":[9],"tags":[],"class_list":["post-2800","post","type-post","status-publish","format-standard","has-post-thumbnail","hentry","category-nacional"],"acf":[],"_links":{"self":[{"href":"https:\/\/www.opinionpublica.tv\/portada\/wp-json\/wp\/v2\/posts\/2800","targetHints":{"allow":["GET"]}}],"collection":[{"href":"https:\/\/www.opinionpublica.tv\/portada\/wp-json\/wp\/v2\/posts"}],"about":[{"href":"https:\/\/www.opinionpublica.tv\/portada\/wp-json\/wp\/v2\/types\/post"}],"author":[{"embeddable":true,"href":"https:\/\/www.opinionpublica.tv\/portada\/wp-json\/wp\/v2\/users\/4"}],"replies":[{"embeddable":true,"href":"https:\/\/www.opinionpublica.tv\/portada\/wp-json\/wp\/v2\/comments?post=2800"}],"version-history":[{"count":0,"href":"https:\/\/www.opinionpublica.tv\/portada\/wp-json\/wp\/v2\/posts\/2800\/revisions"}],"wp:featuredmedia":[{"embeddable":true,"href":"https:\/\/www.opinionpublica.tv\/portada\/wp-json\/wp\/v2\/media\/2799"}],"wp:attachment":[{"href":"https:\/\/www.opinionpublica.tv\/portada\/wp-json\/wp\/v2\/media?parent=2800"}],"wp:term":[{"taxonomy":"category","embeddable":true,"href":"https:\/\/www.opinionpublica.tv\/portada\/wp-json\/wp\/v2\/categories?post=2800"},{"taxonomy":"post_tag","embeddable":true,"href":"https:\/\/www.opinionpublica.tv\/portada\/wp-json\/wp\/v2\/tags?post=2800"}],"curies":[{"name":"wp","href":"https:\/\/api.w.org\/{rel}","templated":true}]}}