{"id":27986,"date":"2021-10-17T06:00:00","date_gmt":"2021-10-17T04:00:00","guid":{"rendered":"https:\/\/www.opinionpublica.tv\/portada\/2021\/10\/17\/efemerides-17-de-octubre-4\/"},"modified":"2021-10-17T06:00:00","modified_gmt":"2021-10-17T04:00:00","slug":"efemerides-17-de-octubre-4","status":"publish","type":"post","link":"https:\/\/www.opinionpublica.tv\/portada\/efemerides-17-de-octubre-4\/","title":{"rendered":"Efem\u00e9rides 17 de octubre"},"content":{"rendered":"<img fetchpriority=\"high\" decoding=\"async\" class=\" size-full wp-image-27985\" src=\"https:\/\/www.opinionpublica.tv\/portada\/wp-content\/uploads\/2021\/10\/8acb9b75eaf181094bde897df0419005.jpg\" alt=\"\" class=\"caption\" title=\"El ex presidente de Chile Augusto Pinochet fue detenido en Londres en 1998.\" width=\"1200\" height=\"800\" srcset=\"https:\/\/www.opinionpublica.tv\/portada\/wp-content\/uploads\/2021\/10\/8acb9b75eaf181094bde897df0419005.jpg 1200w, https:\/\/www.opinionpublica.tv\/portada\/wp-content\/uploads\/2021\/10\/8acb9b75eaf181094bde897df0419005-300x200.jpg 300w, https:\/\/www.opinionpublica.tv\/portada\/wp-content\/uploads\/2021\/10\/8acb9b75eaf181094bde897df0419005-1024x683.jpg 1024w, https:\/\/www.opinionpublica.tv\/portada\/wp-content\/uploads\/2021\/10\/8acb9b75eaf181094bde897df0419005-768x512.jpg 768w\" sizes=\"(max-width: 1200px) 100vw, 1200px\" \/>\n<p style=\"text-align: justify;\">Un d\u00eda 17 de octubre como hoy, pero de 1998, el antiguo dictador chileno Augusto Pinochet es detenido en Londres a petici\u00f3n del juez espa\u00f1ol Baltasar Garz\u00f3n, acusado por el asesinato de espa\u00f1oles entre el 11 de septiembre de 1973 y el 31 de diciembre de 1983.<\/p>\n<p><!--more--><\/p>\n<p style=\"text-align: justify;\"><strong>M\u00e1s efem\u00e9rides<\/strong><\/p>\n<p style=\"text-align: justify;\">1757.- Muere Ren\u00e9 Reaumur, f\u00edsico franc\u00e9s.<\/p>\n<p style=\"text-align: justify;\">1797.- Nace Juan Lavalle, militar destacado en la guerra de la independencia de Argentina.<\/p>\n<p style=\"text-align: justify;\">1829.- Pedro I, emperador de Brasil, instituye la Orden de la Rosa con motivo de su matrimonio con Eugenia, hija del pr\u00edncipe Eugenio Beauharnais.<\/p>\n<p style=\"text-align: justify;\">1849.- Muere Frederic Chopin, compositor polaco.<\/p>\n<p style=\"text-align: justify;\">1911.- Francisco Madero es elegido Presidente de M\u00e9xico.<\/p>\n<p style=\"text-align: justify;\">1912.- Estalla la primera guerra balc\u00e1nica: Bulgaria, Grecia, Serbia y Montenegro declaran la guerra a Turqu\u00eda.<\/p>\n<p style=\"text-align: justify;\">1912.- Nace Albino Luciani, papa Juan Pablo I, de origen italiano.<\/p>\n<p style=\"text-align: justify;\">1915.- Nace Arthur Miller, dramaturgo estadounidense.<\/p>\n<p style=\"text-align: justify;\">1918.- Nace Rita Hayworth (Margarita Cansino), actriz estadounidense.<\/p>\n<p style=\"text-align: justify;\">1919.- Nace Jos\u00e9 L\u00f3pez Rega, pol\u00edtico argentino, cofundador del peronismo.<\/p>\n<p style=\"text-align: justify;\">1920.- Nace Montgomery Clift, actor estadounidense.<\/p>\n<p style=\"text-align: justify;\">1923.- Alzamiento popular en Filipinas contra la dominaci\u00f3n de Estados Unidos.<\/p>\n<p style=\"text-align: justify;\">1934.- Tras doce d\u00edas de lucha, es sofocada militarmente la revoluci\u00f3n de Asturias que, seg\u00fan las cifras oficiales ocasion\u00f3 1,335 muertos y 2,932 heridos. Alrededor de 15,000 sublevados fueron encarcelados.<\/p>\n<p style=\"text-align: justify;\">1934.- Muere Santiago Ram\u00f3n y Cajal, m\u00e9dico espa\u00f1ol, premio Nobel en 1906.<\/p>\n<p style=\"text-align: justify;\">1947.- Se firma en Londres el tratado por el que Gran Breta\u00f1a reconoce la independencia de Birmania.<\/p>\n<p style=\"text-align: justify;\">1951.- Los brit\u00e1nicos ocupan el canal de Suez.<\/p>\n<p style=\"text-align: justify;\">1965.- El \u00abNew York Times\u00bb inicia la publicaci\u00f3n de dominicales de gran volumen, con un ejemplar de 946 p\u00e1ginas y 3,4 kilos de peso.<\/p>\n<p style=\"text-align: justify;\">1966.- Un terremoto de grado VIII en la escala modificada de Mercalli azota la zona costera de Per\u00fa y causa 101 muertos, m\u00e1s de 1,500 heridos y graves da\u00f1os materiales.<\/p>\n<p style=\"text-align: justify;\">1969.- Bolivia nacionaliza la compa\u00f1\u00eda estadounidense Gulf Oil.<\/p>\n<p style=\"text-align: justify;\">1974.- Nace Eminem, cantante de rap estadounidense, llamado Marshall Bruce Mathers.<\/p>\n<p style=\"text-align: justify;\">1989.- Un terremoto de 7.1 en la escala de Richter, sacude el norte de California y provoca la muerte a 70 personas, 3,000 heridos y da\u00f1os materiales de miles de millones.<\/p>\n<p style=\"text-align: justify;\">1991.- La OTAN decide en Taormina (Italia) eliminar el 80 por ciento de su arsenal t\u00e1ctico en Europa, el mayor recorte de armamento nuclear de su historia.<\/p>\n<p style=\"text-align: justify;\">1994.- Israel y Jordania llegan a un acuerdo de paz, que supone la reconciliaci\u00f3n hist\u00f3rica entre dos pa\u00edses que durante 40 a\u00f1os se mantuvieron en estado de guerra.<\/p>\n<p style=\"text-align: justify;\">2001.- El ministro israel\u00ed de Turismo, Rejabam Zehevi, es asesinado por extremistas palestinos.<\/p>\n<p style=\"text-align: justify;\">2003.- Gonzalo S\u00e1nchez de Lozada, presidente de Bolivia, presenta su dimisi\u00f3n tras un mes de protestas populares en las que pierden la vida m\u00e1s de 70 personas.<\/p>\n<p style=\"text-align: justify;\">2004.- Entra en vigor en Brasil la \u00abLey de Tiro de Destrucci\u00f3n\u00bb por la que todo avi\u00f3n que vuele sobre territorio brasile\u00f1o y se niegue a identificarse puede ser derribado por la Fuerza A\u00e9rea.<\/p>\n<p style=\"text-align: justify;\">2005.- Muere Ba Jin, escritor chino.<\/p>\n<p style=\"text-align: justify;\">2009.- Muere Rosanna Schiaffino, actriz italiana.<\/p>\n<p style=\"text-align: justify;\">2012.- La artiller\u00eda turca bombardea territorio sirio en represalia por el lanzamiento de un ob\u00fas que impact\u00f3 en suelo turco.<\/p>\n<p style=\"text-align: justify;\">2013.- Chile es elegido miembro no permanente del Consejo de Seguridad para el periodo 2014-2015.<\/p>\n","protected":false},"excerpt":{"rendered":"<p>Un d\u00eda 17 de octubre como hoy, pero de 1998, el antiguo dictador chileno Augusto Pinochet es detenido en Londres a petici\u00f3n del juez espa\u00f1ol Baltasar Garz\u00f3n, acusado por el asesinato de espa\u00f1oles entre el 11 de septiembre de 1973 y el 31 de diciembre de 1983.<\/p>\n","protected":false},"author":6,"featured_media":27985,"comment_status":"open","ping_status":"open","sticky":false,"template":"","format":"standard","meta":{"_acf_changed":false,"_monsterinsights_skip_tracking":false,"slim_seo":{"title":"Efem\u00e9rides 17 de octubre - Opini\u00f3n P\u00fablica","description":"Un d\u00eda 17 de octubre como hoy, pero de 1998, el antiguo dictador chileno Augusto Pinochet es detenido en Londres a petici\u00f3n del juez espa\u00f1ol Baltasar Garz\u00f3n, ac"},"footnotes":""},"categories":[27],"tags":[],"class_list":["post-27986","post","type-post","status-publish","format-standard","has-post-thumbnail","hentry","category-un-dia-como-hoy"],"acf":[],"_links":{"self":[{"href":"https:\/\/www.opinionpublica.tv\/portada\/wp-json\/wp\/v2\/posts\/27986","targetHints":{"allow":["GET"]}}],"collection":[{"href":"https:\/\/www.opinionpublica.tv\/portada\/wp-json\/wp\/v2\/posts"}],"about":[{"href":"https:\/\/www.opinionpublica.tv\/portada\/wp-json\/wp\/v2\/types\/post"}],"author":[{"embeddable":true,"href":"https:\/\/www.opinionpublica.tv\/portada\/wp-json\/wp\/v2\/users\/6"}],"replies":[{"embeddable":true,"href":"https:\/\/www.opinionpublica.tv\/portada\/wp-json\/wp\/v2\/comments?post=27986"}],"version-history":[{"count":0,"href":"https:\/\/www.opinionpublica.tv\/portada\/wp-json\/wp\/v2\/posts\/27986\/revisions"}],"wp:featuredmedia":[{"embeddable":true,"href":"https:\/\/www.opinionpublica.tv\/portada\/wp-json\/wp\/v2\/media\/27985"}],"wp:attachment":[{"href":"https:\/\/www.opinionpublica.tv\/portada\/wp-json\/wp\/v2\/media?parent=27986"}],"wp:term":[{"taxonomy":"category","embeddable":true,"href":"https:\/\/www.opinionpublica.tv\/portada\/wp-json\/wp\/v2\/categories?post=27986"},{"taxonomy":"post_tag","embeddable":true,"href":"https:\/\/www.opinionpublica.tv\/portada\/wp-json\/wp\/v2\/tags?post=27986"}],"curies":[{"name":"wp","href":"https:\/\/api.w.org\/{rel}","templated":true}]}}