{"id":2798,"date":"2016-08-21T06:00:00","date_gmt":"2016-08-21T04:00:00","guid":{"rendered":"https:\/\/www.opinionpublica.tv\/portada\/2016\/08\/21\/mexico-regresa-a-clases-con-compras-de-ultimo-momento\/"},"modified":"2016-08-21T06:00:00","modified_gmt":"2016-08-21T04:00:00","slug":"mexico-regresa-a-clases-con-compras-de-ultimo-momento","status":"publish","type":"post","link":"https:\/\/www.opinionpublica.tv\/portada\/mexico-regresa-a-clases-con-compras-de-ultimo-momento\/","title":{"rendered":"M\u00e9xico regresa a clases con compras de \u00faltimo momento"},"content":{"rendered":"<p><img fetchpriority=\"high\" decoding=\"async\" class=\" size-full wp-image-2797\" src=\"https:\/\/www.opinionpublica.tv\/portada\/wp-content\/uploads\/2016\/08\/416926cb371698fe960375edd64535dd.jpg\" alt=\"\" width=\"500\" height=\"324\" srcset=\"https:\/\/www.opinionpublica.tv\/portada\/wp-content\/uploads\/2016\/08\/416926cb371698fe960375edd64535dd.jpg 500w, https:\/\/www.opinionpublica.tv\/portada\/wp-content\/uploads\/2016\/08\/416926cb371698fe960375edd64535dd-300x194.jpg 300w\" sizes=\"(max-width: 500px) 100vw, 500px\" \/><\/p>\n<p style=\"text-align: justify;\">Como todos los a\u00f1os al inicio del ciclo escolar, la compra de \u00fatiles de \u00faltimo momento ha causado el cl\u00e1sico revuelo en tiendas de materiales para los alumnos.<\/p>\n<p style=\"text-align: justify;\">Tan solo en la ciudad de M\u00e9xico, este s\u00e1bado por la tarde las tiendas escolares fueron escenario de largas filas, grupos enormes de padres buscando cuadernos y l\u00e1pices, y gritos tanto de los vendedores anunciando sus existencias y ofertas, como de los padres en busca de alg\u00fan material agotado.<\/p>\n<p style=\"text-align: justify;\">Hordas de compradores llenaron centros comerciales y locales papeleros del Centro Hist\u00f3rico, sobre todo en las calles Mesones y Pino Su\u00e1rez, donde adem\u00e1s buscaban uniformes a precios m\u00e1s baratos que los oficiales.<\/p>\n<p style=\"text-align: justify;\">Cabe destacar que para los vendedores ambulantes a lo largo de la CDMX, esta es la segunda \u00e9poca donde consiguen sus mayores ventas, solo despu\u00e9s de Navidad. \u201cUn ambulantaje maneja muchas m\u00e1s marcas que las que pudieras encontrar en una tienda conocida. En cuesti\u00f3n de precio, de variedad, se encuentra m\u00e1s con ellos\u201d.<\/p>\n<p style=\"text-align: justify;\">Los vendedores tienen promociones especiales por la ocasi\u00f3n, vendiendo en paquete mochilas, su\u00e9ter, cuadernos, colores, plumas, y ocasionalmente hasta una paleta, a un precio m\u00ednimo de 350 pesos. Adem\u00e1s, materiales individuales como marcatextos son ofertados a 5 pesos, mientras los cuadernos var\u00edan entre 11 y 50 pesos seg\u00fan su tipo. Algunos vendedores formales cuentan con terminales para tarjetas de cr\u00e9dito o d\u00e9bito.<\/p>\n<p style=\"text-align: justify;\">Estas ofertas benefician tanto a estudiantes universitarios como a los padres de menores, quienes sienten que a\u00f1o tras a\u00f1o los gastos escolares suben cada vez m\u00e1s.<\/p>\n","protected":false},"excerpt":{"rendered":"<p>Como todos los a\u00f1os al inicio del ciclo escolar, la compra de \u00fatiles de \u00faltimo momento ha causado el cl\u00e1sico revuelo en tiendas de materiales para los alumnos. Tan solo en la ciudad de M\u00e9xico, este s\u00e1bado por la tarde las tiendas escolares fueron escenario de largas filas, grupos enormes de padres buscando cuadernos y [&hellip;]<\/p>\n","protected":false},"author":4,"featured_media":2797,"comment_status":"open","ping_status":"open","sticky":false,"template":"","format":"standard","meta":{"_acf_changed":false,"_monsterinsights_skip_tracking":false,"slim_seo":{"title":"M\u00e9xico regresa a clases con compras de \u00faltimo momento - Opini\u00f3n P\u00fablica","description":"Como todos los a\u00f1os al inicio del ciclo escolar, la compra de \u00fatiles de \u00faltimo momento ha causado el cl\u00e1sico revuelo en tiendas de materiales para los alumnos."},"footnotes":""},"categories":[9],"tags":[],"class_list":["post-2798","post","type-post","status-publish","format-standard","has-post-thumbnail","hentry","category-nacional"],"acf":[],"_links":{"self":[{"href":"https:\/\/www.opinionpublica.tv\/portada\/wp-json\/wp\/v2\/posts\/2798","targetHints":{"allow":["GET"]}}],"collection":[{"href":"https:\/\/www.opinionpublica.tv\/portada\/wp-json\/wp\/v2\/posts"}],"about":[{"href":"https:\/\/www.opinionpublica.tv\/portada\/wp-json\/wp\/v2\/types\/post"}],"author":[{"embeddable":true,"href":"https:\/\/www.opinionpublica.tv\/portada\/wp-json\/wp\/v2\/users\/4"}],"replies":[{"embeddable":true,"href":"https:\/\/www.opinionpublica.tv\/portada\/wp-json\/wp\/v2\/comments?post=2798"}],"version-history":[{"count":0,"href":"https:\/\/www.opinionpublica.tv\/portada\/wp-json\/wp\/v2\/posts\/2798\/revisions"}],"wp:featuredmedia":[{"embeddable":true,"href":"https:\/\/www.opinionpublica.tv\/portada\/wp-json\/wp\/v2\/media\/2797"}],"wp:attachment":[{"href":"https:\/\/www.opinionpublica.tv\/portada\/wp-json\/wp\/v2\/media?parent=2798"}],"wp:term":[{"taxonomy":"category","embeddable":true,"href":"https:\/\/www.opinionpublica.tv\/portada\/wp-json\/wp\/v2\/categories?post=2798"},{"taxonomy":"post_tag","embeddable":true,"href":"https:\/\/www.opinionpublica.tv\/portada\/wp-json\/wp\/v2\/tags?post=2798"}],"curies":[{"name":"wp","href":"https:\/\/api.w.org\/{rel}","templated":true}]}}