{"id":27953,"date":"2021-10-17T06:00:00","date_gmt":"2021-10-17T04:00:00","guid":{"rendered":"https:\/\/www.opinionpublica.tv\/portada\/2021\/10\/17\/malvados-cientificos\/"},"modified":"2021-10-17T06:00:00","modified_gmt":"2021-10-17T04:00:00","slug":"malvados-cientificos","status":"publish","type":"post","link":"https:\/\/www.opinionpublica.tv\/portada\/malvados-cientificos\/","title":{"rendered":"Malvados cient\u00edficos"},"content":{"rendered":"<img fetchpriority=\"high\" decoding=\"async\" class=\" size-full wp-image-27952\" src=\"https:\/\/www.opinionpublica.tv\/portada\/wp-content\/uploads\/2021\/10\/794f66a693a30886c5eb45d2f04a8f95.jpg\" alt=\"\" class=\"caption\" title=\"Jos\u00e9 Woldenberg, acad\u00e9mico y primer presidente del IFE.\" width=\"270\" height=\"235\" \/>\n<p style=\"text-align: justify;\">En 1956, Fernando M\u00e9ndez dirigi\u00f3 la pel\u00edcula Ladr\u00f3n de cad\u00e1veres, en la cual, \u201cdetr\u00e1s de la fachada bonachona y fr\u00e1gil del vendedor de loter\u00eda don Panchito\u2026 est\u00e1 el autor intelectual de decenas de cr\u00edmenes para hacerse de cad\u00e1veres que pasan por su quir\u00f3fano\/laboratorio\u2026 El objetivo producir un ser varios pasos por delante de la inteligencia y fuerza de los humanos promedio: el h\u00edbrido monstruoso que le ayude a conquistar el mundo\u201d. (Criollo, N\u00e1var y Avi\u00f1a. \u00a1Quiero ver sangre! UNAM. Todas las citas ser\u00e1n de este cotorro libro).<\/p>\n<p><!--more--><\/p>\n<p style=\"text-align: justify;\">Se trata de un cient\u00edfico perverso, con disfraz de oveja, cuyo conocimiento y avidez de poder lo lleva no solo a cometer distintos cr\u00edmenes, sino que pretende dominar al planeta. Tres elementos se conjugan: saber, maldad y ambici\u00f3n. Pero los segundos no ser\u00edan nada sin el primero. Es el conocimiento el que lo convierte en un sujeto temible. El saber de punta, en manos solo de algunos, hace volar la imaginaci\u00f3n de lo que esos seres humanos podr\u00e1n hacer con nosotros, pobres mortales.<\/p>\n<p style=\"text-align: justify;\">Por su parte, el Santo debut\u00f3 en el cine en 1958 enfrent\u00e1ndose nada menos que a un \u201cdoctor criminal e hipnotizador\u201d: Santo contra Cerebro del Mal. No es casual que el mal se coloque en el cerebro, s\u00edmbolo tambi\u00e9n de sabidur\u00eda. Una sabidur\u00eda descarriada, al servicio de causas siniestras. Fue necesario que el enmascarado de plata le pusiera un alto, porque si no\u2026<\/p>\n<p style=\"text-align: justify;\">Explotar modelos de cient\u00edficos extraviados, abusivos y patibularios es una premisa atractiva. Desata el miedo a lo desconocido, puede dar pie a proyectos aviesos y los sabios se convierten en criaturas nefastas. Ese fen\u00f3meno lo destac\u00f3 Susan Sontag cuando escribi\u00f3 que \u201clos cient\u00edficos de las pel\u00edculas de ciencia ficci\u00f3n siempre est\u00e1n al borde del colapso nervioso o la locura\u201d. Y no solo eso, sino que \u201cla curiosidad intelectual desinteresada se presenta como una caricatura, una forma de demencia que impide las relaciones humanas normales\u201d (Moser. Sontag. Vida y obra. Anagrama).<\/p>\n<p style=\"text-align: justify;\">Nuestro cine ha sido pr\u00f3digo en ello. En pel\u00edculas de \u00ednfima calidad, con decorados baratones, trucos elementales, guiones para una edad mental de 8 a\u00f1os, mujeres guapas y luchadores implacables, los cient\u00edficos malvados han sido personajes centrales.<\/p>\n<p style=\"text-align: justify;\">As\u00ed, por ejemplo, \u201cEl doctor Y\u00e1\u00f1ez desarrolla la temible bomba de neutrones que tiene como prop\u00f3sito mantener la paz mundial, pues ning\u00fan pa\u00eds se atrever\u00e1 a guerrear ante tal peligro\u2026(Pero) el asistente Walker ve la oportunidad de adue\u00f1arse del mundo\u2026\u201d. Se trata de la pel\u00edcula Neutr\u00f3n, el enmascarado negro de 1960. La intenci\u00f3n inicial del doctor era buena, pero el mal siempre intenta apoderarse de los conocimientos sofisticados para extenderse.<\/p>\n<p style=\"text-align: justify;\">Chano Urueta en 1966 film\u00f3 Blue Demon vs los cerebros infernales. \u201cEl Doctor Kadar\u2026cuenta con tecnolog\u00eda que le permite revivir a los cad\u00e1veres, cosa que no le interesa para hacer un superhombre, sino un supercerebro\u201d. Los cerebros son una constante. Y cuando resultan h\u00edper poderosos debemos temer a su codicia y perversidad.<\/p>\n<p style=\"text-align: justify;\">Por fortuna, en Chanoc y el Hijo del Santo vs los vampiros asesinos (1993), el Santo le da la alternativa a su hijo y pronuncia estas sabias palabras: \u201cHijo m\u00edo, te he estado preparando para que ocupes mi lugar, te he ense\u00f1ado a amar a los pobres y a los desvalidos, ahora est\u00e1s listo para ayudarlos y defenderlos, para luchar por la justicia y por la ley, y sobre todo para ser el amigo del pueblo\u2026\u201d.<\/p>\n<p style=\"text-align: justify;\">\u00bfAlguien creer\u00e1 que es el Santo y los cient\u00edficos los cerebros del Mal?<\/p>\n","protected":false},"excerpt":{"rendered":"<p>En 1956, Fernando M\u00e9ndez dirigi\u00f3 la pel\u00edcula Ladr\u00f3n de cad\u00e1veres, en la cual, \u201cdetr\u00e1s de la fachada bonachona y fr\u00e1gil del vendedor de loter\u00eda don Panchito\u2026 est\u00e1 el autor intelectual de decenas de cr\u00edmenes para hacerse de cad\u00e1veres que pasan por su quir\u00f3fano\/laboratorio\u2026 El objetivo producir un ser varios pasos por delante de la inteligencia [&hellip;]<\/p>\n","protected":false},"author":6,"featured_media":27952,"comment_status":"open","ping_status":"open","sticky":false,"template":"","format":"standard","meta":{"_acf_changed":false,"_monsterinsights_skip_tracking":false,"slim_seo":{"title":"Malvados cient\u00edficos - Opini\u00f3n P\u00fablica","description":"En 1956, Fernando M\u00e9ndez dirigi\u00f3 la pel\u00edcula Ladr\u00f3n de cad\u00e1veres, en la cual, \u201cdetr\u00e1s de la fachada bonachona y fr\u00e1gil del vendedor de loter\u00eda don Panchito\u2026 est"},"footnotes":""},"categories":[26],"tags":[],"class_list":["post-27953","post","type-post","status-publish","format-standard","has-post-thumbnail","hentry","category-de-chile-dulce-y-manteca-columna-invitada"],"acf":[],"_links":{"self":[{"href":"https:\/\/www.opinionpublica.tv\/portada\/wp-json\/wp\/v2\/posts\/27953","targetHints":{"allow":["GET"]}}],"collection":[{"href":"https:\/\/www.opinionpublica.tv\/portada\/wp-json\/wp\/v2\/posts"}],"about":[{"href":"https:\/\/www.opinionpublica.tv\/portada\/wp-json\/wp\/v2\/types\/post"}],"author":[{"embeddable":true,"href":"https:\/\/www.opinionpublica.tv\/portada\/wp-json\/wp\/v2\/users\/6"}],"replies":[{"embeddable":true,"href":"https:\/\/www.opinionpublica.tv\/portada\/wp-json\/wp\/v2\/comments?post=27953"}],"version-history":[{"count":0,"href":"https:\/\/www.opinionpublica.tv\/portada\/wp-json\/wp\/v2\/posts\/27953\/revisions"}],"wp:featuredmedia":[{"embeddable":true,"href":"https:\/\/www.opinionpublica.tv\/portada\/wp-json\/wp\/v2\/media\/27952"}],"wp:attachment":[{"href":"https:\/\/www.opinionpublica.tv\/portada\/wp-json\/wp\/v2\/media?parent=27953"}],"wp:term":[{"taxonomy":"category","embeddable":true,"href":"https:\/\/www.opinionpublica.tv\/portada\/wp-json\/wp\/v2\/categories?post=27953"},{"taxonomy":"post_tag","embeddable":true,"href":"https:\/\/www.opinionpublica.tv\/portada\/wp-json\/wp\/v2\/tags?post=27953"}],"curies":[{"name":"wp","href":"https:\/\/api.w.org\/{rel}","templated":true}]}}