{"id":27927,"date":"2021-10-09T06:00:00","date_gmt":"2021-10-09T04:00:00","guid":{"rendered":"https:\/\/www.opinionpublica.tv\/portada\/2021\/10\/09\/recibe-gabriel-diaz-instalaciones-del-cde-chihuahua-del-pan\/"},"modified":"2021-10-09T06:00:00","modified_gmt":"2021-10-09T04:00:00","slug":"recibe-gabriel-diaz-instalaciones-del-cde-chihuahua-del-pan","status":"publish","type":"post","link":"https:\/\/www.opinionpublica.tv\/portada\/recibe-gabriel-diaz-instalaciones-del-cde-chihuahua-del-pan\/","title":{"rendered":"Recibe Gabriel D\u00edaz instalaciones del CDE Chihuahua del PAN"},"content":{"rendered":"<p><img fetchpriority=\"high\" decoding=\"async\" class=\" size-full wp-image-27926\" src=\"https:\/\/www.opinionpublica.tv\/portada\/wp-content\/uploads\/2021\/10\/c51e49a2fd4d1700e4c2962cf1aea19d.jpg\" alt=\"\" class=\"caption\" title=\"Gabriel D\u00edaz Negrete es uno de los hombres m\u00e1s cercanos a la gobernadora Maru Campos.\" width=\"1280\" height=\"851\" srcset=\"https:\/\/www.opinionpublica.tv\/portada\/wp-content\/uploads\/2021\/10\/c51e49a2fd4d1700e4c2962cf1aea19d.jpg 1280w, https:\/\/www.opinionpublica.tv\/portada\/wp-content\/uploads\/2021\/10\/c51e49a2fd4d1700e4c2962cf1aea19d-300x199.jpg 300w, https:\/\/www.opinionpublica.tv\/portada\/wp-content\/uploads\/2021\/10\/c51e49a2fd4d1700e4c2962cf1aea19d-1024x681.jpg 1024w, https:\/\/www.opinionpublica.tv\/portada\/wp-content\/uploads\/2021\/10\/c51e49a2fd4d1700e4c2962cf1aea19d-768x511.jpg 768w\" sizes=\"(max-width: 1280px) 100vw, 1280px\" \/><br \/>\n<!--more--><\/p>\n<p style=\"text-align: justify;\"><em>Chihuahua, Chih<\/em>.- Gabriel D\u00edaz Negrete, recibi\u00f3 de manera oficial las llaves de las instalaciones que albergan al Comit\u00e9 Directivo Estatal del PAN, en un acto protocolario donde la dirigente saliente, Roc\u00edo Reza, le entreg\u00f3 tambi\u00e9n el acceso de la documentaci\u00f3n y bienes del partido en esta entidad.<\/p>\n<p style=\"text-align: justify;\">Mediante un comunicado, el CDE del PAN inform\u00f3 que la entrega recepci\u00f3n se dio en las instalaciones oficiales en un tr\u00e1mite que calificaron como claro, transparente y amistoso.<\/p>\n<p style=\"text-align: justify;\">\u201cCon esto se da por concluido el periodo de trabajo de la presidenta Roc\u00edo Reza despu\u00e9s de lograr refrendar la gubernatura y la alcald\u00eda de la capital del estado, la mayor\u00eda en el congreso local y un n\u00famero importante de diputaciones federales\u201d, versa el comunicado.<\/p>\n<p style=\"text-align: justify;\">Adem\u00e1s se detalla que el nuevo dirigente estatal, Gabriel D\u00edaz llega con el \u00edmpetu de trabajar en unidad rumbo al 2024 creando una estructura fuerte con 67 comit\u00e9s municipales y la meta clara de m\u00e1s de 30 mil militantes para el partido que seguramente los llevar\u00e1 a refrendar los buenos gobiernos emanados de Acci\u00f3n Nacional.<\/p>\n","protected":false},"excerpt":{"rendered":"","protected":false},"author":6,"featured_media":27926,"comment_status":"open","ping_status":"open","sticky":false,"template":"","format":"standard","meta":{"_acf_changed":false,"_monsterinsights_skip_tracking":false,"slim_seo":{"title":"Recibe Gabriel D\u00edaz instalaciones del CDE Chihuahua del PAN - Opini\u00f3n P\u00fablica","description":"Chihuahua, Chih .- Gabriel D\u00edaz Negrete, recibi\u00f3 de manera oficial las llaves de las instalaciones que albergan al Comit\u00e9 Directivo Estatal del PAN, en un acto"},"footnotes":""},"categories":[4],"tags":[],"class_list":["post-27927","post","type-post","status-publish","format-standard","has-post-thumbnail","hentry","category-pulsopolitico"],"acf":[],"_links":{"self":[{"href":"https:\/\/www.opinionpublica.tv\/portada\/wp-json\/wp\/v2\/posts\/27927","targetHints":{"allow":["GET"]}}],"collection":[{"href":"https:\/\/www.opinionpublica.tv\/portada\/wp-json\/wp\/v2\/posts"}],"about":[{"href":"https:\/\/www.opinionpublica.tv\/portada\/wp-json\/wp\/v2\/types\/post"}],"author":[{"embeddable":true,"href":"https:\/\/www.opinionpublica.tv\/portada\/wp-json\/wp\/v2\/users\/6"}],"replies":[{"embeddable":true,"href":"https:\/\/www.opinionpublica.tv\/portada\/wp-json\/wp\/v2\/comments?post=27927"}],"version-history":[{"count":0,"href":"https:\/\/www.opinionpublica.tv\/portada\/wp-json\/wp\/v2\/posts\/27927\/revisions"}],"wp:featuredmedia":[{"embeddable":true,"href":"https:\/\/www.opinionpublica.tv\/portada\/wp-json\/wp\/v2\/media\/27926"}],"wp:attachment":[{"href":"https:\/\/www.opinionpublica.tv\/portada\/wp-json\/wp\/v2\/media?parent=27927"}],"wp:term":[{"taxonomy":"category","embeddable":true,"href":"https:\/\/www.opinionpublica.tv\/portada\/wp-json\/wp\/v2\/categories?post=27927"},{"taxonomy":"post_tag","embeddable":true,"href":"https:\/\/www.opinionpublica.tv\/portada\/wp-json\/wp\/v2\/tags?post=27927"}],"curies":[{"name":"wp","href":"https:\/\/api.w.org\/{rel}","templated":true}]}}