{"id":27913,"date":"2021-10-09T06:00:00","date_gmt":"2021-10-09T04:00:00","guid":{"rendered":"https:\/\/www.opinionpublica.tv\/portada\/2021\/10\/09\/con-chihuahua-no-se-mete-maru-a-amlo-con-brozo\/"},"modified":"2021-10-09T06:00:00","modified_gmt":"2021-10-09T04:00:00","slug":"con-chihuahua-no-se-mete-maru-a-amlo-con-brozo","status":"publish","type":"post","link":"https:\/\/www.opinionpublica.tv\/portada\/con-chihuahua-no-se-mete-maru-a-amlo-con-brozo\/","title":{"rendered":"\u2018Con Chihuahua no se meter\u00e1 AMLO\u2019; asegura Maru con Brozo"},"content":{"rendered":"<p><img fetchpriority=\"high\" decoding=\"async\" class=\" size-full wp-image-27912\" src=\"https:\/\/www.opinionpublica.tv\/portada\/wp-content\/uploads\/2021\/10\/b7d9cc574fa8d6ca99a9daf3bc54e4ed.jpg\" alt=\"\" class=\"caption\" title=\"Mar\u00eda Eugenia 'Maru' Campos Galv\u00e1n, gobernadora del estado de Chihuahua.\" width=\"768\" height=\"479\" srcset=\"https:\/\/www.opinionpublica.tv\/portada\/wp-content\/uploads\/2021\/10\/b7d9cc574fa8d6ca99a9daf3bc54e4ed.jpg 768w, https:\/\/www.opinionpublica.tv\/portada\/wp-content\/uploads\/2021\/10\/b7d9cc574fa8d6ca99a9daf3bc54e4ed-300x187.jpg 300w\" sizes=\"(max-width: 768px) 100vw, 768px\" \/><br \/>\n<!--more--><\/p>\n<p style=\"text-align: justify;\"><em>Ciudad de M\u00e9xico<\/em>.- En entrevista con el conductor y comediante V\u00edctor Trujillo \u201cBrozo\u201d, en el programa \u201cTeneBrozo\u201d en Latinus, la gobernadora Mar\u00eda Eugenia Campos, advirti\u00f3 que Chihuahua no ser\u00e1 un estado sumiso ante el gobierno federal, si \u00e9ste intenta \u201cmeterse con Chihuahua\u201d.<\/p>\n<p style=\"text-align: justify;\">Maru Campos afirm\u00f3 que mantendr\u00e1 el mensaje \u201cCon Chihuahua no se mete\u201d, con el presidente Andr\u00e9s Manuel L\u00f3pez Obrador, lo cual solicitar\u00e1 sin confrontaciones y respeto.<\/p>\n<p style=\"text-align: justify;\">El conductor y comediante se\u00f1al\u00f3 a la gobernadora de Chihuahua que el presidente AMLO \u201cquiere un dominio total\u201d en el que los gobernadores fueran delegados a lo cual la mandataria respondi\u00f3 \u00b4que \u201clas mujeres vamos a poner orden en el pa\u00eds y con Chihuahua no se mete, respeto por favor\u201d<\/p>\n<p style=\"text-align: justify;\">Dijo que no me confrontar\u00eda innecesariamente con nadie, creo en el di\u00e1logo para resolver los problemas pero agreg\u00f3 que ante un sistema pol\u00edtico presidencial agotado, los estados y municipios deben ser tremendamente creativos para crear condiciones de empleo y que las personas tengan un empleo bien remunerado.<\/p>\n<p style=\"text-align: justify;\">Abund\u00f3 que someterse \u201ca cuenta de te va a 100 millones de pesos, 2 mil millones de pesos \u00bfA cuenta de esa sumisi\u00f3n y estar viviendo de rodillas? \u00bfVale la pena? \u00bfT\u00fa crees que los chihuahuenses estar\u00edan de acuerdo con eso?\u201d, cuestion\u00f3.<\/p>\n<p style=\"text-align: justify;\">Agrego que no ser\u00e1 v\u00edctima de alg\u00fan intento de extorsi\u00f3n con alg\u00fan expediente debajo de la mesa, pues dijo ya lo trataron de hacer y no lo lograron \u201cHe pasado por el pantano y no me he ensuciado las alas\u201d. (OEM)<\/p>\n","protected":false},"excerpt":{"rendered":"","protected":false},"author":6,"featured_media":27912,"comment_status":"open","ping_status":"open","sticky":false,"template":"","format":"standard","meta":{"_acf_changed":false,"_monsterinsights_skip_tracking":false,"slim_seo":{"title":"\u2018Con Chihuahua no se meter\u00e1 AMLO\u2019; asegura Maru con Brozo - Opini\u00f3n P\u00fablica","description":"Ciudad de M\u00e9xico .- En entrevista con el conductor y comediante V\u00edctor Trujillo \u201cBrozo\u201d, en el programa \u201cTeneBrozo\u201d en Latinus, la gobernadora Mar\u00eda Eugenia Cam"},"footnotes":""},"categories":[4],"tags":[],"class_list":["post-27913","post","type-post","status-publish","format-standard","has-post-thumbnail","hentry","category-pulsopolitico"],"acf":[],"_links":{"self":[{"href":"https:\/\/www.opinionpublica.tv\/portada\/wp-json\/wp\/v2\/posts\/27913","targetHints":{"allow":["GET"]}}],"collection":[{"href":"https:\/\/www.opinionpublica.tv\/portada\/wp-json\/wp\/v2\/posts"}],"about":[{"href":"https:\/\/www.opinionpublica.tv\/portada\/wp-json\/wp\/v2\/types\/post"}],"author":[{"embeddable":true,"href":"https:\/\/www.opinionpublica.tv\/portada\/wp-json\/wp\/v2\/users\/6"}],"replies":[{"embeddable":true,"href":"https:\/\/www.opinionpublica.tv\/portada\/wp-json\/wp\/v2\/comments?post=27913"}],"version-history":[{"count":0,"href":"https:\/\/www.opinionpublica.tv\/portada\/wp-json\/wp\/v2\/posts\/27913\/revisions"}],"wp:featuredmedia":[{"embeddable":true,"href":"https:\/\/www.opinionpublica.tv\/portada\/wp-json\/wp\/v2\/media\/27912"}],"wp:attachment":[{"href":"https:\/\/www.opinionpublica.tv\/portada\/wp-json\/wp\/v2\/media?parent=27913"}],"wp:term":[{"taxonomy":"category","embeddable":true,"href":"https:\/\/www.opinionpublica.tv\/portada\/wp-json\/wp\/v2\/categories?post=27913"},{"taxonomy":"post_tag","embeddable":true,"href":"https:\/\/www.opinionpublica.tv\/portada\/wp-json\/wp\/v2\/tags?post=27913"}],"curies":[{"name":"wp","href":"https:\/\/api.w.org\/{rel}","templated":true}]}}