{"id":27911,"date":"2021-10-09T06:00:00","date_gmt":"2021-10-09T04:00:00","guid":{"rendered":"https:\/\/www.opinionpublica.tv\/portada\/2021\/10\/09\/adios-merida-bienvenido-bicentenario-mexico-y-eu-logran-nuevo-acuerdo-de-seguridad\/"},"modified":"2021-10-09T06:00:00","modified_gmt":"2021-10-09T04:00:00","slug":"adios-merida-bienvenido-bicentenario-mexico-y-eu-logran-nuevo-acuerdo-de-seguridad","status":"publish","type":"post","link":"https:\/\/www.opinionpublica.tv\/portada\/adios-merida-bienvenido-bicentenario-mexico-y-eu-logran-nuevo-acuerdo-de-seguridad\/","title":{"rendered":"\u201cAdi\u00f3s M\u00e9rida, bienvenido Bicentenario\u201d: M\u00e9xico y EU logran acuerdo de seguridad"},"content":{"rendered":"<img fetchpriority=\"high\" decoding=\"async\" class=\" size-full wp-image-27910\" src=\"https:\/\/www.opinionpublica.tv\/portada\/wp-content\/uploads\/2021\/10\/a5a5ad40c4896b8b6f2660d8cd1fa4a0.jpg\" alt=\"\" class=\"caption\" title=\"Ebrard enterr\u00f3 el nombre de Iniciativa M\u00e9rida para dar paso al Acuerdo Bicentenario M\u00e9xico-EU.\" width=\"512\" height=\"341\" srcset=\"https:\/\/www.opinionpublica.tv\/portada\/wp-content\/uploads\/2021\/10\/a5a5ad40c4896b8b6f2660d8cd1fa4a0.jpg 512w, https:\/\/www.opinionpublica.tv\/portada\/wp-content\/uploads\/2021\/10\/a5a5ad40c4896b8b6f2660d8cd1fa4a0-300x200.jpg 300w\" sizes=\"(max-width: 512px) 100vw, 512px\" \/>\n<p style=\"text-align: justify;\"><em>Ciudad de M\u00e9xico<\/em>.- Con la frase \u201cAdi\u00f3s M\u00e9rida, bienvenido Bicentenario\u201d, Marcelo Ebrard, secretario de Relaciones Exteriores, celebr\u00f3 el nuevo acuerdo en materia de seguridad que quedar\u00e1 este viernes con Estados Unidos.<\/p>\n<p style=\"text-align: justify;\">En el marco del Di\u00e1logo de Seguridad de Alto Nivel entre M\u00e9xico y Estados Unidos, el canciller Ebrard enterr\u00f3 por completo el nombre de Iniciativa M\u00e9rida para dar paso al Acuerdo Bicentenario M\u00e9xico-Estados Unidos para la seguridad, la salud p\u00fablica y comunidades seguras.<\/p>\n<p style=\"text-align: justify;\">Ebrard refiri\u00f3 que se llama Bicentenario porque ambos pa\u00edses llevan 200 a\u00f1os de relaciones bilaterales.<\/p>\n<p style=\"text-align: justify;\">En este momento se realiza el Di\u00e1logo de Alto Nivel en Seguridad entre M\u00e9xico y Estados Unidos, que se ha llevado a cabo con cada gobierno en turno con distintos formatos y nombres.<\/p>\n<p style=\"text-align: justify;\">Marcelo Ebrard se\u00f1al\u00f3 que este nuevo entendimiento entre M\u00e9xico y Estados Unidos debe darse en el marco del respeto mutuo y la soberan\u00eda.<\/p>\n<p style=\"text-align: justify;\">Por su lado, el secretario de Estado estadounidense, Antony Blinken, se\u00f1al\u00f3 que es tiempo de colaborar en seguridad y sobre todo distinguir prioridades.<\/p>\n<p style=\"text-align: justify;\">Advirti\u00f3 que es necesario atender temas como el consumo de drogas en Estados Unidos, as\u00ed como la violencia en M\u00e9xico.<\/p>\n<p style=\"text-align: justify;\">Ad\u00e1n Augusto L\u00f3pez, secretario de Gobernaci\u00f3n, llam\u00f3 a encontrar estrategias para construir comunidades m\u00e1s seguras.<\/p>\n<p style=\"text-align: justify;\">En la sede de la Secretar\u00eda de Relaciones Exteriores, en donde se lleva a cabo el di\u00e1logo, la secretaria de Seguridad y Protecci\u00f3n Ciudadana, Rosa Icela Rodr\u00edguez, pidi\u00f3 respeto a la soberan\u00eda y leyes de cada pa\u00eds.<\/p>\n<p style=\"text-align: justify;\">Alejandro Mayorkas, encargado de la seguridad nacional en Estados Unidos, subray\u00f3 que el nuevo acuerdo deber\u00e1 estar centrado en las causas de inseguridad.<\/p>\n<p style=\"text-align: justify;\"><em>Con informaci\u00f3n de El Universal<\/em>.<\/p>\n","protected":false},"excerpt":{"rendered":"<p>Ciudad de M\u00e9xico.- Con la frase \u201cAdi\u00f3s M\u00e9rida, bienvenido Bicentenario\u201d, Marcelo Ebrard, secretario de Relaciones Exteriores, celebr\u00f3 el nuevo acuerdo en materia de seguridad que quedar\u00e1 este viernes con Estados Unidos. En el marco del Di\u00e1logo de Seguridad de Alto Nivel entre M\u00e9xico y Estados Unidos, el canciller Ebrard enterr\u00f3 por completo el nombre de [&hellip;]<\/p>\n","protected":false},"author":6,"featured_media":27910,"comment_status":"open","ping_status":"open","sticky":false,"template":"","format":"standard","meta":{"_acf_changed":false,"_monsterinsights_skip_tracking":false,"slim_seo":{"title":"\u201cAdi\u00f3s M\u00e9rida, bienvenido Bicentenario\u201d: M\u00e9xico y EU logran acuerdo de seguridad - Opini\u00f3n P\u00fablica","description":"Ciudad de M\u00e9xico .- Con la frase \u201cAdi\u00f3s M\u00e9rida, bienvenido Bicentenario\u201d, Marcelo Ebrard, secretario de Relaciones Exteriores, celebr\u00f3 el nuevo acuerdo en mater"},"footnotes":""},"categories":[3],"tags":[],"class_list":["post-27911","post","type-post","status-publish","format-standard","has-post-thumbnail","hentry","category-principal"],"acf":[],"_links":{"self":[{"href":"https:\/\/www.opinionpublica.tv\/portada\/wp-json\/wp\/v2\/posts\/27911","targetHints":{"allow":["GET"]}}],"collection":[{"href":"https:\/\/www.opinionpublica.tv\/portada\/wp-json\/wp\/v2\/posts"}],"about":[{"href":"https:\/\/www.opinionpublica.tv\/portada\/wp-json\/wp\/v2\/types\/post"}],"author":[{"embeddable":true,"href":"https:\/\/www.opinionpublica.tv\/portada\/wp-json\/wp\/v2\/users\/6"}],"replies":[{"embeddable":true,"href":"https:\/\/www.opinionpublica.tv\/portada\/wp-json\/wp\/v2\/comments?post=27911"}],"version-history":[{"count":0,"href":"https:\/\/www.opinionpublica.tv\/portada\/wp-json\/wp\/v2\/posts\/27911\/revisions"}],"wp:featuredmedia":[{"embeddable":true,"href":"https:\/\/www.opinionpublica.tv\/portada\/wp-json\/wp\/v2\/media\/27910"}],"wp:attachment":[{"href":"https:\/\/www.opinionpublica.tv\/portada\/wp-json\/wp\/v2\/media?parent=27911"}],"wp:term":[{"taxonomy":"category","embeddable":true,"href":"https:\/\/www.opinionpublica.tv\/portada\/wp-json\/wp\/v2\/categories?post=27911"},{"taxonomy":"post_tag","embeddable":true,"href":"https:\/\/www.opinionpublica.tv\/portada\/wp-json\/wp\/v2\/tags?post=27911"}],"curies":[{"name":"wp","href":"https:\/\/api.w.org\/{rel}","templated":true}]}}