{"id":27893,"date":"2021-10-09T06:00:00","date_gmt":"2021-10-09T04:00:00","guid":{"rendered":"https:\/\/www.opinionpublica.tv\/portada\/2021\/10\/09\/efemerides-9-de-octubre-6\/"},"modified":"2021-10-09T06:00:00","modified_gmt":"2021-10-09T04:00:00","slug":"efemerides-9-de-octubre-6","status":"publish","type":"post","link":"https:\/\/www.opinionpublica.tv\/portada\/efemerides-9-de-octubre-6\/","title":{"rendered":"Efem\u00e9rides 9 de octubre"},"content":{"rendered":"<img fetchpriority=\"high\" decoding=\"async\" class=\" size-full wp-image-27892\" src=\"https:\/\/www.opinionpublica.tv\/portada\/wp-content\/uploads\/2021\/10\/2cdee7dbda8c8c10c60df8c66d2d4a04.jpg\" alt=\"\" class=\"caption\" title=\"El guerrillero argentino Ernesto 'Che' Guevara es un \u00edcono de la izquierda en Am\u00e9rica.\" width=\"720\" height=\"404\" srcset=\"https:\/\/www.opinionpublica.tv\/portada\/wp-content\/uploads\/2021\/10\/2cdee7dbda8c8c10c60df8c66d2d4a04.jpg 720w, https:\/\/www.opinionpublica.tv\/portada\/wp-content\/uploads\/2021\/10\/2cdee7dbda8c8c10c60df8c66d2d4a04-300x168.jpg 300w\" sizes=\"(max-width: 720px) 100vw, 720px\" \/>\n<p style=\"text-align: justify;\">Un d\u00eda 9 de octubre como hoy, pero de 1967, Ernesto \u00abChe\u00bb Guevara muere a manos de militares bolivianos. El guerrillero hab\u00eda sido herido en combate y hecho prisionero el d\u00eda anterior.<\/p>\n<p><!--more--><\/p>\n<p style=\"text-align: justify;\"><strong>M\u00e1s efem\u00e9rides<\/strong><\/p>\n<p style=\"text-align: justify;\">1547.- Miguel de Cervantes es bautizado en Alcal\u00e1 de Henares.<\/p>\n<p style=\"text-align: justify;\">1776.- Dos franciscanos establecen una misi\u00f3n para indios, primera colonizaci\u00f3n en el actual emplazamiento de la ciudad de San Francisco, en California.<\/p>\n<p style=\"text-align: justify;\">1820.- Los ecuatorianos suscriben en Guayaquil el Acta de Independencia de su pa\u00eds.<\/p>\n<p style=\"text-align: justify;\">1835.- Nace Charles Camille Saint-Saens, compositor franc\u00e9s.<\/p>\n<p style=\"text-align: justify;\">1841.- El general argentino Juan Lavalle es asesinado por los partidarios del tirano Juan Manuel de Rosas.<\/p>\n<p style=\"text-align: justify;\">1852.- Nace Emil Hermann Fischer, qu\u00edmico alem\u00e1n.<\/p>\n<p style=\"text-align: justify;\">1908.- Nace Jacques Tati, cineasta franc\u00e9s.<\/p>\n<p style=\"text-align: justify;\">1913.- Comienza la guerra entre Turqu\u00eda y los Estados Balc\u00e1nicos (Bulgaria, Grecia, Montenegro y Serbia).<\/p>\n<p style=\"text-align: justify;\">1915.- Las tropas alemanas y austr\u00edacas toman Belgrado.<\/p>\n<p style=\"text-align: justify;\">1918.- Nace Ram\u00f3n Vald\u00e9s Amaro, \u00abBebo Vald\u00e9s\u00bb, m\u00fasico cubano.<\/p>\n<p style=\"text-align: justify;\">1922.- Nace Olga Guillot, cantante cubana.<\/p>\n<p style=\"text-align: justify;\">1934.- Es asesinado en Marsella el rey Alejandro I de Yugoslavia, mientras se encontraba en un viaje oficial por Francia.<\/p>\n<p style=\"text-align: justify;\">1934.- Nace Jacobo Majluta Azar, dominicano, fundador y presidente del Partido Revolucionario Independiente (PRI).<\/p>\n<p style=\"text-align: justify;\">1940.- Nace John Lennon, cantante de The Beatles.<\/p>\n<p style=\"text-align: justify;\">1941.- Golpe de Estado incruento en Panam\u00e1. Asume el poder, Ricardo Adolfo de la Guardia.<\/p>\n<p style=\"text-align: justify;\">1957.- El presidente de estados Unidos, Dwight Eisenhower, promulga una nueva ley sobre los derechos civiles de la poblaci\u00f3n negra estadounidense.<\/p>\n<p style=\"text-align: justify;\">1958.- Muere Eugenio Pacelli, italiano, P\u00edo XII.<\/p>\n<p style=\"text-align: justify;\">1961.- Ilegalizado el Partido Comunista en Estados Unidos.<\/p>\n<p style=\"text-align: justify;\">1963.- El tif\u00f3n Flora, que azota Cuba y Hait\u00ed durante tres d\u00edas, causa m\u00e1s de 6.000 muertos.<\/p>\n<p style=\"text-align: justify;\">1964.- Nace Guillermo del Toro, director de cine mexicano.<\/p>\n<p style=\"text-align: justify;\">1966.- Nace David Camer\u00f3n, primer ministro y l\u00edder del Partido Conservador brit\u00e1nico.<\/p>\n<p style=\"text-align: justify;\">1999.- Muere Joao Cabral de Mello, poeta brasile\u00f1o.<\/p>\n<p style=\"text-align: justify;\">1999.- Fallece Morris West, escritor australiano, que firmaba como Michel East y Juiliam Morris.<\/p>\n<p style=\"text-align: justify;\">2001.- Macedonia decreta la amnist\u00eda a la guerrilla albanesa, que accedi\u00f3 a entregar sus armas a la OTAN.<\/p>\n<p style=\"text-align: justify;\">2002.- La Comisi\u00f3n Europea pone en marcha la Europa de los 25 miembros.<\/p>\n<p style=\"text-align: justify;\">2004.- Afganist\u00e1n celebra sus primeras elecciones desde la ca\u00edda del r\u00e9gimen talib\u00e1n. El jefe del gobierno interino Hamid Karzai se proclama vencedor.<\/p>\n<p style=\"text-align: justify;\">2004.- Fallece Jacques Derrida, fil\u00f3sofo franc\u00e9s.<\/p>\n<p style=\"text-align: justify;\">2005.- Un alud de lodo causado por la tormenta \u00abStan\u00bb deja m\u00e1s de 600 muertos y 3 mil desaparecidos en las aldeas ind\u00edgenas del lago Atitl\u00e1n en Guatemala.<\/p>\n<p style=\"text-align: justify;\">2006.- Corea del Norte anuncia que ha efectuado con \u00e9xito una prueba nuclear, que es rechazada por la Comunidad internacional.<\/p>\n<p style=\"text-align: justify;\">2006.- El Consejo de Seguridad designa al surcoreano, Ban Ki-Moon, secretario general de la ONU.<\/p>\n<p style=\"text-align: justify;\">2006.- Muere Kanshi Ram, l\u00edder de los intocables de la India.<\/p>\n<p style=\"text-align: justify;\">2008.- Mueren catorce personas en un atentado de Sendero Luminoso contra un convoy de camiones que transportaba a militares y civiles en el departamento de Huancavelica (Per\u00fa).<\/p>\n<p style=\"text-align: justify;\">2009.- El presidente de Estados Unidos, Barack Obama, premio Nobel de la Paz.<\/p>\n<p style=\"text-align: justify;\">2009.- Fallece Arturo \u00abZambo\u00bb Cavero, cantante de m\u00fasica criolla peruano.<\/p>\n<p style=\"text-align: justify;\">2010.- La cooperante brit\u00e1nica Linda Norgrove, secuestrada en Afganist\u00e1n, muere a manos de sus captores, durante una operaci\u00f3n militar para rescatarla.<\/p>\n<p style=\"text-align: justify;\">2011.- Alemania y Francia acuerdan recapitalizar la banca europea.<\/p>\n<p style=\"text-align: justify;\">2012.- La joven activista paquistan\u00ed Malala Yusufzai, que denunci\u00f3 el r\u00e9gimen del terror impuesto por los talibanes en su regi\u00f3n, resulta herida tras ser tiroteada.<\/p>\n","protected":false},"excerpt":{"rendered":"<p>Un d\u00eda 9 de octubre como hoy, pero de 1967, Ernesto \u00abChe\u00bb Guevara muere a manos de militares bolivianos. El guerrillero hab\u00eda sido herido en combate y hecho prisionero el d\u00eda anterior.<\/p>\n","protected":false},"author":6,"featured_media":27892,"comment_status":"open","ping_status":"open","sticky":false,"template":"","format":"standard","meta":{"_acf_changed":false,"_monsterinsights_skip_tracking":false,"slim_seo":{"title":"Efem\u00e9rides 9 de octubre - Opini\u00f3n P\u00fablica","description":"Un d\u00eda 9 de octubre como hoy, pero de 1967, Ernesto \"Che\" Guevara muere a manos de militares bolivianos. El guerrillero hab\u00eda sido herido en combate y hecho pri"},"footnotes":""},"categories":[27],"tags":[],"class_list":["post-27893","post","type-post","status-publish","format-standard","has-post-thumbnail","hentry","category-un-dia-como-hoy"],"acf":[],"_links":{"self":[{"href":"https:\/\/www.opinionpublica.tv\/portada\/wp-json\/wp\/v2\/posts\/27893","targetHints":{"allow":["GET"]}}],"collection":[{"href":"https:\/\/www.opinionpublica.tv\/portada\/wp-json\/wp\/v2\/posts"}],"about":[{"href":"https:\/\/www.opinionpublica.tv\/portada\/wp-json\/wp\/v2\/types\/post"}],"author":[{"embeddable":true,"href":"https:\/\/www.opinionpublica.tv\/portada\/wp-json\/wp\/v2\/users\/6"}],"replies":[{"embeddable":true,"href":"https:\/\/www.opinionpublica.tv\/portada\/wp-json\/wp\/v2\/comments?post=27893"}],"version-history":[{"count":0,"href":"https:\/\/www.opinionpublica.tv\/portada\/wp-json\/wp\/v2\/posts\/27893\/revisions"}],"wp:featuredmedia":[{"embeddable":true,"href":"https:\/\/www.opinionpublica.tv\/portada\/wp-json\/wp\/v2\/media\/27892"}],"wp:attachment":[{"href":"https:\/\/www.opinionpublica.tv\/portada\/wp-json\/wp\/v2\/media?parent=27893"}],"wp:term":[{"taxonomy":"category","embeddable":true,"href":"https:\/\/www.opinionpublica.tv\/portada\/wp-json\/wp\/v2\/categories?post=27893"},{"taxonomy":"post_tag","embeddable":true,"href":"https:\/\/www.opinionpublica.tv\/portada\/wp-json\/wp\/v2\/tags?post=27893"}],"curies":[{"name":"wp","href":"https:\/\/api.w.org\/{rel}","templated":true}]}}