{"id":27749,"date":"2021-09-21T06:00:00","date_gmt":"2021-09-21T04:00:00","guid":{"rendered":"https:\/\/www.opinionpublica.tv\/portada\/2021\/09\/21\/ratifica-congreso-al-nuevo-fiscal-general-del-estado\/"},"modified":"2021-09-21T06:00:00","modified_gmt":"2021-09-21T04:00:00","slug":"ratifica-congreso-al-nuevo-fiscal-general-del-estado","status":"publish","type":"post","link":"https:\/\/www.opinionpublica.tv\/portada\/ratifica-congreso-al-nuevo-fiscal-general-del-estado\/","title":{"rendered":"Ratifica Congreso al nuevo fiscal general del Estado de Chihuahua"},"content":{"rendered":"<p><img fetchpriority=\"high\" decoding=\"async\" class=\" size-full wp-image-27748\" src=\"https:\/\/www.opinionpublica.tv\/portada\/wp-content\/uploads\/2021\/09\/37fe14933ade6ed2bafb74315d664d8b.jpg\" alt=\"\" class=\"caption\" title=\"El fiscal Roberto Javier Fierro y la secretaria de Control Interno, Ma de los \u00c1ngeles \u00c1lvarez.\" width=\"2048\" height=\"1365\" srcset=\"https:\/\/www.opinionpublica.tv\/portada\/wp-content\/uploads\/2021\/09\/37fe14933ade6ed2bafb74315d664d8b.jpg 2048w, https:\/\/www.opinionpublica.tv\/portada\/wp-content\/uploads\/2021\/09\/37fe14933ade6ed2bafb74315d664d8b-300x200.jpg 300w, https:\/\/www.opinionpublica.tv\/portada\/wp-content\/uploads\/2021\/09\/37fe14933ade6ed2bafb74315d664d8b-1024x683.jpg 1024w, https:\/\/www.opinionpublica.tv\/portada\/wp-content\/uploads\/2021\/09\/37fe14933ade6ed2bafb74315d664d8b-768x512.jpg 768w, https:\/\/www.opinionpublica.tv\/portada\/wp-content\/uploads\/2021\/09\/37fe14933ade6ed2bafb74315d664d8b-1536x1024.jpg 1536w\" sizes=\"(max-width: 2048px) 100vw, 2048px\" \/><br \/>\n<!--more--><\/p>\n<p style=\"text-align: justify;\"><em>Chihuahua, Chih<\/em>.- Constituidos en Colegio Electoral y mediante votaci\u00f3n por c\u00e9dula, el Congreso de Chihuahua, eligi\u00f3 con al menos el voto de las dos terceras partes de las y los legisladores presentes, a las personas titulares de la Fiscal\u00eda General del Estado, Roberto Javier Fierro Duarte y de la Secretaria responsable del Control Interno del Ejecutivo, Mar\u00eda de los \u00c1ngeles \u00c1lvarez Hurtado.<\/p>\n<p style=\"text-align: justify;\">El acuerdo emanado de la Junta de Coordinaci\u00f3n Pol\u00edtica (JUCOPO) mediante el cual se daban por satisfechos los requisitos de elegibilidad constitucionales de las personas a ocupar los cargos referidos, fue presentado al Pleno Legislativo por la diputada Adriana Terrazas Porras, quien se\u00f1al\u00f3 como antecedente que las personas mencionadas acudieron ante las y los integrantes de dicho \u00f3rgano colegiado, a fin de comparecer.<\/p>\n<p style=\"text-align: justify;\">En este sentido se se\u00f1al\u00f3 que Roberto Javier Fierro Duarte es ciudadano mexicano, originario de Torre\u00f3n, naci\u00f3 en el a\u00f1o de 1970 y cuenta con T\u00edtulo profesional de Licenciado en Derecho expedido por el ITESM, campus Chihuahua, y cuenta con m\u00e1s de cinco a\u00f1os en el ejercicio profesional.<\/p>\n<p style=\"text-align: justify;\">Por lo que respecta a la ahora titular de la Secretar\u00eda responsable del Control Interno del Ejecutivo, antes Funci\u00f3n P\u00fablica, se manifest\u00f3 que la ciudadana Mar\u00eda de los \u00c1ngeles \u00c1lvarez Hurtado, no ha sido candidata de elecci\u00f3n popular y no ha sido dirigente de partido pol\u00edtico alguno, con lo que da cumplimiento a los requisitos necesarios para el desempe\u00f1o del cargo referido.<\/p>\n<p style=\"text-align: justify;\">De esta manera, la JUCOPO, aport\u00f3 los elementos necesarios respecto de la elegibilidad de las personas mencionadas, para que el Pleno Legislativo contara con los elementos necesarios para la aprobaci\u00f3n de los nombramientos multicitados.<\/p>\n<p style=\"text-align: justify;\">Por \u00faltimo la diputada Terrazas Porras agreg\u00f3 que tal y como se establece en la Constituci\u00f3n Pol\u00edtica del Estado, la gobernadora Constitucional de Chihuahua, Mar\u00eda Eugenia Campos Galv\u00e1n, tuvo a bien enviar al Legislativo estatal, los nombramientos de quienes podr\u00edan ocupar la titularidad de la Fiscal\u00eda General del Estado y la Secretaria responsable del Control Interno del Ejecutivo, conocida como Secretar\u00eda de la Funci\u00f3n P\u00fablica, para la aprobaci\u00f3n correspondiente.<\/p>\n","protected":false},"excerpt":{"rendered":"","protected":false},"author":6,"featured_media":27748,"comment_status":"open","ping_status":"open","sticky":false,"template":"","format":"standard","meta":{"_acf_changed":false,"_monsterinsights_skip_tracking":false,"slim_seo":{"title":"Ratifica Congreso al nuevo fiscal general del Estado de Chihuahua - Opini\u00f3n P\u00fablica","description":"Chihuahua, Chih .- Constituidos en Colegio Electoral y mediante votaci\u00f3n por c\u00e9dula, el Congreso de Chihuahua, eligi\u00f3 con al menos el voto de las dos terceras p"},"footnotes":""},"categories":[4],"tags":[],"class_list":["post-27749","post","type-post","status-publish","format-standard","has-post-thumbnail","hentry","category-pulsopolitico"],"acf":[],"_links":{"self":[{"href":"https:\/\/www.opinionpublica.tv\/portada\/wp-json\/wp\/v2\/posts\/27749","targetHints":{"allow":["GET"]}}],"collection":[{"href":"https:\/\/www.opinionpublica.tv\/portada\/wp-json\/wp\/v2\/posts"}],"about":[{"href":"https:\/\/www.opinionpublica.tv\/portada\/wp-json\/wp\/v2\/types\/post"}],"author":[{"embeddable":true,"href":"https:\/\/www.opinionpublica.tv\/portada\/wp-json\/wp\/v2\/users\/6"}],"replies":[{"embeddable":true,"href":"https:\/\/www.opinionpublica.tv\/portada\/wp-json\/wp\/v2\/comments?post=27749"}],"version-history":[{"count":0,"href":"https:\/\/www.opinionpublica.tv\/portada\/wp-json\/wp\/v2\/posts\/27749\/revisions"}],"wp:featuredmedia":[{"embeddable":true,"href":"https:\/\/www.opinionpublica.tv\/portada\/wp-json\/wp\/v2\/media\/27748"}],"wp:attachment":[{"href":"https:\/\/www.opinionpublica.tv\/portada\/wp-json\/wp\/v2\/media?parent=27749"}],"wp:term":[{"taxonomy":"category","embeddable":true,"href":"https:\/\/www.opinionpublica.tv\/portada\/wp-json\/wp\/v2\/categories?post=27749"},{"taxonomy":"post_tag","embeddable":true,"href":"https:\/\/www.opinionpublica.tv\/portada\/wp-json\/wp\/v2\/tags?post=27749"}],"curies":[{"name":"wp","href":"https:\/\/api.w.org\/{rel}","templated":true}]}}