{"id":27744,"date":"2021-09-21T06:00:00","date_gmt":"2021-09-21T04:00:00","guid":{"rendered":"https:\/\/www.opinionpublica.tv\/portada\/2021\/09\/21\/se-reune-maru-campos-con-los-67-alcaldes-de-la-entidad\/"},"modified":"2021-09-21T06:00:00","modified_gmt":"2021-09-21T04:00:00","slug":"se-reune-maru-campos-con-los-67-alcaldes-de-la-entidad","status":"publish","type":"post","link":"https:\/\/www.opinionpublica.tv\/portada\/se-reune-maru-campos-con-los-67-alcaldes-de-la-entidad\/","title":{"rendered":"Se re\u00fane Maru Campos con todos los alcaldes de la entidad"},"content":{"rendered":"<p><img fetchpriority=\"high\" decoding=\"async\" class=\" size-full wp-image-27743\" src=\"https:\/\/www.opinionpublica.tv\/portada\/wp-content\/uploads\/2021\/09\/e8b3d1b994162caa07541bcc7a97b9b5.jpg\" alt=\"\" class=\"caption\" title=\"La gobernadora Maru Campos y los 67 alcaldes del estado de Chihuahua.\" width=\"1600\" height=\"1200\" srcset=\"https:\/\/www.opinionpublica.tv\/portada\/wp-content\/uploads\/2021\/09\/e8b3d1b994162caa07541bcc7a97b9b5.jpg 1600w, https:\/\/www.opinionpublica.tv\/portada\/wp-content\/uploads\/2021\/09\/e8b3d1b994162caa07541bcc7a97b9b5-300x225.jpg 300w, https:\/\/www.opinionpublica.tv\/portada\/wp-content\/uploads\/2021\/09\/e8b3d1b994162caa07541bcc7a97b9b5-1024x768.jpg 1024w, https:\/\/www.opinionpublica.tv\/portada\/wp-content\/uploads\/2021\/09\/e8b3d1b994162caa07541bcc7a97b9b5-768x576.jpg 768w, https:\/\/www.opinionpublica.tv\/portada\/wp-content\/uploads\/2021\/09\/e8b3d1b994162caa07541bcc7a97b9b5-1536x1152.jpg 1536w\" sizes=\"(max-width: 1600px) 100vw, 1600px\" \/><br \/>\n<!--more--><\/p>\n<p style=\"text-align: justify;\"><em>Chihuahua, Chih<\/em>.- La gobernadora del Estado, Maru Campos Galv\u00e1n, en compa\u00f1\u00eda de su gabinete, se reuni\u00f3 este martes con los 67 alcaldes de los municipios, donde se comprometi\u00f3 al di\u00e1logo permanente y la colaboraci\u00f3n mutua.\u00a0<\/p>\n<p style=\"text-align: justify;\">Previo a su mensaje, el secretario de Gabinete, Luis Serrato, coment\u00f3 a los alcaldes que, la tarea desde hoy ser\u00e1 tener un puente de comunicaci\u00f3n, orientada a manejar \u00a0loa tranquilidad de sus municipios.<\/p>\n<p style=\"text-align: justify;\">Luis Serrato nombr\u00f3 a Jorge Soto Prieto como coordinador de Desarrollo Municipal, quien mantendr\u00e1 contacto directo con los presidentes municipales.<\/p>\n<p style=\"text-align: justify;\">\u201cEs momento de trabajar coordinados, unidos y en comunicaci\u00f3n constante\u201d, indic\u00f3.<\/p>\n<p style=\"text-align: justify;\">Por su parte, Maru Campos, habl\u00f3 de frente con los alcaldes y se comprometi\u00f3 a atender las necesidades y capacitar a sus municipios, tanto en infraestructura, finanzas, seguridad y proyectos de impacto.<\/p>\n<p style=\"text-align: justify;\">\u201cSeamos muy creativos y muy innovadores\u2026 Cuentan con una servidora, cuentan conmigo [\u2026] Quiero pedirles paciencia para el tema financiero\u2026 necesitamos coordinarnos con nuestra secretaria de desarrollo social y rural, porque hay logros que podemos hacer sin necesitar mucho recurso\u201d, coment\u00f3 la gobernadora.<\/p>\n<p style=\"text-align: justify;\">Luego de concluir el evento, los alcaldes y las autoridades estatales se tomaron la fotograf\u00eda del recuerdo frente al Palacio.<\/p>\n","protected":false},"excerpt":{"rendered":"","protected":false},"author":6,"featured_media":27743,"comment_status":"open","ping_status":"open","sticky":false,"template":"","format":"standard","meta":{"_acf_changed":false,"_monsterinsights_skip_tracking":false,"slim_seo":{"title":"Se re\u00fane Maru Campos con todos los alcaldes de la entidad - Opini\u00f3n P\u00fablica","description":"Chihuahua, Chih .- La gobernadora del Estado, Maru Campos Galv\u00e1n, en compa\u00f1\u00eda de su gabinete, se reuni\u00f3 este martes con los 67 alcaldes de los municipios, donde"},"footnotes":""},"categories":[4],"tags":[],"class_list":["post-27744","post","type-post","status-publish","format-standard","has-post-thumbnail","hentry","category-pulsopolitico"],"acf":[],"_links":{"self":[{"href":"https:\/\/www.opinionpublica.tv\/portada\/wp-json\/wp\/v2\/posts\/27744","targetHints":{"allow":["GET"]}}],"collection":[{"href":"https:\/\/www.opinionpublica.tv\/portada\/wp-json\/wp\/v2\/posts"}],"about":[{"href":"https:\/\/www.opinionpublica.tv\/portada\/wp-json\/wp\/v2\/types\/post"}],"author":[{"embeddable":true,"href":"https:\/\/www.opinionpublica.tv\/portada\/wp-json\/wp\/v2\/users\/6"}],"replies":[{"embeddable":true,"href":"https:\/\/www.opinionpublica.tv\/portada\/wp-json\/wp\/v2\/comments?post=27744"}],"version-history":[{"count":0,"href":"https:\/\/www.opinionpublica.tv\/portada\/wp-json\/wp\/v2\/posts\/27744\/revisions"}],"wp:featuredmedia":[{"embeddable":true,"href":"https:\/\/www.opinionpublica.tv\/portada\/wp-json\/wp\/v2\/media\/27743"}],"wp:attachment":[{"href":"https:\/\/www.opinionpublica.tv\/portada\/wp-json\/wp\/v2\/media?parent=27744"}],"wp:term":[{"taxonomy":"category","embeddable":true,"href":"https:\/\/www.opinionpublica.tv\/portada\/wp-json\/wp\/v2\/categories?post=27744"},{"taxonomy":"post_tag","embeddable":true,"href":"https:\/\/www.opinionpublica.tv\/portada\/wp-json\/wp\/v2\/tags?post=27744"}],"curies":[{"name":"wp","href":"https:\/\/api.w.org\/{rel}","templated":true}]}}