{"id":27736,"date":"2021-09-21T06:00:00","date_gmt":"2021-09-21T04:00:00","guid":{"rendered":"https:\/\/www.opinionpublica.tv\/portada\/2021\/09\/21\/efemerides-21-de-septiembre-3\/"},"modified":"2021-09-21T06:00:00","modified_gmt":"2021-09-21T04:00:00","slug":"efemerides-21-de-septiembre-3","status":"publish","type":"post","link":"https:\/\/www.opinionpublica.tv\/portada\/efemerides-21-de-septiembre-3\/","title":{"rendered":"Efem\u00e9rides 21 de septiembre"},"content":{"rendered":"<img fetchpriority=\"high\" decoding=\"async\" class=\" size-full wp-image-27735\" src=\"https:\/\/www.opinionpublica.tv\/portada\/wp-content\/uploads\/2021\/09\/5c19a9321c48f76feb5640482fa73282.jpg\" alt=\"\" class=\"caption\" title=\"La Universidad Nacional Aut\u00f3noma de M\u00e9xico fue fundada en 1551.\" width=\"500\" height=\"342\" srcset=\"https:\/\/www.opinionpublica.tv\/portada\/wp-content\/uploads\/2021\/09\/5c19a9321c48f76feb5640482fa73282.jpg 500w, https:\/\/www.opinionpublica.tv\/portada\/wp-content\/uploads\/2021\/09\/5c19a9321c48f76feb5640482fa73282-300x205.jpg 300w\" sizes=\"(max-width: 500px) 100vw, 500px\" \/>\n<p style=\"text-align: justify;\">Un d\u00eda 21 de septiembre como hoy, pero de 1551, el rey Carlos I de Espa\u00f1a ordenaba la fundaci\u00f3n de la Universidad de M\u00e9xico, origen de la actual Universidad Nacional Aut\u00f3noma de M\u00e9xico (UNAM), la m\u00e1s grande del pa\u00eds y una de las de mayor reputaci\u00f3n de Am\u00e9rica Latina.<\/p>\n<p><!--more--><\/p>\n<p style=\"text-align: justify;\"><strong>M\u00e1s efem\u00e9rides<\/strong><\/p>\n<p style=\"text-align: justify;\">1558.- Carlos I, rey de Espa\u00f1a y emperador de Alemania.<\/p>\n<p style=\"text-align: justify;\">1792.- La Convenci\u00f3n declara la Revoluci\u00f3n Francesa y la abolici\u00f3n de la monarqu\u00eda.<\/p>\n<p style=\"text-align: justify;\">1799.- El ingeniero y qu\u00edmico franc\u00e9s Felipe Lebon patenta su invento de aplicaci\u00f3n del gas para el alumbrado.<\/p>\n<p style=\"text-align: justify;\">1808.- Se crea en Montevideo la llamada Junta del a\u00f1o VIII, primera se\u00f1al de sublevaci\u00f3n de las colonias americanas contra Espa\u00f1a.<\/p>\n<p style=\"text-align: justify;\">1821.- La guarnici\u00f3n espa\u00f1ola de El Callao se rinde a los patriotas peruanos.<\/p>\n<p style=\"text-align: justify;\">1832.- Muere Walter Scott, escritor brit\u00e1nico, y Jos\u00e9 F\u00e9lix Restrepo, jurisconsulto colombiano.<\/p>\n<p style=\"text-align: justify;\">1843.- La goleta \u00abAncud\u00bb iza en el puerto del Hambre la bandera chilena y toma posesi\u00f3n en nombre de su pa\u00eds del estrecho de Magallanes.<\/p>\n<p style=\"text-align: justify;\">1863.- Tratado por el que Espa\u00f1a reconoce la independencia de Argentina.<\/p>\n<p style=\"text-align: justify;\">1902.- Nace Luis Cernuda, poeta y ensayista espa\u00f1ol.<\/p>\n<p style=\"text-align: justify;\">1903.- Proyecci\u00f3n en Estados Unidos del primer \u00abwestern\u00bb, \u00abKit Carson\u00bb, de 21 minutos de duraci\u00f3n.<\/p>\n<p style=\"text-align: justify;\">1921.- Mueren 1,500 personas al explotar una f\u00e1brica de anilina en Oppau (Alemania).<\/p>\n<p style=\"text-align: justify;\">1928.- El rompehielos ruso \u00abKrassin\u00bb parte de las islas Spitzberg y llega a los 81 grados, 44&#8242;, latitud jam\u00e1s alcanzada antes por ning\u00fan buque.<\/p>\n<p style=\"text-align: justify;\">1929.- Nace H\u00e9ctor Alterio, actor espa\u00f1ol de origen argentino.<\/p>\n<p style=\"text-align: justify;\">1934.- Nace Leonard Cohen, m\u00fasico y escritor canadiense.<\/p>\n<p style=\"text-align: justify;\">1947.- El Gobierno del general Higinio Mori\u00f1igo, de Paraguay, derrota a los militares sublevados el 7 de marzo de este mismo a\u00f1o.<\/p>\n<p style=\"text-align: justify;\">1947.- Nace Stephen King, escritor estadounidense.<\/p>\n<p style=\"text-align: justify;\">1950.- Nace William James Murray, actor estadounidense.<\/p>\n<p style=\"text-align: justify;\">1956.- Resulta mortalmente herido de bala en Le\u00f3n (Nicaragua) el presidente de la Rep\u00fablica de Nicaragua, Anastasio Somoza Garc\u00eda, que muri\u00f3 ocho d\u00edas despu\u00e9s en Panam\u00e1.<\/p>\n<p style=\"text-align: justify;\">1957.- Nace Ethan Coen, director de cine estadounidense.<\/p>\n<p style=\"text-align: justify;\">1976.- El ex embajador chileno Orlando Letelier, miembro activo de la oposici\u00f3n a Pinochet, muere en Washington al estallar una bomba en su autom\u00f3vil.<\/p>\n<p style=\"text-align: justify;\">1976.- Muere Orlando Letelier, pol\u00edtico chileno.<\/p>\n<p style=\"text-align: justify;\">1992.- El Vaticano y M\u00e9xico establecen relaciones diplom\u00e1ticas, interrumpidas hac\u00eda un siglo.<\/p>\n<p style=\"text-align: justify;\">1993.- El presidente ruso, Bor\u00eds Yeltsin, disuelve el Parlamento y convoca elecciones, medidas que el Tribunal Constitucional declara ilegales. Los parlamentarios destituyen a Yeltsin.<\/p>\n<p style=\"text-align: justify;\">1993.- Primer encuentro de un Papa, Juan Pablo II, con el gran rabino jud\u00edo de Israel, en Castelgandolfo, residencia veraniega del pont\u00edfice.<\/p>\n<p style=\"text-align: justify;\">1994.- Cuarenta de los 120 pa\u00edses del OIEA firman en Viena la primera convenci\u00f3n internacional sobre seguridad nuclear.<\/p>\n<p style=\"text-align: justify;\">1997.- Elecciones generales en Polonia con la victoria de Acci\u00f3n Electoral de Solidaridad.<\/p>\n<p style=\"text-align: justify;\">1998.- Bill Clinton testifica ante el Gran Jurado estadounidense sobre sus relaciones con M\u00f3nica Lewinsky.<\/p>\n<p style=\"text-align: justify;\">1999.- Mueren m\u00e1s de 2,400 personas y otras 10,000 resultan heridas en Taiw\u00e1n a acusa de un terremoto de 7.6 grados en la escala Richter.<\/p>\n<p style=\"text-align: justify;\">2005.- Nueve muertos, entre ellos el ministro de Seguridad, Ram\u00f3n Mart\u00edn, en accidente de helic\u00f3ptero en M\u00e9xico.<\/p>\n<p style=\"text-align: justify;\">2006.- El ex asesor presidencial peruano Vladimiro Montesinos, condenado a 20 a\u00f1os de c\u00e1rcel por vender armas a las FARC colombianas.<\/p>\n<p style=\"text-align: justify;\">2007.- La Corte Suprema de Chile aprueba la extradici\u00f3n a Per\u00fa del expresidente Fujimori.<\/p>\n<p style=\"text-align: justify;\">2009.- Regresa a Honduras el depuesto presidente hondure\u00f1o Manuel Zelaya y se instala en la Embajada de Brasil.<\/p>\n<p style=\"text-align: justify;\">2011.- Grecia recorta pensiones y 30,000 funcionarios para reducir el d\u00e9ficit.<\/p>\n<p style=\"text-align: justify;\">2013.- Mueren 72 personas en un centro comercial en Nairobi (Kenia) asaltado por la milicia radical somal\u00ed Al Shabab.<\/p>\n<p style=\"text-align: justify;\">2014.- Ashraf Gani es elegido nuevo presidente de Afganist\u00e1n.<\/p>\n<p style=\"text-align: justify;\">\u00a0<\/p>\n","protected":false},"excerpt":{"rendered":"<p>Un d\u00eda 21 de septiembre como hoy, pero de 1551, el rey Carlos I de Espa\u00f1a ordenaba la fundaci\u00f3n de la Universidad de M\u00e9xico, origen de la actual Universidad Nacional Aut\u00f3noma de M\u00e9xico (UNAM), la m\u00e1s grande del pa\u00eds y una de las de mayor reputaci\u00f3n de Am\u00e9rica Latina.<\/p>\n","protected":false},"author":6,"featured_media":27735,"comment_status":"open","ping_status":"open","sticky":false,"template":"","format":"standard","meta":{"_acf_changed":false,"_monsterinsights_skip_tracking":false,"slim_seo":{"title":"Efem\u00e9rides 21 de septiembre - Opini\u00f3n P\u00fablica","description":"Un d\u00eda 21 de septiembre como hoy, pero de 1551, el rey Carlos I de Espa\u00f1a ordenaba la fundaci\u00f3n de la Universidad de M\u00e9xico, origen de la actual Universidad Nac"},"footnotes":""},"categories":[27],"tags":[],"class_list":["post-27736","post","type-post","status-publish","format-standard","has-post-thumbnail","hentry","category-un-dia-como-hoy"],"acf":[],"_links":{"self":[{"href":"https:\/\/www.opinionpublica.tv\/portada\/wp-json\/wp\/v2\/posts\/27736","targetHints":{"allow":["GET"]}}],"collection":[{"href":"https:\/\/www.opinionpublica.tv\/portada\/wp-json\/wp\/v2\/posts"}],"about":[{"href":"https:\/\/www.opinionpublica.tv\/portada\/wp-json\/wp\/v2\/types\/post"}],"author":[{"embeddable":true,"href":"https:\/\/www.opinionpublica.tv\/portada\/wp-json\/wp\/v2\/users\/6"}],"replies":[{"embeddable":true,"href":"https:\/\/www.opinionpublica.tv\/portada\/wp-json\/wp\/v2\/comments?post=27736"}],"version-history":[{"count":0,"href":"https:\/\/www.opinionpublica.tv\/portada\/wp-json\/wp\/v2\/posts\/27736\/revisions"}],"wp:featuredmedia":[{"embeddable":true,"href":"https:\/\/www.opinionpublica.tv\/portada\/wp-json\/wp\/v2\/media\/27735"}],"wp:attachment":[{"href":"https:\/\/www.opinionpublica.tv\/portada\/wp-json\/wp\/v2\/media?parent=27736"}],"wp:term":[{"taxonomy":"category","embeddable":true,"href":"https:\/\/www.opinionpublica.tv\/portada\/wp-json\/wp\/v2\/categories?post=27736"},{"taxonomy":"post_tag","embeddable":true,"href":"https:\/\/www.opinionpublica.tv\/portada\/wp-json\/wp\/v2\/tags?post=27736"}],"curies":[{"name":"wp","href":"https:\/\/api.w.org\/{rel}","templated":true}]}}