{"id":27734,"date":"2021-09-21T06:00:00","date_gmt":"2021-09-21T04:00:00","guid":{"rendered":"https:\/\/www.opinionpublica.tv\/portada\/2021\/09\/21\/el-fracaso-de-la-celac\/"},"modified":"2021-09-21T06:00:00","modified_gmt":"2021-09-21T04:00:00","slug":"el-fracaso-de-la-celac","status":"publish","type":"post","link":"https:\/\/www.opinionpublica.tv\/portada\/el-fracaso-de-la-celac\/","title":{"rendered":"El fracaso de la CELAC"},"content":{"rendered":"<img fetchpriority=\"high\" decoding=\"async\" class=\" size-full wp-image-27733\" src=\"https:\/\/www.opinionpublica.tv\/portada\/wp-content\/uploads\/2021\/09\/45df5b58e97dcaa256914fa047955b85.jpg\" alt=\"\" class=\"caption\" title=\"Jorge G. Casta\u00f1eda.\" width=\"225\" height=\"225\" srcset=\"https:\/\/www.opinionpublica.tv\/portada\/wp-content\/uploads\/2021\/09\/45df5b58e97dcaa256914fa047955b85.jpg 225w, https:\/\/www.opinionpublica.tv\/portada\/wp-content\/uploads\/2021\/09\/45df5b58e97dcaa256914fa047955b85-150x150.jpg 150w\" sizes=\"(max-width: 225px) 100vw, 225px\" \/>\n<p style=\"text-align: justify;\">No tiene mucho sentido repetir lo que muchos han dicho. La \u201ccumbre\u201d de la CELAC fue un fracaso rotundo por la falta de convocatoria, por la incapacidad de los pa\u00edses bolivarianos como M\u00e9xico, Venezuela, Nicaragua, Bolivia, y en menor medida Argentina, de siquiera formular una propuesta disque de alternativa a la OEA, o de remover a su actual secretario general, Luis Almagro, y por la necesidad de patear para adelante la transmisi\u00f3n de la presidencia a otro pa\u00eds, en principio a Argentina. Esa es una realidad que no tiene sentido soslayar, simplemente era m\u00e1s que predecible.<\/p>\n<p><!--more--><\/p>\n<p style=\"text-align: justify;\">Sorprende que columnistas normalmente bien enterados, como Salvador Garc\u00eda Soto, hayan cre\u00eddo en las filtraciones de la Canciller\u00eda sobre la nueva OEA o la salida de M\u00e9xico y varios pa\u00edses de la OEA actual, sobre todo cuando se sabe que se necesita avisar con dos a\u00f1os de anticipaci\u00f3n para efectuar cualquier tipo de retiro.<\/p>\n<p style=\"text-align: justify;\">As\u00ed mismo, extra\u00f1a que j\u00f3venes normalmente perspicaces y bien informados, como los de <em>La Pol\u00edtica Online<\/em>, tambi\u00e9n se hayan tragado la filtraci\u00f3n sobre la remoci\u00f3n de Almagro; nunca iba a suceder algo as\u00ed, si es que alguna vez los bolivarianos pensaban hacerlo. Tambi\u00e9n es digno de notarse la manera en que otros comentaristas normalmente avezados y sensatos se han ido con la finta \u2014rid\u00edcula\u2014 de la propuesta de L\u00f3pez Obrador de crear una uni\u00f3n americana con Estados Unidos y Canad\u00e1 parecida a la Uni\u00f3n Europea.<\/p>\n<p style=\"text-align: justify;\">Eso ya sucedi\u00f3: se trata de la llamada Asociaci\u00f3n de Libre Comercio de las Am\u00e9ricas, ALCA, propuesta por Bill Clinton en 1994, retomada por George W. Bush en 2001 y que fue saboteada y destruida en 2005 por los bolivarianos de entonces: Venezuela, Argentina y Brasil. No necesariamente para mal, pero en todo caso a eso se debi\u00f3 el nacimiento del ALBA, la Alianza Bolivariana para los Pueblos de Nuestra Am\u00e9rica.<\/p>\n<p style=\"text-align: justify;\">Cualquier tipo de esquema de integraci\u00f3n econ\u00f3mica de todo el hemisferio implica m\u00e1s o menos lo que implicaba el ALCA: libre comercio de bienes y servicios entre los pa\u00edses, lucha por una plena integraci\u00f3n energ\u00e9tica y migratoria y libre circulaci\u00f3n del capital. Quiz\u00e1s podr\u00eda incluir un arancel externo com\u00fan. No existe absolutamente ninguna posibilidad de que esto suceda hoy; probablemente esa posibilidad tampoco exist\u00eda hace 20 a\u00f1os.<\/p>\n<p style=\"text-align: justify;\">Lo que uno debe preguntarse es por qu\u00e9 se le ocurren estas locuras al presidente L\u00f3pez Obrador. Son inocentadas, bajadas en su ignorancia y su incapacidad de an\u00e1lisis conceptual. De eso no hay duda. Lo que s\u00ed queda en suspenso es entender por qu\u00e9 nadie en el gabinete o en Palacio Nacional es capaz de explicarle que nada de esto puede funcionar.<\/p>\n<p style=\"text-align: justify;\">No hay manera de construir una OEA alternativa, ni de reformarla, mientras no haya por lo menos una veintena de votos en la OEA que busquen ese mismo objetivo. Hoy, justamente porque Am\u00e9rica Latina se encuentra profundamente dividida, no existen esos votos. Lo mismo con destituir a Almagro: le gan\u00f3 una elecci\u00f3n a los mexicanos y a los argentinos, a trav\u00e9s de la candidata ecuatoriana, y ni piensa irse ni Estados Unidos contempla defenestrarlo. La \u00fanica explicaci\u00f3n que hallo de porqu\u00e9 nadie le dice nada, es que la sumisi\u00f3n extrema de todos los que lo rodean es tal que simplemente no se atreven a decirle.<\/p>\n<p style=\"text-align: justify;\">\u00bfImporta todo esto? Muy poco. Se enojan los congresistas y senadores republicanos y cubano-americanos de Estados Unidos, pero Biden aguanta vara. La comentocracia mexicana se indigna, pero sin gran \u00e9nfasis ni pasi\u00f3n. El empresariado nacional es indiferente a todas estas faramallas, en buena medida con raz\u00f3n. Y la sociedad mexicana es completamente indiferente a todo esto. No tiene nada de grave.<\/p>\n<p style=\"text-align: justify;\">La apuesta de mediano plazo de los extremistas dentro de Morena, Canciller\u00eda y Palacio, es otra. Conf\u00edan en que, junto con Pedro Castillo, el reci\u00e9n electo presidente con sombrero de Per\u00fa, ganar\u00e1n los comicios en sus respectivos pa\u00edses en los meses y a\u00f1os por venir: Petro en Colombia, Boris en Chile, y Lula en Brasil. As\u00ed, se volver\u00e1 a configurar la marea rosa de principios de siglo, en los mismos pa\u00edses a los cuales se sumar\u00edan en esta ocasi\u00f3n Colombia y Per\u00fa.<\/p>\n<p style=\"text-align: justify;\">No es imposible que esto suceda. Pero en primer lugar falta mucho tiempo. Y en segundo t\u00e9rmino, de aqu\u00ed a que las respectivas elecciones sucedan, o a que se produzca la coincidencia en el poder de todos ellos, pueden suceder muchas cosas. Entre otras, por ejemplo, que el presidente con sombrero sobreviva poco tiempo en Per\u00fa, ya que en todo caso no ser\u00e1 su oratoria la que le permitir\u00e1 superar los enormes obst\u00e1culos que enfrenta.<\/p>\n<p style=\"text-align: justify;\">\u00a0<\/p>\n","protected":false},"excerpt":{"rendered":"<p>No tiene mucho sentido repetir lo que muchos han dicho. La \u201ccumbre\u201d de la CELAC fue un fracaso rotundo por la falta de convocatoria, por la incapacidad de los pa\u00edses bolivarianos como M\u00e9xico, Venezuela, Nicaragua, Bolivia, y en menor medida Argentina, de siquiera formular una propuesta disque de alternativa a la OEA, o de remover [&hellip;]<\/p>\n","protected":false},"author":6,"featured_media":27733,"comment_status":"open","ping_status":"open","sticky":false,"template":"","format":"standard","meta":{"_acf_changed":false,"_monsterinsights_skip_tracking":false,"slim_seo":{"title":"El fracaso de la CELAC - Opini\u00f3n P\u00fablica","description":"No tiene mucho sentido repetir lo que muchos han dicho. La \u201ccumbre\u201d de la CELAC fue un fracaso rotundo por la falta de convocatoria, por la incapacidad de los p"},"footnotes":""},"categories":[18],"tags":[],"class_list":["post-27734","post","type-post","status-publish","format-standard","has-post-thumbnail","hentry","category-castaneda-opina"],"acf":[],"_links":{"self":[{"href":"https:\/\/www.opinionpublica.tv\/portada\/wp-json\/wp\/v2\/posts\/27734","targetHints":{"allow":["GET"]}}],"collection":[{"href":"https:\/\/www.opinionpublica.tv\/portada\/wp-json\/wp\/v2\/posts"}],"about":[{"href":"https:\/\/www.opinionpublica.tv\/portada\/wp-json\/wp\/v2\/types\/post"}],"author":[{"embeddable":true,"href":"https:\/\/www.opinionpublica.tv\/portada\/wp-json\/wp\/v2\/users\/6"}],"replies":[{"embeddable":true,"href":"https:\/\/www.opinionpublica.tv\/portada\/wp-json\/wp\/v2\/comments?post=27734"}],"version-history":[{"count":0,"href":"https:\/\/www.opinionpublica.tv\/portada\/wp-json\/wp\/v2\/posts\/27734\/revisions"}],"wp:featuredmedia":[{"embeddable":true,"href":"https:\/\/www.opinionpublica.tv\/portada\/wp-json\/wp\/v2\/media\/27733"}],"wp:attachment":[{"href":"https:\/\/www.opinionpublica.tv\/portada\/wp-json\/wp\/v2\/media?parent=27734"}],"wp:term":[{"taxonomy":"category","embeddable":true,"href":"https:\/\/www.opinionpublica.tv\/portada\/wp-json\/wp\/v2\/categories?post=27734"},{"taxonomy":"post_tag","embeddable":true,"href":"https:\/\/www.opinionpublica.tv\/portada\/wp-json\/wp\/v2\/tags?post=27734"}],"curies":[{"name":"wp","href":"https:\/\/api.w.org\/{rel}","templated":true}]}}