{"id":2763,"date":"2016-08-21T06:00:00","date_gmt":"2016-08-21T04:00:00","guid":{"rendered":"https:\/\/www.opinionpublica.tv\/portada\/2016\/08\/21\/relanzamiento-de-la-reforma-educativa\/"},"modified":"2016-08-21T06:00:00","modified_gmt":"2016-08-21T04:00:00","slug":"relanzamiento-de-la-reforma-educativa","status":"publish","type":"post","link":"https:\/\/www.opinionpublica.tv\/portada\/relanzamiento-de-la-reforma-educativa\/","title":{"rendered":"\u00bfRelanzamiento de la Reforma Educativa\u2026?"},"content":{"rendered":"<p style=\"text-align: justify;\">Sin duda que la Coordinadora Nacional de Trabajadores de la Educaci\u00f3n (CNTE) avanza a pasos acelerados en su proyecto de intervenir de manera radical en la conducci\u00f3n pol\u00edtica del pa\u00eds. El movimiento llamado RESISSSTE, proclama su agenda estatal en Chihuahua, que cumplir\u00eda los siguientes objetivos, entre otros: \u201c\u2026realizar eventos de car\u00e1cter acad\u00e9mico, en espec\u00edfico un evento contundente antes de octubre con relevancia estatal. Tema de An\u00e1lisis: Modelo educativo 2016\u2026\u201d<\/p>\n<p><!--more--><\/p>\n<p style=\"text-align: justify;\">En voz del analista pol\u00edtico, cercano a las lides magisteriales, \u201c\u2026vivimos una circunstancia radicalizada entre el movimiento de la CNTE, que incluye al llamado movimiento disidente magisterial, junto con todas las dem\u00e1s organizaciones o grupos de muy variada \u00edndole, respecto a la organizaci\u00f3n empresarial que a trav\u00e9s del Consejo Coordinador Empresarial (CCE) pugna desde la l\u00f3gica legal para obligar al gobierno federal a respetar lo fundamental del Estado de Derecho: la preeminencia de la Ley\u2026\u201d<\/p>\n<p style=\"text-align: justify;\">\u201c\u2026El gobierno de Enrique Pe\u00f1a Nieto sufre un desgaste brutal, su comunicaci\u00f3n es realmente p\u00e9sima en cuanto a pol\u00edtica estrat\u00e9gica, por el contrario, la CNTE le gana el terreno y luce con triunfalismo los logros arrancados a la SEP y a la SEGOB, Nu\u00f1o y Osorio Chong se convierten aceleradamente en los pati\u00f1os del movimiento opositor y antisist\u00e9mico, AMLO ya le exigi\u00f3 a Pe\u00f1a que se vaya preparando para entregarle pac\u00edficamente el gobierno en el 2018\u2026\u201d<\/p>\n<p style=\"text-align: justify;\">\u201c\u2026Por lo pronto el pr\u00f3ximo lunes 22 de agosto con certeza se ver\u00e1 un accidentado y provocador regreso a clases, alrededor de 26 millones de ni\u00f1os y j\u00f3venes volver\u00e1n a unas aulas enrarecidas, tensas, especialmente en estados emblem\u00e1ticos de la CNTE como lo son Oaxaca, Michoac\u00e1n, Guerrero, Chiapas y la misma CDMX, en los cuales se empezar\u00e1 a vivir la avanzada electorera de L\u00f3pez Obrador de manera manifiesta, enarbolando la rentable causa de la llevada, tra\u00edda y vapuleada Reforma Educativa\u2026\u201d<\/p>\n<p style=\"text-align: justify;\">\u201c\u2026 \u00bfQu\u00e9 hay de aut\u00e9ntico en la protesta en torno a la mencionada reforma? Sin duda que los elementos de la adecuaci\u00f3n instrumental de la evaluaci\u00f3n, as\u00ed como la consiguiente regionalizaci\u00f3n de contenidos y m\u00e9todos, la indispensable formaci\u00f3n y capacitaci\u00f3n de docentes, la dignificaci\u00f3n de la educaci\u00f3n normal y de las instituciones formadoras de docentes, incluyendo por supuesto la poco definida UPN, son rubros a intervenir para relanzar la susodicha y trascendente reforma, sujeta a presiones leg\u00edtimas en lo relativo al modelo educativo, pero tambi\u00e9n ileg\u00edtimas ancladas en apetitos pol\u00edticos y electoreros\u2026\u201d<\/p>\n<p style=\"text-align: justify;\">\u201c\u2026Dos monstruos se ciernen en el recargado \u00e1nimo proveniente de la disputa por la Reforma Educativa, el de la ingobernabilidad riesgosa por un lado, as\u00ed como el del activismo populista por el otro, ambos con desembocadura en la batalla electoral del 2018\u2026\u201d<\/p>\n<p style=\"text-align: justify;\">\u201c\u2026El horno no est\u00e1 para bollos, despu\u00e9s de la noche triste de Pe\u00f1a Nieto en Nochixtl\u00e1n, las provocaciones ser\u00e1n devastadoras, la represi\u00f3n se confundir\u00e1 abierta y dolosamente con la necesidad de respeto a la ley, los oportunismos populistas estar\u00e1n a la orden del d\u00eda, as\u00ed como el recurso a la tentaci\u00f3n autoritaria\u2026\u201d<\/p>\n<p style=\"text-align: justify;\">\u201c\u2026Ser\u00e1 magn\u00edfico que la CNTE en Chihuahua se posicione de manera contundente con un buen acto referido a la dimensi\u00f3n propiamente educativa y pedag\u00f3gica de la reforma, que sin olvidar la legitimidad del plano laboral implicado, sustente con clara visibilidad social la perspectiva educativa e incluso el n\u00facleo acad\u00e9mico que apenas esbozan en su presunta propuesta alternativa\u2026\u201d<\/p>\n<p style=\"text-align: justify;\">\u201c\u2026Las secciones sindicales del SNTE, 8 y 42, requerir\u00e1n de promover eventos, foros, gestiones oficiales y posicionamientos p\u00fablicos, con el prop\u00f3sito insalvable de no ser rebasadas por el activismo que se les viene encim\u2026 veremos qu\u00e9 ocurre al inicio del seguramente complicado pr\u00f3ximo ciclo escolar, con la postura y defensa de la educaci\u00f3n p\u00fablica por parte del SNTE \u2013no de la CNTE-, que seguramente deber\u00e1 jugar un papel no puramente decorativo o de convidado de piedra en los escarceos que sobrevendr\u00e1n\u2026\u201d<\/p>\n<p style=\"text-align: justify;\">\u201c\u2026Deseamos que movimientos importantes como el llamado RESISSTE en Chihuahua, no se reduzcan a brotes de enrarecimiento pol\u00edtico que desvirt\u00faen a\u00fan m\u00e1s el golpeteado consenso social de una Reforma absolutamente indispensable para el desarrollo de M\u00e9xico todo, bienvenido el relanzamiento de la reforma, a partir de un proceso serio y bienintencionado de an\u00e1lisis y aplicaci\u00f3n del Modelo educativo consecuente\u2026\u201d<\/p>\n<p style=\"text-align: justify;\">Veremos los l\u00edmites de la inteligencia.<\/p>\n","protected":false},"excerpt":{"rendered":"<p>Sin duda que la Coordinadora Nacional de Trabajadores de la Educaci\u00f3n (CNTE) avanza a pasos acelerados en su proyecto de intervenir de manera radical en la conducci\u00f3n pol\u00edtica del pa\u00eds. El movimiento llamado RESISSSTE, proclama su agenda estatal en Chihuahua, que cumplir\u00eda los siguientes objetivos, entre otros: \u201c\u2026realizar eventos de car\u00e1cter acad\u00e9mico, en espec\u00edfico un [&hellip;]<\/p>\n","protected":false},"author":5,"featured_media":0,"comment_status":"open","ping_status":"open","sticky":false,"template":"","format":"standard","meta":{"_acf_changed":false,"_monsterinsights_skip_tracking":false,"slim_seo":{"title":"\u00bfRelanzamiento de la Reforma Educativa\u2026? - Opini\u00f3n P\u00fablica","description":"Sin duda que la Coordinadora Nacional de Trabajadores de la Educaci\u00f3n (CNTE) avanza a pasos acelerados en su proyecto de intervenir de manera radical en la cond"},"footnotes":""},"categories":[29],"tags":[],"class_list":["post-2763","post","type-post","status-publish","format-standard","hentry","category-voces-libres"],"acf":[],"_links":{"self":[{"href":"https:\/\/www.opinionpublica.tv\/portada\/wp-json\/wp\/v2\/posts\/2763","targetHints":{"allow":["GET"]}}],"collection":[{"href":"https:\/\/www.opinionpublica.tv\/portada\/wp-json\/wp\/v2\/posts"}],"about":[{"href":"https:\/\/www.opinionpublica.tv\/portada\/wp-json\/wp\/v2\/types\/post"}],"author":[{"embeddable":true,"href":"https:\/\/www.opinionpublica.tv\/portada\/wp-json\/wp\/v2\/users\/5"}],"replies":[{"embeddable":true,"href":"https:\/\/www.opinionpublica.tv\/portada\/wp-json\/wp\/v2\/comments?post=2763"}],"version-history":[{"count":0,"href":"https:\/\/www.opinionpublica.tv\/portada\/wp-json\/wp\/v2\/posts\/2763\/revisions"}],"wp:attachment":[{"href":"https:\/\/www.opinionpublica.tv\/portada\/wp-json\/wp\/v2\/media?parent=2763"}],"wp:term":[{"taxonomy":"category","embeddable":true,"href":"https:\/\/www.opinionpublica.tv\/portada\/wp-json\/wp\/v2\/categories?post=2763"},{"taxonomy":"post_tag","embeddable":true,"href":"https:\/\/www.opinionpublica.tv\/portada\/wp-json\/wp\/v2\/tags?post=2763"}],"curies":[{"name":"wp","href":"https:\/\/api.w.org\/{rel}","templated":true}]}}